{"id":291152,"date":"2022-03-23T01:00:42","date_gmt":"2022-03-23T01:00:42","guid":{"rendered":"https:\/\/dimensionturistica.com\/es\/?p=291152"},"modified":"2022-03-23T01:00:43","modified_gmt":"2022-03-23T01:00:43","slug":"familias-en-accion-todo-sobre-la-ampliacion-de-fechas-de-pago-de-los-incentivos-desde-el-23-de-marzo-colombia-movii-prosperidad-social-tdex-revtli-respuestas","status":"publish","type":"post","link":"https:\/\/dimensionturistica.com\/es\/familias-en-accion-todo-sobre-la-ampliacion-de-fechas-de-pago-de-los-incentivos-desde-el-23-de-marzo-colombia-movii-prosperidad-social-tdex-revtli-respuestas\/","title":{"rendered":"Familias en Acci\u00f3n: todo sobre la ampliaci\u00f3n de fechas de pago de los incentivos desde el 23 de marzo Colombia Movii Prosperidad social tdex revtli | RESPUESTAS"},"content":{"rendered":"<p> <br \/>\n<\/p>\n<div>\n<div class=\"story-contents__author flex \">\n<div class=\"story-contents__author-info flex\">\n<div><img src=\"https:\/\/elcomercio.pe\/resizer\/kLgcE1ljj5ITKlqbPPw1vJcDKl0=\/57x57\/smart\/filters:format(jpeg):quality(75)\/s3.amazonaws.com\/arc-authors\/elcomercio\/5f71beb8-bb6d-4743-9ed2-fc9ea6159daa.jpg\" alt=\"Redacci\u00f3n EC\" decoding=\"auto\" class=\" story-contents__author-image\" itemprop=\"image\" title=\"Redacci\u00f3n EC\"\/><\/div>\n<\/div>\n<\/div>\n<p><time class=\"story-contents__time\" datetime=\"2022-03-22T19:17:51-05:00\">Lima,  22 de marzo de 2022<\/time><time datetime=\"2022-03-22T19:17:51-05:00\">Actualizado el 22\/03\/2022 07:17 p.m.<\/time><\/p>\n<\/div>\n<div id=\"contenedor\">\n<section>\n<p itemprop=\"description\" class=\"story-contents__font-paragraph \"><b>El pasado jueves, la instituci\u00f3n <\/b><a rel=\"nofollow noopener\" target=\"_blank\" itemprop=\"url\" href=\"https:\/\/elcomercio.pe\/noticias\/prosperidad-social\/\"><b>Prosperidad Social<\/b><\/a><b> anunci\u00f3 que las fechas de pago para el subsidio <\/b><a rel=\"nofollow noopener\" target=\"_blank\" itemprop=\"url\" href=\"https:\/\/elcomercio.pe\/noticias\/familias-en-accion\/\"><b>Familias en Acci\u00f3n<\/b><\/a><b> fueron ampliadas mientras se est\u00e1n realizando los ajustes necesarios de las operadoras Movii y SuperGiros. <\/b><\/p>\n<blockquote class=\"story-contents__blockquote\"><p><b>CONSULTA: <\/b><a rel=\"nofollow noopener\" target=\"_blank\" href=\"https:\/\/elcomercio.pe\/respuestas\/consultar-familias-en-accion-hoy-como-y-donde-cobrar-este-23-de-marzo-inscripciones-focalizadas-via-movii-y-supergiros-cucuta-tdex-revtli-noticia\/\"><i><b>Familias en Acci\u00f3n 2022: sepa c\u00f3mo y d\u00f3nde cobran los beneficiarios desde este 23 de marzo<\/b><\/i><\/a><\/p><\/blockquote>\n<p itemprop=\"description\" class=\"story-contents__font-paragraph \">\u201c<i>Estamos trabajando para solucionar todos los inconvenientes. Con esta ampliaci\u00f3n de la fecha garantizamos que todos los hogares tengan el tiempo suficiente para realizar los cobros<\/i>\u201d, dijo Susana Correa Borrero, directora de la entidad.<\/p>\n<h2 class=\"\"><b>Familias en Acci\u00f3n: \u00bfcu\u00e1l es la nueva fecha de pago? <\/b><\/h2>\n<p itemprop=\"description\" class=\"story-contents__font-paragraph \">El nuevo ciclo de pagos <b>iniciar\u00e1 el 23 de marzo e ir\u00e1 hasta el 10 de abril. <\/b>Esto se ha reprogramado en 207 municipios atendidos por el operador Movii. \u201cAunque sabemos que la reprogramaci\u00f3n genera algunos inconvenientes que lamentamos, agradecemos la disposici\u00f3n y comprensi\u00f3n para acercarse a reclamar su incentivo en estas nuevas fechas\u201d, expres\u00f3 Correa.<\/p>\n<p itemprop=\"description\" class=\"story-contents__font-paragraph \">Como se sabe, los recursos de este primer ciclo de <b>Familias en Acci\u00f3n 2022 est\u00e1n destinados a m\u00e1s de 2 millones de hogares<\/b> en todo el pa\u00eds. La inversi\u00f3n para este giro es de un complete de 317.350 millones de pesos, mientras que SuperGiros y Movii son los encargados de hacer la entrega. <\/p>\n<blockquote class=\"story-contents__blockquote\"><p><b>LEE TAMBI\u00c9N: <\/b><a rel=\"nofollow noopener\" target=\"_blank\" href=\"https:\/\/elcomercio.pe\/videos\/pais\/semana-santa-2022-conoce-los-mejores-destinos-para-hacer-turismo-y-viajar-en-familia-viajes-vacaciones-feriado-abril-nnav-vr-video-noticia\/\"><i><b>Semana Santa 2022: conoce los mejores destinos y viaja en familia<\/b><\/i><\/a><\/p><\/blockquote>\n<h2 class=\"\"><b>Familias en Acci\u00f3n: \u00bfC\u00f3mo saber si soy beneficiario? <\/b><\/h2>\n<ul class=\"story-contents__paragraph-list\">\n<li>P\u00e1gina internet oficial:\u00a0<a rel=\"nofollow noopener\" target=\"_blank\" itemprop=\"url\" href=\"https:\/\/prosperidadsocial.gov.co\/sgpp\/transferencias\/familias-en-accion\/\"><u><b>https:\/\/prosperidadsocial.gov.co\/sgpp\/transferencias\/familias-en-accion\/<\/b><\/u><\/a><\/li>\n<li>L\u00ednea Nacional de Prosperidad Social:\u00a0<b>018000951100<\/b>.<\/li>\n<li>P\u00e1gina de Fb en Bucaramanga: M\u00e1s Familias en Acci\u00f3n Bucaramanga.<\/li>\n<li>L\u00ednea telef\u00f3nica en Bucaramanga: 3102214992, de lunes a viernes, de 7:30 a.m. a 11:30 a.m. y de 1:30 p.m. a 4:30 p.m.<\/li>\n<li>Centro de Atenci\u00f3n Municipal Especializado \u2013 CAME, m\u00f3dulos 28 y 29. La direcci\u00f3n es carrera 11 #34 \u2013 52, primer piso (fase II) de la Alcald\u00eda de Bucaramanga. El horario de atenci\u00f3n es de lunes a viernes, de 7:30 a.m. a 4:00 p.m.<\/li>\n<\/ul>\n<h2 class=\"\"><mark class=\"hl_yellow\"><b>VIDEO RECOMENDADO<\/b><\/mark><\/h2>\n<h2 class=\"\"><mark class=\"hl_yellow\"><b>TE PUEDE INTERESAR<\/b><\/mark><\/h2>\n<\/section>\n<\/div>\n\n<p><em> &#8221; Fuentes elcomercio.pe &#8221; <\/em><\/p>\n","protected":false},"excerpt":{"rendered":"<p>Lima, 22 de marzo de 2022Actualizado el 22\/03\/2022 07:17 p.m. El pasado jueves, la instituci\u00f3n Prosperidad Social anunci\u00f3 que las fechas de pago para el subsidio Familias en Acci\u00f3n fueron ampliadas mientras se est\u00e1n realizando los ajustes necesarios de las operadoras Movii y SuperGiros. CONSULTA: Familias en Acci\u00f3n 2022: sepa c\u00f3mo y d\u00f3nde cobran los [&hellip;]<\/p>\n","protected":false},"author":4,"featured_media":291153,"comment_status":"open","ping_status":"closed","sticky":false,"template":"","format":"standard","meta":{"om_disable_all_campaigns":false,"jnews-multi-image_gallery":[],"jnews_single_post":[],"jnews_primary_category":[],"jnews_social_meta":[],"footnotes":""},"categories":[39],"tags":[771,42774],"class_list":["post-291152","post","type-post","status-publish","format-standard","has-post-thumbnail","hentry","category-viajes","tag-colombia","tag-familias-en-accion"],"_links":{"self":[{"href":"https:\/\/dimensionturistica.com\/es\/wp-json\/wp\/v2\/posts\/291152","targetHints":{"allow":["GET"]}}],"collection":[{"href":"https:\/\/dimensionturistica.com\/es\/wp-json\/wp\/v2\/posts"}],"about":[{"href":"https:\/\/dimensionturistica.com\/es\/wp-json\/wp\/v2\/types\/post"}],"author":[{"embeddable":true,"href":"https:\/\/dimensionturistica.com\/es\/wp-json\/wp\/v2\/users\/4"}],"replies":[{"embeddable":true,"href":"https:\/\/dimensionturistica.com\/es\/wp-json\/wp\/v2\/comments?post=291152"}],"version-history":[{"count":0,"href":"https:\/\/dimensionturistica.com\/es\/wp-json\/wp\/v2\/posts\/291152\/revisions"}],"wp:featuredmedia":[{"embeddable":true,"href":"https:\/\/dimensionturistica.com\/es\/wp-json\/wp\/v2\/media\/291153"}],"wp:attachment":[{"href":"https:\/\/dimensionturistica.com\/es\/wp-json\/wp\/v2\/media?parent=291152"}],"wp:term":[{"taxonomy":"category","embeddable":true,"href":"https:\/\/dimensionturistica.com\/es\/wp-json\/wp\/v2\/categories?post=291152"},{"taxonomy":"post_tag","embeddable":true,"href":"https:\/\/dimensionturistica.com\/es\/wp-json\/wp\/v2\/tags?post=291152"}],"curies":[{"name":"wp","href":"https:\/\/api.w.org\/{rel}","templated":true}]}}