{"id":290956,"date":"2022-03-22T20:46:42","date_gmt":"2022-03-22T20:46:42","guid":{"rendered":"https:\/\/dimensionturistica.com\/es\/?p=290956"},"modified":"2022-03-22T20:46:42","modified_gmt":"2022-03-22T20:46:42","slug":"al-buen-entendedor-la-tarea-del-ciudadano","status":"publish","type":"post","link":"https:\/\/dimensionturistica.com\/es\/al-buen-entendedor-la-tarea-del-ciudadano\/","title":{"rendered":"Al Buen Entendedor&#8230; La tarea del Ciudadano\u2026"},"content":{"rendered":"<p><strong>Por: Sergio E. Gonz\u00e1lez Rubiera<\/strong><\/p>\n<p>El otro d\u00eda fui invitado como ponente a un Foro sobre Turismo y medio ambiente; si bien era un<img decoding=\"async\" class=\" wp-image-290982 alignleft\" src=\"https:\/\/dimensionturistica.com\/es\/wp-content\/uploads\/2022\/03\/unnamed-20-280x300.jpg\" alt=\"\" width=\"203\" height=\"218\" srcset=\"https:\/\/dimensionturistica.com\/es\/wp-content\/uploads\/2022\/03\/unnamed-20-280x300.jpg 280w, https:\/\/dimensionturistica.com\/es\/wp-content\/uploads\/2022\/03\/unnamed-20-768x823.jpg 768w, https:\/\/dimensionturistica.com\/es\/wp-content\/uploads\/2022\/03\/unnamed-20-750x804.jpg 750w, https:\/\/dimensionturistica.com\/es\/wp-content\/uploads\/2022\/03\/unnamed-20.jpg 819w\" sizes=\"(max-width: 203px) 100vw, 203px\" \/> acto con tintes de pre campa\u00f1a, asist\u00ed con gusto primero porque el tema me interesaba sobremanera, y segundo porque me anticiparon que podr\u00eda explayarme con libertad y manifestar mis opiniones, aunque estas fueran cr\u00edticas acerca de situaciones prevalecientes o gobernantes en turno.<br \/>\nEn tales condiciones, me prepar\u00e9 y asist\u00ed puntualmente a la cita en una universidad de Canc\u00fan.<br \/>\nMe antecedi\u00f3 un experto en sustentabilidad y en el dise\u00f1o de estrategias y pol\u00edticas p\u00fablicas, para la procuraci\u00f3n y construcci\u00f3n<img decoding=\"async\" class=\"size-medium wp-image-290978 alignright\" src=\"https:\/\/dimensionturistica.com\/es\/wp-content\/uploads\/2022\/03\/post-foro2017-300x200.jpg\" alt=\"\" width=\"300\" height=\"200\" srcset=\"https:\/\/dimensionturistica.com\/es\/wp-content\/uploads\/2022\/03\/post-foro2017-300x200.jpg 300w, https:\/\/dimensionturistica.com\/es\/wp-content\/uploads\/2022\/03\/post-foro2017-768x511.jpg 768w, https:\/\/dimensionturistica.com\/es\/wp-content\/uploads\/2022\/03\/post-foro2017-750x499.jpg 750w, https:\/\/dimensionturistica.com\/es\/wp-content\/uploads\/2022\/03\/post-foro2017.jpg 1024w\" sizes=\"(max-width: 300px) 100vw, 300px\" \/> de un entorno que privilegie al medio ambiente y al desarrollo ordenado de nuestras ciudades. Coincidimos.<br \/>\nLuego de mi perorata que vers\u00f3 sobre el desarrollo ordenado y sustentable para Quintana Roo y nuestros destinos tur\u00edsticos, vino el consabido debate o sesi\u00f3n de preguntas y respuestas conducido por un letrado moderador.<br \/>\nEn esa interesante etapa del foro, intervino un ciudadano del sur de nuestro estado, quien elocuente y enjundioso, luego de agradecer mi conferencia y los aportes que \u00e9l encontrara en ella, me pregunt\u00f3 directo, \u00bf\u201cY ahora, que nos toca a nosotros los ciudadanos, que podemos nosotros hacer para contribuir a efecto de lograr los objetivos? \u00bfcu\u00e1l su recomendaci\u00f3n?, me dijo\u2026<br \/>\n<img decoding=\"async\" class=\"size-medium wp-image-291012 alignleft\" src=\"https:\/\/dimensionturistica.com\/es\/wp-content\/uploads\/2022\/03\/SOYOU-300x200.jpg\" alt=\"\" width=\"300\" height=\"200\" srcset=\"https:\/\/dimensionturistica.com\/es\/wp-content\/uploads\/2022\/03\/SOYOU-300x200.jpg 300w, https:\/\/dimensionturistica.com\/es\/wp-content\/uploads\/2022\/03\/SOYOU.jpg 400w\" sizes=\"(max-width: 300px) 100vw, 300px\" \/>Mi respuesta, se centr\u00f3 en algo en lo que creo firmemente. Le dije al hombre sencillo, nativo de sur de Quintana Roo, lo que creo; \u201ctu tarea es la de todos los ciudadanos, est\u00e1 dividida en tres partes, p\u00f3rtate bien, participa y exige\u201d \u2026<br \/>\nExplico a continuaci\u00f3n mi respuesta.<br \/>\nPrimero, \u201cp\u00f3rtate bien\u201d, para mi significa y as\u00ed se lo expliqu\u00e9 a mi paisano, ser un buen ciudadano y un buen hombre que eduque bien a sus hijos, sobretodo con un buen ejemplo, que cumpla con las leyes, que pague sus impuestos, y que sea un buen ejemplo para su comunidad.<br \/>\nSegundo, \u201cparticipa\u201d, significa, seg\u00fan yo, ejerce como ciudadano; asiste a foros -como este, le dije- invol\u00facrate en las causas ciudadanas, en aquellas que contribuyen a mejorar nuestra calidad de<img decoding=\"async\" class=\"size-medium wp-image-291014 alignright\" src=\"https:\/\/dimensionturistica.com\/es\/wp-content\/uploads\/2022\/03\/SERGIO4-300x189.jpg\" alt=\"\" width=\"300\" height=\"189\" srcset=\"https:\/\/dimensionturistica.com\/es\/wp-content\/uploads\/2022\/03\/SERGIO4-300x189.jpg 300w, https:\/\/dimensionturistica.com\/es\/wp-content\/uploads\/2022\/03\/SERGIO4.jpg 400w\" sizes=\"(max-width: 300px) 100vw, 300px\" \/> vida, se un ciudadano comprometido y no te quejes solo en las redes sociales, acude a las reuniones, a los foros y ve a ellos con propuesta. Participaci\u00f3n ciudadana es algo de lo que m\u00e1s necesitamos en nuestra sociedad.<br \/>\nY tercero, \u201cexige\u201d, eso significa, no quedarse callado, ante las injusticias y tampoco ante las omisiones. Gobiernos, autoridades y funcionarios, no solo fallan en lo que hacen, sino en lo que dejan de hacer, y no reclamarlo, nos hace c\u00f3mplices. Por eso, parte de nuestro deber, a mi saber y entender, es exigir.<br \/>\nEso le dije al paisano del sur de Quintana Roo, y si me permiten mis ocho lectores, les exhorto a reflexionar en la necesidad de hacer lo mismo, Portarse bien, Participar y Exigir\u2026<br \/>\nAl Buen Entendedor\u2026<br \/>\nsgrubiera@acticonsultores.com<\/p>\n","protected":false},"excerpt":{"rendered":"<p>Por: Sergio E. Gonz\u00e1lez Rubiera El otro d\u00eda fui invitado como ponente a un Foro sobre Turismo y medio ambiente; si bien era un acto con tintes de pre campa\u00f1a, asist\u00ed con gusto primero porque el tema me interesaba sobremanera, y segundo porque me anticiparon que podr\u00eda explayarme con libertad y manifestar mis opiniones, aunque [&hellip;]<\/p>\n","protected":false},"author":1,"featured_media":291013,"comment_status":"open","ping_status":"closed","sticky":false,"template":"","format":"standard","meta":{"om_disable_all_campaigns":false,"jnews-multi-image_gallery":[],"jnews_single_post":{"source_name":"","source_url":"","via_name":"","via_url":"","override_template":"0","override":[{"template":"1","single_blog_custom":"","parallax":"1","fullscreen":"1","layout":"right-sidebar","sidebar":"default-sidebar","second_sidebar":"default-sidebar","sticky_sidebar":"1","share_position":"top","share_float_style":"share-monocrhome","show_share_counter":"1","show_view_counter":"1","show_featured":"1","show_post_meta":"1","show_post_author":"1","show_post_author_image":"1","show_post_date":"1","post_date_format":"default","post_date_format_custom":"Y\/m\/d","show_post_category":"1","show_post_reading_time":"0","post_reading_time_wpm":"300","show_zoom_button":"0","zoom_button_out_step":"2","zoom_button_in_step":"3","show_post_tag":"1","show_prev_next_post":"1","show_popup_post":"1","number_popup_post":"1","show_author_box":"0","show_post_related":"0","show_inline_post_related":"0"}],"override_image_size":"0","image_override":[{"single_post_thumbnail_size":"crop-500","single_post_gallery_size":"crop-500"}],"trending_post":"0","trending_post_position":"meta","trending_post_label":"Trending","sponsored_post":"0","sponsored_post_label":"Sponsored by","sponsored_post_name":"","sponsored_post_url":"","sponsored_post_logo_enable":"0","sponsored_post_logo":"","sponsored_post_desc":"","disable_ad":"0"},"jnews_primary_category":{"id":""},"jnews_social_meta":{"fb_title":"","fb_description":"","fb_image":"","twitter_title":"","twitter_description":"","twitter_image":""},"footnotes":""},"categories":[39],"tags":[],"class_list":["post-290956","post","type-post","status-publish","format-standard","has-post-thumbnail","hentry","category-viajes"],"_links":{"self":[{"href":"https:\/\/dimensionturistica.com\/es\/wp-json\/wp\/v2\/posts\/290956","targetHints":{"allow":["GET"]}}],"collection":[{"href":"https:\/\/dimensionturistica.com\/es\/wp-json\/wp\/v2\/posts"}],"about":[{"href":"https:\/\/dimensionturistica.com\/es\/wp-json\/wp\/v2\/types\/post"}],"author":[{"embeddable":true,"href":"https:\/\/dimensionturistica.com\/es\/wp-json\/wp\/v2\/users\/1"}],"replies":[{"embeddable":true,"href":"https:\/\/dimensionturistica.com\/es\/wp-json\/wp\/v2\/comments?post=290956"}],"version-history":[{"count":0,"href":"https:\/\/dimensionturistica.com\/es\/wp-json\/wp\/v2\/posts\/290956\/revisions"}],"wp:featuredmedia":[{"embeddable":true,"href":"https:\/\/dimensionturistica.com\/es\/wp-json\/wp\/v2\/media\/291013"}],"wp:attachment":[{"href":"https:\/\/dimensionturistica.com\/es\/wp-json\/wp\/v2\/media?parent=290956"}],"wp:term":[{"taxonomy":"category","embeddable":true,"href":"https:\/\/dimensionturistica.com\/es\/wp-json\/wp\/v2\/categories?post=290956"},{"taxonomy":"post_tag","embeddable":true,"href":"https:\/\/dimensionturistica.com\/es\/wp-json\/wp\/v2\/tags?post=290956"}],"curies":[{"name":"wp","href":"https:\/\/api.w.org\/{rel}","templated":true}]}}