{"id":290847,"date":"2022-03-22T14:07:50","date_gmt":"2022-03-22T14:07:50","guid":{"rendered":"https:\/\/dimensionturistica.com\/es\/?p=290847"},"modified":"2022-03-22T14:07:51","modified_gmt":"2022-03-22T14:07:51","slug":"la-lista-de-los-mejores-destinos-de-europa-en-primavera-y-uno-es-espanol","status":"publish","type":"post","link":"https:\/\/dimensionturistica.com\/es\/la-lista-de-los-mejores-destinos-de-europa-en-primavera-y-uno-es-espanol\/","title":{"rendered":"La lista de Los Mejores Destinos de Europa en Primavera (y uno es espa\u00f1ol)"},"content":{"rendered":"<p> <br \/>\n<\/p>\n<div id=\"articlebody\">\n<p>El invierno, definitivamente, ya se ha ido. Y con su ida cada vez queda menos para disfrutar del buen tiempo, de los d\u00edas soleados y de los \u00e1rboles en flor, uno de los espect\u00e1culos m\u00e1s bellos que nos regala esta estaci\u00f3n.<\/p>\n<p>Un momento perfecto para descubrir Europa a trav\u00e9s de varios <strong>destinos que se engalanan con la belleza de una estaci\u00f3n que nos ofrece temperaturas moderadas<\/strong> y, si tenemos buena suerte, d\u00edas soleados.<\/p>\n<p>Nosotros hemos recurrido a <em>European Greatest Locations<\/em>, una prestigiosa organizaci\u00f3n, para conocer cu\u00e1les son los destinos perfectos para descubrir en primavera. <strong>Y estos destinos, con uno de Espa\u00f1a incluido, son\u2026<\/strong><\/p>\n<h2><strong>1. Stavanger, Noruega<\/strong><\/h2>\n<p>Famoso entre los amantes del senderismo y los amantes de los paisajes m\u00e1s bellos de Europa. As\u00ed es Stravanger, <strong>un agradable lugar para la primavera que nos regala preciosas postales de \u00e1rboles en flor <\/strong>acompa\u00f1adas del reflejo que hace el sol en sus casas.<\/p>\n<p><img decoding=\"async\" src=\"https:\/\/img1.viajar.elperiodico.com\/cf\/46\/66\/stavanger-noruega-primavera-650x436.jpg\" alt=\"\"\/><\/p>\n<p>Tambi\u00e9n es un destino perfecto para los aventureros, as\u00ed que ponte tus zapatos de trekking y sal a descubrir Kjerag: catalogado como uno de los mejores lugares de Europa para practicar este deporte. Aunque tambi\u00e9n puedes ir a<strong> Jaeren, un lugar verdaderamente id\u00edlico para la observaci\u00f3n de la fauna y la flora.<\/strong><\/p>\n<h2><strong>2. Dubl\u00edn, Irlanda<\/strong><\/h2>\n<p>La capital de Irlanda cobra a\u00fan m\u00e1s vida en los d\u00edas soleados de primavera con numerosos festivales de m\u00fasica que son capaces de despertar nuestro esp\u00edritu m\u00e1s veraniego.<\/p>\n<p><img decoding=\"async\" src=\"https:\/\/img3.viajar.elperiodico.com\/11\/09\/e8\/dublin-irlanda-primavera-650x368.jpg\" alt=\"\"\/><\/p>\n<p>Nosotros te recomendamos que vayas en junio, concretamente al pageant de jardines m\u00e1s grande del pa\u00eds: <strong>Bloom within the Park en Phoenix Park<\/strong>; considerado como uno de los parques urbanos mas bonitos de toda Europa.<\/p>\n<h2><strong>3. San Sebasti\u00e1n, Espa\u00f1a<\/strong><\/h2>\n<p>Un destino de ensue\u00f1o, un lugar \u00fanico en el mundo y una visita obligada en nuestro pa\u00eds. Y es que esta regi\u00f3n destaca por su <strong>fuerte identidad, sus tradiciones, su calidad de vida y su cercan\u00eda con la naturaleza.<\/strong><\/p>\n<p><img decoding=\"async\" src=\"https:\/\/img4.viajar.elperiodico.com\/6d\/1b\/a2\/san-sebastian-espana-primavera-650x432.jpg\" alt=\"\"\/><\/p>\n<p>Una ciudad que, adem\u00e1s de su belleza, est\u00e1 para com\u00e9rsela: aqu\u00ed encontramos <strong>modernidad, creatividad, poes\u00eda y fantas\u00eda <\/strong>en cada uno de sus platos, perfectos para deleitarte el paladar.<\/p>\n<h2><strong>4. Oporto, Portugal<\/strong><\/h2>\n<p>Una ciudad elegida tres veces como Mejor Destino Europeo. Y no nos extra\u00f1a\u2026 porque es una ciudad que vibra gracias a sus amables habitantes y por estar considerada como <strong>una de las ciudades m\u00e1s seguras del mundo.<\/strong><\/p>\n<p><img decoding=\"async\" src=\"https:\/\/img2.viajar.elperiodico.com\/1c\/7b\/3d\/oporto-portugal-primavera-650x424.jpg\" alt=\"\"\/><\/p>\n<h2><strong>5. Montreux, Suiza<\/strong><\/h2>\n<p>Conocida por su calidad de vida, su aire impoluto y sus impresionantes paisajes, <strong>Montreux es uno de esos lugares que nos morimos por visitar en primavera. <\/strong>Tal es as\u00ed que el mism\u00edsimo Freddy Mercury se qued\u00f3 aqu\u00ed al closing de su vida por la serenidad del lugar.<\/p>\n<p><img decoding=\"async\" src=\"https:\/\/img1.viajar.elperiodico.com\/90\/db\/db\/montreux-suiza-primavera-650x433.jpg\" alt=\"\"\/><\/p>\n<p>Pero este lugar es conocido por su famoso Pageant de Jazz que tiene lugar en julio, un aut\u00e9ntico espect\u00e1culo que merece la pena ver\u2026 y o\u00edr.<\/p>\n<h2><strong>6. Keukenhof-Lisse, Pa\u00edses Bajos<\/strong><\/h2>\n<p>No hay primavera que se precie si <strong>una visita al famoso parque floral\u00a0de Keukenhof<\/strong>, uno de los lugares m\u00e1s impresionantes del mundo cuando se acerca la primavera y donde poder admirar las floraciones m\u00e1s coloridas de Pa\u00edses Bajos.<\/p>\n<p><img decoding=\"async\" src=\"https:\/\/img3.viajar.elperiodico.com\/06\/72\/c9\/keunkenhof-primavera-650x433.jpg\" alt=\"\"\/><\/p>\n<h2><strong>7. Isla de Krk, Croacia<\/strong><\/h2>\n<p>Con sus 1185 islas, podemos decir que es uno de los pa\u00edses m\u00e1s bellos de toda Europa. Pero la isla de Krk es una de las m\u00e1s bellas: <strong>se extiende a trav\u00e9s de 38 kil\u00f3metros de largo y 20 de ancho<\/strong> conform\u00e1ndose como un aut\u00e9ntico para\u00edso en la tierra.<\/p>\n<p><img decoding=\"async\" src=\"https:\/\/img3.viajar.elperiodico.com\/4c\/ea\/90\/isla-krk-primavera-650x426.jpg\" alt=\"\"\/><\/p>\n<p>Aqu\u00ed podemos encontrar una gran variedad de paisajes en los que podemos nadar en las aguas azules de sus lagunas, caminar entre sus preciosos bosques, observar especies raras de aves o, simplemente, disfrutar de una buena comida.<\/p>\n<h2><strong>8. Zadar, Croacia<\/strong><\/h2>\n<p>Un destino de ensue\u00f1o para los amantes de la naturaleza, los paisajes deslumbrantes y las puestas de sol que dejan sin aliento. Y <strong>Zadar re\u00fane todas estas caracter\u00edsticas de una forma elegant.<\/strong><\/p>\n<p><img decoding=\"async\" src=\"https:\/\/img1.viajar.elperiodico.com\/fc\/0f\/70\/zadar-croacia-primavera-650x440.jpg\" alt=\"\"\/><\/p>\n<p>Adem\u00e1s, aqu\u00ed est\u00e1s a tiro de piedra del <strong>Parque Nacional de Plitvice<\/strong>, galardonado con el t\u00edtulo de <em><strong>Parque Nacional M\u00e1s Bello de Europa.<\/strong><\/em> Aunque Zadar es tambi\u00e9n el destino perfecto para empezar un roadtrip por toda Croacia, y m\u00e1s con las temperaturas suaves de la primavera.<\/p>\n<h2><strong>9. Atenas, Grecia<\/strong><\/h2>\n<p>Atenas es, sin duda, uno de esos destinos a los que tenemos que ir una vez de la vida. Si lo haces te acercar\u00e1s a una de las m\u00e1s grandes civilizaciones y descubrir\u00e1s la historia de fil\u00f3sofos que han marcado el mundo.<\/p>\n<p><img decoding=\"async\" src=\"https:\/\/img4.viajar.elperiodico.com\/a8\/42\/a7\/atenas-grecia-primavera-650x424.jpg\" alt=\"\"\/><\/p>\n<p>Pero <strong>Atenas destaca por su misticismo, su magia y por poseer alguno de los lugares hist\u00f3ricos m\u00e1s interesantes de todo el planeta.<\/strong><\/p>\n<h2><strong>10. Liubliana, Eslovenia<\/strong><\/h2>\n<p>La capital de Eslovenia es un sue\u00f1o para viajeros de todo el mundo. Y es que no solo es <strong>uno de los destinos m\u00e1s rom\u00e1nticos de Europa <\/strong>con sus barrios barrocos y sus edificios de artwork nouveau, tambi\u00e9n es uno de los mejores destinos para disfrutar en primavera.<\/p>\n<p><img decoding=\"async\" src=\"https:\/\/img3.viajar.elperiodico.com\/70\/38\/28\/liubliana-eslovenia-primavera-650x439.jpg\" alt=\"\"\/><\/p>\n<p>Y es que la primavera le otorga shade y calidez a una ciudad tradicional, hist\u00f3rica, moderna y creativa.<\/p>\n<\/p><\/div>\n<p><script src=\"https:\/\/connect.facebook.net\/es_ES\/sdk.js\"><\/script><br \/>\n<br \/><\/p>\n<p><em> &#8221; Fuentes viajar.elperiodico.com &#8221; <\/em><\/p>\n","protected":false},"excerpt":{"rendered":"<p>El invierno, definitivamente, ya se ha ido. Y con su ida cada vez queda menos para disfrutar del buen tiempo, de los d\u00edas soleados y de los \u00e1rboles en flor, uno de los espect\u00e1culos m\u00e1s bellos que nos regala esta estaci\u00f3n. Un momento perfecto para descubrir Europa a trav\u00e9s de varios destinos que se engalanan [&hellip;]<\/p>\n","protected":false},"author":4,"featured_media":290848,"comment_status":"open","ping_status":"closed","sticky":false,"template":"","format":"standard","meta":{"om_disable_all_campaigns":false,"jnews-multi-image_gallery":[],"jnews_single_post":[],"jnews_primary_category":[],"jnews_social_meta":[],"footnotes":""},"categories":[39],"tags":[1228,770,1653,42713,8301],"class_list":["post-290847","post","type-post","status-publish","format-standard","has-post-thumbnail","hentry","category-viajes","tag-destinos","tag-espana","tag-europa","tag-floracion","tag-primavera"],"_links":{"self":[{"href":"https:\/\/dimensionturistica.com\/es\/wp-json\/wp\/v2\/posts\/290847","targetHints":{"allow":["GET"]}}],"collection":[{"href":"https:\/\/dimensionturistica.com\/es\/wp-json\/wp\/v2\/posts"}],"about":[{"href":"https:\/\/dimensionturistica.com\/es\/wp-json\/wp\/v2\/types\/post"}],"author":[{"embeddable":true,"href":"https:\/\/dimensionturistica.com\/es\/wp-json\/wp\/v2\/users\/4"}],"replies":[{"embeddable":true,"href":"https:\/\/dimensionturistica.com\/es\/wp-json\/wp\/v2\/comments?post=290847"}],"version-history":[{"count":0,"href":"https:\/\/dimensionturistica.com\/es\/wp-json\/wp\/v2\/posts\/290847\/revisions"}],"wp:featuredmedia":[{"embeddable":true,"href":"https:\/\/dimensionturistica.com\/es\/wp-json\/wp\/v2\/media\/290848"}],"wp:attachment":[{"href":"https:\/\/dimensionturistica.com\/es\/wp-json\/wp\/v2\/media?parent=290847"}],"wp:term":[{"taxonomy":"category","embeddable":true,"href":"https:\/\/dimensionturistica.com\/es\/wp-json\/wp\/v2\/categories?post=290847"},{"taxonomy":"post_tag","embeddable":true,"href":"https:\/\/dimensionturistica.com\/es\/wp-json\/wp\/v2\/tags?post=290847"}],"curies":[{"name":"wp","href":"https:\/\/api.w.org\/{rel}","templated":true}]}}