{"id":290710,"date":"2022-03-22T05:24:59","date_gmt":"2022-03-22T05:24:59","guid":{"rendered":"https:\/\/dimensionturistica.com\/es\/?p=290710"},"modified":"2022-03-22T05:24:59","modified_gmt":"2022-03-22T05:24:59","slug":"turismo-anuncia-otro-vuelo-culiacan-cancun-a-partir-del-1-de-abril","status":"publish","type":"post","link":"https:\/\/dimensionturistica.com\/es\/turismo-anuncia-otro-vuelo-culiacan-cancun-a-partir-del-1-de-abril\/","title":{"rendered":"Turismo anuncia otro vuelo Culiac\u00e1n-Canc\u00fan a partir del 1 de abril"},"content":{"rendered":"<p> <br \/>\n<\/p>\n<div itemprop=\"text\">\n<div class=\"paragraph\" mlnid=\"idcon=1870176;order=7.0\">\n<p>Un nuevo vuelo de la aerol\u00ednea Volaris ruta Culiac\u00e1n-Canc\u00fan iniciar\u00e1 a partir del 1 de abril, inform\u00f3 Mar\u00eda del Rosario Torres Noriega, Secretaria de Turismo del Gobierno del Estado.<\/p>\n<p>La funcionaria estatal detall\u00f3 que se han estado buscando conexiones para Sinaloa en los \u00faltimos a\u00f1os, y que hoy est\u00e1n dando frutos con m\u00faltiples rutas que se han logrado materializar.<\/p>\n<p>La titular de la Secretar\u00eda de Turismo explic\u00f3 que ser\u00e1 el primer d\u00eda de abril cuando se inicie la ruta Culiac\u00e1n-Canc\u00fan, todo con tal de que las personas de ese lugar del Pa\u00eds tambi\u00e9n conozcan lo que Sinaloa puede ofrecer en materia tur\u00edstica.<\/p>\n<p>\u201cPr\u00f3ximamente habr\u00e1 un vuelo Culiac\u00e1n-Canc\u00fan, donde dir\u00e1n \u2018Canc\u00fan tambi\u00e9n es playa igual que nosotros\u2019, pero somos un estado, Sinaloa tiene much\u00edsima riqueza, y nosotros vamos a trabajar en Canc\u00fan haciendo viajes de familiarizaci\u00f3n, visitando algunas agencias de viaje, suboperadores, para que conozcan las riquezas que tenemos en Sinaloa\u201d, mencion\u00f3.<\/p>\n<p>Torres Noriega recalc\u00f3 que tambi\u00e9n se han cerrado vuelos para viajar de Le\u00f3n, Guanajuato, directamente, y se han consolidado vuelos a otros pa\u00edses, como Canad\u00e1.<\/p>\n<p>\u201cHay mayores vuelos, mayor conectividad tambi\u00e9n, hay que recordar que es muy importante la conectividad, es de lo m\u00e1s importante que estamos nosotros siempre atendiendo&#8230;acabamos de cerrar dos acuerdos para el tema de la conectividad, que ya est\u00e1n volando hacia Canad\u00e1&#8230;pero tambi\u00e9n en el caso por ejemplo de la ruta del Baj\u00edo, estamos a punto de cerrarla, ya est\u00e1 autorizada, a punto de cerrar esa negociaci\u00f3n, ya estar\u00e1n volando desde Le\u00f3n\u201d, dijo.<\/p>\n<\/p><\/div><\/div>\n\n<p><em> &#8221; Fuentes www.noroeste.com.mx &#8221; <\/em><\/p>\n","protected":false},"excerpt":{"rendered":"<p>Un nuevo vuelo de la aerol\u00ednea Volaris ruta Culiac\u00e1n-Canc\u00fan iniciar\u00e1 a partir del 1 de abril, inform\u00f3 Mar\u00eda del Rosario Torres Noriega, Secretaria de Turismo del Gobierno del Estado. La funcionaria estatal detall\u00f3 que se han estado buscando conexiones para Sinaloa en los \u00faltimos a\u00f1os, y que hoy est\u00e1n dando frutos con m\u00faltiples rutas que [&hellip;]<\/p>\n","protected":false},"author":4,"featured_media":290711,"comment_status":"open","ping_status":"closed","sticky":false,"template":"","format":"standard","meta":{"om_disable_all_campaigns":false,"jnews-multi-image_gallery":[],"jnews_single_post":[],"jnews_primary_category":[],"jnews_social_meta":[],"footnotes":""},"categories":[40],"tags":[18734],"class_list":["post-290710","post","type-post","status-publish","format-standard","has-post-thumbnail","hentry","category-industria","tag-antonio-olazabal"],"_links":{"self":[{"href":"https:\/\/dimensionturistica.com\/es\/wp-json\/wp\/v2\/posts\/290710","targetHints":{"allow":["GET"]}}],"collection":[{"href":"https:\/\/dimensionturistica.com\/es\/wp-json\/wp\/v2\/posts"}],"about":[{"href":"https:\/\/dimensionturistica.com\/es\/wp-json\/wp\/v2\/types\/post"}],"author":[{"embeddable":true,"href":"https:\/\/dimensionturistica.com\/es\/wp-json\/wp\/v2\/users\/4"}],"replies":[{"embeddable":true,"href":"https:\/\/dimensionturistica.com\/es\/wp-json\/wp\/v2\/comments?post=290710"}],"version-history":[{"count":0,"href":"https:\/\/dimensionturistica.com\/es\/wp-json\/wp\/v2\/posts\/290710\/revisions"}],"wp:featuredmedia":[{"embeddable":true,"href":"https:\/\/dimensionturistica.com\/es\/wp-json\/wp\/v2\/media\/290711"}],"wp:attachment":[{"href":"https:\/\/dimensionturistica.com\/es\/wp-json\/wp\/v2\/media?parent=290710"}],"wp:term":[{"taxonomy":"category","embeddable":true,"href":"https:\/\/dimensionturistica.com\/es\/wp-json\/wp\/v2\/categories?post=290710"},{"taxonomy":"post_tag","embeddable":true,"href":"https:\/\/dimensionturistica.com\/es\/wp-json\/wp\/v2\/tags?post=290710"}],"curies":[{"name":"wp","href":"https:\/\/api.w.org\/{rel}","templated":true}]}}