{"id":290583,"date":"2022-03-21T23:30:38","date_gmt":"2022-03-21T23:30:38","guid":{"rendered":"https:\/\/dimensionturistica.com\/es\/?p=290583"},"modified":"2022-03-21T23:30:38","modified_gmt":"2022-03-21T23:30:38","slug":"el-compromiso-de-corona-es-la-filosofia-de-limpiar-playas-y-oceanos-sin-importar-fronteras","status":"publish","type":"post","link":"https:\/\/dimensionturistica.com\/es\/el-compromiso-de-corona-es-la-filosofia-de-limpiar-playas-y-oceanos-sin-importar-fronteras\/","title":{"rendered":"El compromiso de Corona es la filosof\u00eda de limpiar playas y oc\u00e9anos, sin importar fronteras."},"content":{"rendered":"<p><img decoding=\"async\" class=\" wp-image-290594 alignright\" src=\"https:\/\/dimensionturistica.com\/es\/wp-content\/uploads\/2022\/03\/2019.06.28-Incivismo-playa-Barcelona-tras-la-verbena-de-San-Juan-300x88.jpg\" alt=\"\" width=\"464\" height=\"136\" srcset=\"https:\/\/dimensionturistica.com\/es\/wp-content\/uploads\/2022\/03\/2019.06.28-Incivismo-playa-Barcelona-tras-la-verbena-de-San-Juan-300x88.jpg 300w, https:\/\/dimensionturistica.com\/es\/wp-content\/uploads\/2022\/03\/2019.06.28-Incivismo-playa-Barcelona-tras-la-verbena-de-San-Juan-1024x300.jpg 1024w, https:\/\/dimensionturistica.com\/es\/wp-content\/uploads\/2022\/03\/2019.06.28-Incivismo-playa-Barcelona-tras-la-verbena-de-San-Juan-768x225.jpg 768w, https:\/\/dimensionturistica.com\/es\/wp-content\/uploads\/2022\/03\/2019.06.28-Incivismo-playa-Barcelona-tras-la-verbena-de-San-Juan-1536x451.jpg 1536w, https:\/\/dimensionturistica.com\/es\/wp-content\/uploads\/2022\/03\/2019.06.28-Incivismo-playa-Barcelona-tras-la-verbena-de-San-Juan-750x220.jpg 750w, https:\/\/dimensionturistica.com\/es\/wp-content\/uploads\/2022\/03\/2019.06.28-Incivismo-playa-Barcelona-tras-la-verbena-de-San-Juan-1140x334.jpg 1140w, https:\/\/dimensionturistica.com\/es\/wp-content\/uploads\/2022\/03\/2019.06.28-Incivismo-playa-Barcelona-tras-la-verbena-de-San-Juan.jpg 1953w\" sizes=\"(max-width: 464px) 100vw, 464px\" \/> En el marco del D\u00eda Mundial del Reciclaje, Corona refuerza su compromiso con el medio ambiente, con la participaci\u00f3n de diferentes pa\u00edses en la iniciativa Campeonato de Pesca de Pl\u00e1stico en donde compitieron 224 pescadores de M\u00e9xico, Brasil, Israel y China.<br \/>\nEsta iniciativa naci\u00f3 para ser una soluci\u00f3n colaborativa a la problem\u00e1tica de desechos que ha<img decoding=\"async\" class=\"size-medium wp-image-290595 alignleft\" src=\"https:\/\/dimensionturistica.com\/es\/wp-content\/uploads\/2022\/03\/fpt-pesca-de-plastico01-300x163.jpg\" alt=\"\" width=\"300\" height=\"163\" srcset=\"https:\/\/dimensionturistica.com\/es\/wp-content\/uploads\/2022\/03\/fpt-pesca-de-plastico01-300x163.jpg 300w, https:\/\/dimensionturistica.com\/es\/wp-content\/uploads\/2022\/03\/fpt-pesca-de-plastico01-768x417.jpg 768w, https:\/\/dimensionturistica.com\/es\/wp-content\/uploads\/2022\/03\/fpt-pesca-de-plastico01-750x407.jpg 750w, https:\/\/dimensionturistica.com\/es\/wp-content\/uploads\/2022\/03\/fpt-pesca-de-plastico01.jpg 947w\" sizes=\"(max-width: 300px) 100vw, 300px\" \/> afectado los oc\u00e9anos por d\u00e9cadas. Mediante los Campeonatos de Pesca de Pl\u00e1stico se busca generar un ingreso extra en la econom\u00eda de los pescadores, vincul\u00e1ndolos con centros de acopio de su localidad, para que procesen los desechos que logren extraer del oc\u00e9ano. El manejo de \u00e9stos, en su mayor\u00eda, estar\u00e1 enfocado en darles una segunda vida mediante el reciclaje, creando nuevas herramientas para los pescadores.<br \/>\nDe acuerdo al World Economic Forum, de no cambiar nuestro uso y consumo, para 2050 habr\u00e1 m\u00e1s basura que peces en el oc\u00e9ano, impactando la vida de los pescadores. La contaminaci\u00f3n de los<img decoding=\"async\" class=\"size-medium wp-image-290596 alignleft\" src=\"https:\/\/dimensionturistica.com\/es\/wp-content\/uploads\/2022\/03\/Organizan-torneo-de-pesca-de-plastico-696x522-1-300x225.jpg\" alt=\"\" width=\"300\" height=\"225\" srcset=\"https:\/\/dimensionturistica.com\/es\/wp-content\/uploads\/2022\/03\/Organizan-torneo-de-pesca-de-plastico-696x522-1-300x225.jpg 300w, https:\/\/dimensionturistica.com\/es\/wp-content\/uploads\/2022\/03\/Organizan-torneo-de-pesca-de-plastico-696x522-1.jpg 696w\" sizes=\"(max-width: 300px) 100vw, 300px\" \/> oc\u00e9anos alrededor del mundo es alarmante, por ello Corona continuamente busca soluciones para expandir, proteger y preservar desde las playas hasta el mar. Campeonato de Pesca de Pl\u00e1stico demuestra c\u00f3mo las comunidades pueden unirse para ayudar a su ecosistema y apoyar la econom\u00eda de la zona.<br \/>\nLos Campeonatos de Pesca de Pl\u00e1stico alrededor del mundo, se vivieron as\u00ed: M\u00e9xico cont\u00f3 con dos ediciones, la primera en 2021 realizada en Mazatl\u00e1n, Sinaloa y la segunda este a\u00f1o en Sisal, Yucat\u00e1n, en donde participaron 32 miembros de la comunidad, recolectando un total de 4 toneladas.<br \/>\nEn Brasil participaron 55 miembros de la comunidad y recolectaron 500 kilos de desechos en 6 horas.<br \/>\nEn China participaron 30 miembros de la comunidad y recolectaron 105 kg de basura en 3 horas.<br \/>\nEn Israel participaron 47 miembros de la comunidad y recolectaron 444 kilos de desechos en 3<img decoding=\"async\" class=\"size-medium wp-image-290597 alignleft\" src=\"https:\/\/dimensionturistica.com\/es\/wp-content\/uploads\/2022\/03\/Yune-01-640x360-1-300x169.jpg\" alt=\"\" width=\"300\" height=\"169\" srcset=\"https:\/\/dimensionturistica.com\/es\/wp-content\/uploads\/2022\/03\/Yune-01-640x360-1-300x169.jpg 300w, https:\/\/dimensionturistica.com\/es\/wp-content\/uploads\/2022\/03\/Yune-01-640x360-1.jpg 640w\" sizes=\"(max-width: 300px) 100vw, 300px\" \/> horas.<br \/>\n\u201cEl compromiso de Corona por un mundo mejor, traspasa fronteras. Campeonato de Pesca de Pl\u00e1stico empez\u00f3 como un proyecto piloto en el Pac\u00edfico mexicano. Su recibimiento fue tal, que decidimos extenderlo a otros continentes en donde fue igual de exitoso. A lo largo de su historia, Corona ha sido embajadora del medio ambiente, creando iniciativas en pro de la conservaci\u00f3n que beneficien a la comunidad, empujando al pa\u00eds hacia un progreso consciente y sustentable\u201d, declar\u00f3 Yune Aranguren, Directora de Corona en M\u00e9xico.<br \/>\nEn 2021 Corona fue reconocida por South Pole como la primera marca de bebidas a nivel mundial en lograr huella pl\u00e1stica cero, marcando un parteaguas en la historia de la marca.<br \/>\nCon esto, La Cerveza M\u00e1s Fina est\u00e1 asegurando que a\u00f1o con a\u00f1o se recicle el 100% del<br \/>\npl\u00e1stico que utiliza. Hasta la fecha, Corona ha realizado m\u00e1s de 1400 limpiezas de playas,<br \/>\nha contratado a m\u00e1s de 68 000 voluntarios y ha recolectado desechos de m\u00e1s de 44<br \/>\nmillones de metros cuadrados de playa. Este evento en particular, contribuy\u00f3<br \/>\nespec\u00edficamente a la recolecci\u00f3n de 5 toneladas de desechos a nivel mundial.<\/p>\n","protected":false},"excerpt":{"rendered":"<p>En el marco del D\u00eda Mundial del Reciclaje, Corona refuerza su compromiso con el medio ambiente, con la participaci\u00f3n de diferentes pa\u00edses en la iniciativa Campeonato de Pesca de Pl\u00e1stico en donde compitieron 224 pescadores de M\u00e9xico, Brasil, Israel y China. Esta iniciativa naci\u00f3 para ser una soluci\u00f3n colaborativa a la problem\u00e1tica de desechos que [&hellip;]<\/p>\n","protected":false},"author":1,"featured_media":290598,"comment_status":"open","ping_status":"closed","sticky":false,"template":"","format":"standard","meta":{"om_disable_all_campaigns":false,"jnews-multi-image_gallery":[],"jnews_single_post":{"source_name":"","source_url":"","via_name":"","via_url":"","override_template":"0","override":[{"template":"1","single_blog_custom":"","parallax":"1","fullscreen":"1","layout":"right-sidebar","sidebar":"default-sidebar","second_sidebar":"default-sidebar","sticky_sidebar":"1","share_position":"top","share_float_style":"share-monocrhome","show_share_counter":"1","show_view_counter":"1","show_featured":"1","show_post_meta":"1","show_post_author":"1","show_post_author_image":"1","show_post_date":"1","post_date_format":"default","post_date_format_custom":"Y\/m\/d","show_post_category":"1","show_post_reading_time":"0","post_reading_time_wpm":"300","show_zoom_button":"0","zoom_button_out_step":"2","zoom_button_in_step":"3","show_post_tag":"1","show_prev_next_post":"1","show_popup_post":"1","number_popup_post":"1","show_author_box":"0","show_post_related":"0","show_inline_post_related":"0"}],"override_image_size":"0","image_override":[{"single_post_thumbnail_size":"crop-500","single_post_gallery_size":"crop-500"}],"trending_post":"0","trending_post_position":"meta","trending_post_label":"Trending","sponsored_post":"0","sponsored_post_label":"Sponsored by","sponsored_post_name":"","sponsored_post_url":"","sponsored_post_logo_enable":"0","sponsored_post_logo":"","sponsored_post_desc":"","disable_ad":"0"},"jnews_primary_category":{"id":""},"jnews_social_meta":{"fb_title":"","fb_description":"","fb_image":"","twitter_title":"","twitter_description":"","twitter_image":""},"footnotes":""},"categories":[40],"tags":[],"class_list":["post-290583","post","type-post","status-publish","format-standard","has-post-thumbnail","hentry","category-industria"],"_links":{"self":[{"href":"https:\/\/dimensionturistica.com\/es\/wp-json\/wp\/v2\/posts\/290583","targetHints":{"allow":["GET"]}}],"collection":[{"href":"https:\/\/dimensionturistica.com\/es\/wp-json\/wp\/v2\/posts"}],"about":[{"href":"https:\/\/dimensionturistica.com\/es\/wp-json\/wp\/v2\/types\/post"}],"author":[{"embeddable":true,"href":"https:\/\/dimensionturistica.com\/es\/wp-json\/wp\/v2\/users\/1"}],"replies":[{"embeddable":true,"href":"https:\/\/dimensionturistica.com\/es\/wp-json\/wp\/v2\/comments?post=290583"}],"version-history":[{"count":0,"href":"https:\/\/dimensionturistica.com\/es\/wp-json\/wp\/v2\/posts\/290583\/revisions"}],"wp:featuredmedia":[{"embeddable":true,"href":"https:\/\/dimensionturistica.com\/es\/wp-json\/wp\/v2\/media\/290598"}],"wp:attachment":[{"href":"https:\/\/dimensionturistica.com\/es\/wp-json\/wp\/v2\/media?parent=290583"}],"wp:term":[{"taxonomy":"category","embeddable":true,"href":"https:\/\/dimensionturistica.com\/es\/wp-json\/wp\/v2\/categories?post=290583"},{"taxonomy":"post_tag","embeddable":true,"href":"https:\/\/dimensionturistica.com\/es\/wp-json\/wp\/v2\/tags?post=290583"}],"curies":[{"name":"wp","href":"https:\/\/api.w.org\/{rel}","templated":true}]}}