{"id":290555,"date":"2022-03-21T22:48:43","date_gmt":"2022-03-21T22:48:43","guid":{"rendered":"https:\/\/dimensionturistica.com\/es\/?p=290555"},"modified":"2022-03-21T22:48:43","modified_gmt":"2022-03-21T22:48:43","slug":"eduardo-lugo-llega-a-zendesk-con-la-responsabilidad-de-consolidar-el-fuerte-crecimiento-logrado-por-la-operacion-regional-en-los-ultimos-anos","status":"publish","type":"post","link":"https:\/\/dimensionturistica.com\/es\/eduardo-lugo-llega-a-zendesk-con-la-responsabilidad-de-consolidar-el-fuerte-crecimiento-logrado-por-la-operacion-regional-en-los-ultimos-anos\/","title":{"rendered":"Eduardo Lugo llega a Zendesk con la responsabilidad de consolidar el fuerte crecimiento logrado por la operaci\u00f3n regional en los \u00faltimos a\u00f1os"},"content":{"rendered":"<p>Zendesk anuncia la llegada de Eduardo Lugo, nuevo Vicepresidente Senior de Ventas para Am\u00e9rica Latina. Con amplia experiencia en el mercado de tecnolog\u00eda y trabajando en empresas como HP y BMC Software, el ejecutivo ser\u00e1 responsable de consolidar la operaci\u00f3n regional, que ha logrado un fuerte crecimiento en los \u00faltimos a\u00f1os, y ampliar la participaci\u00f3n de mercado entre las grandes empresas.<br \/>\n\u201cZendesk finaliz\u00f3 el a\u00f1o fiscal 2021 con un crecimiento del 30 % en los ingresos globales en<img decoding=\"async\" class=\"size-medium wp-image-290559 alignright\" src=\"https:\/\/dimensionturistica.com\/es\/wp-content\/uploads\/2022\/03\/unnamed-18-225x300.jpg\" alt=\"\" width=\"225\" height=\"300\" srcset=\"https:\/\/dimensionturistica.com\/es\/wp-content\/uploads\/2022\/03\/unnamed-18-225x300.jpg 225w, https:\/\/dimensionturistica.com\/es\/wp-content\/uploads\/2022\/03\/unnamed-18-768x1024.jpg 768w, https:\/\/dimensionturistica.com\/es\/wp-content\/uploads\/2022\/03\/unnamed-18-750x1000.jpg 750w, https:\/\/dimensionturistica.com\/es\/wp-content\/uploads\/2022\/03\/unnamed-18.jpg 1080w\" sizes=\"(max-width: 225px) 100vw, 225px\" \/> comparaci\u00f3n con el a\u00f1o anterior. Y, aunque no compartimos datos regionales, puedo decir que nuestra operaci\u00f3n latinoamericana tambi\u00e9n logr\u00f3 importantes resultados de crecimiento. Nuestro consumidor es apasionado y exigente por las buenas experiencias de servicio en la misma medida, trayendo una combinaci\u00f3n \u00fanica de potencial y desaf\u00edo a la regi\u00f3n\u201d, afirma Lugo.<br \/>\nPara el ejecutivo, esto refuerza el papel de la experiencia como diferenciador del mercado y, sobre todo, apoyo para el \u00e9xito empresarial. \u201cPrueba de ello son algunos de los resultados que se muestran en la \u00faltima edici\u00f3n del informe CX Trends. El estudio apunta que el 71% de los consumidores latinoamericanos dejar\u00eda de comprar una marca despu\u00e9s de una sola experiencia negativa\u201d, concluye.<br \/>\nLugo reemplazar\u00e1 a Alex Barrera, quien estar\u00e1 a cargo de la estrategia global de Ventas Empresariales, con la misi\u00f3n de implementar las pr\u00e1cticas exitosas de Am\u00e9rica Latina en las dem\u00e1s regiones donde opera Zendesk.<\/p>\n","protected":false},"excerpt":{"rendered":"<p>Zendesk anuncia la llegada de Eduardo Lugo, nuevo Vicepresidente Senior de Ventas para Am\u00e9rica Latina. Con amplia experiencia en el mercado de tecnolog\u00eda y trabajando en empresas como HP y BMC Software, el ejecutivo ser\u00e1 responsable de consolidar la operaci\u00f3n regional, que ha logrado un fuerte crecimiento en los \u00faltimos a\u00f1os, y ampliar la participaci\u00f3n [&hellip;]<\/p>\n","protected":false},"author":1,"featured_media":290560,"comment_status":"open","ping_status":"closed","sticky":false,"template":"","format":"standard","meta":{"om_disable_all_campaigns":false,"jnews-multi-image_gallery":[],"jnews_single_post":{"source_name":"","source_url":"","via_name":"","via_url":"","override_template":"0","override":[{"template":"1","single_blog_custom":"","parallax":"1","fullscreen":"1","layout":"right-sidebar","sidebar":"default-sidebar","second_sidebar":"default-sidebar","sticky_sidebar":"1","share_position":"top","share_float_style":"share-monocrhome","show_share_counter":"1","show_view_counter":"1","show_featured":"1","show_post_meta":"1","show_post_author":"1","show_post_author_image":"1","show_post_date":"1","post_date_format":"default","post_date_format_custom":"Y\/m\/d","show_post_category":"1","show_post_reading_time":"0","post_reading_time_wpm":"300","show_zoom_button":"0","zoom_button_out_step":"2","zoom_button_in_step":"3","show_post_tag":"1","show_prev_next_post":"1","show_popup_post":"1","number_popup_post":"1","show_author_box":"0","show_post_related":"0","show_inline_post_related":"0"}],"override_image_size":"0","image_override":[{"single_post_thumbnail_size":"crop-500","single_post_gallery_size":"crop-500"}],"trending_post":"0","trending_post_position":"meta","trending_post_label":"Trending","sponsored_post":"0","sponsored_post_label":"Sponsored by","sponsored_post_name":"","sponsored_post_url":"","sponsored_post_logo_enable":"0","sponsored_post_logo":"","sponsored_post_desc":"","disable_ad":"0"},"jnews_primary_category":{"id":""},"jnews_social_meta":{"fb_title":"","fb_description":"","fb_image":"","twitter_title":"","twitter_description":"","twitter_image":""},"footnotes":""},"categories":[40],"tags":[],"class_list":["post-290555","post","type-post","status-publish","format-standard","has-post-thumbnail","hentry","category-industria"],"_links":{"self":[{"href":"https:\/\/dimensionturistica.com\/es\/wp-json\/wp\/v2\/posts\/290555","targetHints":{"allow":["GET"]}}],"collection":[{"href":"https:\/\/dimensionturistica.com\/es\/wp-json\/wp\/v2\/posts"}],"about":[{"href":"https:\/\/dimensionturistica.com\/es\/wp-json\/wp\/v2\/types\/post"}],"author":[{"embeddable":true,"href":"https:\/\/dimensionturistica.com\/es\/wp-json\/wp\/v2\/users\/1"}],"replies":[{"embeddable":true,"href":"https:\/\/dimensionturistica.com\/es\/wp-json\/wp\/v2\/comments?post=290555"}],"version-history":[{"count":0,"href":"https:\/\/dimensionturistica.com\/es\/wp-json\/wp\/v2\/posts\/290555\/revisions"}],"wp:featuredmedia":[{"embeddable":true,"href":"https:\/\/dimensionturistica.com\/es\/wp-json\/wp\/v2\/media\/290560"}],"wp:attachment":[{"href":"https:\/\/dimensionturistica.com\/es\/wp-json\/wp\/v2\/media?parent=290555"}],"wp:term":[{"taxonomy":"category","embeddable":true,"href":"https:\/\/dimensionturistica.com\/es\/wp-json\/wp\/v2\/categories?post=290555"},{"taxonomy":"post_tag","embeddable":true,"href":"https:\/\/dimensionturistica.com\/es\/wp-json\/wp\/v2\/tags?post=290555"}],"curies":[{"name":"wp","href":"https:\/\/api.w.org\/{rel}","templated":true}]}}