{"id":290233,"date":"2022-03-21T14:29:26","date_gmt":"2022-03-21T14:29:26","guid":{"rendered":"https:\/\/dimensionturistica.com\/es\/?p=290233"},"modified":"2022-03-21T14:29:26","modified_gmt":"2022-03-21T14:29:26","slug":"sectur-y-economia-trabajaran-con-el-wef-y-el-bid-para-disminuir-la-brecha-laboral-de-genero","status":"publish","type":"post","link":"https:\/\/dimensionturistica.com\/es\/sectur-y-economia-trabajaran-con-el-wef-y-el-bid-para-disminuir-la-brecha-laboral-de-genero\/","title":{"rendered":"Sectur y Econom\u00eda trabajar\u00e1n con el WEF y el BID para disminuir la brecha laboral de g\u00e9nero"},"content":{"rendered":"<p>Con el objetivo de disminuir la brecha laboral de g\u00e9nero, los titulares de las Secretar\u00edas de Turismo, Miguel Torruco Marqu\u00e9s, y de Econom\u00eda, Tatiana Clouthier Carrillo, encabezaron una reuni\u00f3n para analizar la propuesta del Foro Econ\u00f3mico Mundial (WEF) en la materia e implementarla en M\u00e9xico.<img decoding=\"async\" class=\"size-medium wp-image-290235 alignleft\" src=\"https:\/\/dimensionturistica.com\/es\/wp-content\/uploads\/2022\/03\/SECTUR-ECONOMIA-7-300x139.jpeg\" alt=\"\" width=\"300\" height=\"139\" srcset=\"https:\/\/dimensionturistica.com\/es\/wp-content\/uploads\/2022\/03\/SECTUR-ECONOMIA-7-300x139.jpeg 300w, https:\/\/dimensionturistica.com\/es\/wp-content\/uploads\/2022\/03\/SECTUR-ECONOMIA-7-1024x473.jpeg 1024w, https:\/\/dimensionturistica.com\/es\/wp-content\/uploads\/2022\/03\/SECTUR-ECONOMIA-7-768x355.jpeg 768w, https:\/\/dimensionturistica.com\/es\/wp-content\/uploads\/2022\/03\/SECTUR-ECONOMIA-7-1536x709.jpeg 1536w, https:\/\/dimensionturistica.com\/es\/wp-content\/uploads\/2022\/03\/SECTUR-ECONOMIA-7-750x346.jpeg 750w, https:\/\/dimensionturistica.com\/es\/wp-content\/uploads\/2022\/03\/SECTUR-ECONOMIA-7-1140x527.jpeg 1140w, https:\/\/dimensionturistica.com\/es\/wp-content\/uploads\/2022\/03\/SECTUR-ECONOMIA-7.jpeg 1600w\" sizes=\"(max-width: 300px) 100vw, 300px\" \/><br \/>\nEn la reuni\u00f3n virtual, la l\u00edder para Am\u00e9rica Latina del WEF, Marisol Argueta de Barillas; present\u00f3 a los secretarios el Modelo Acelerador para Disminuir la Brecha Laboral de G\u00e9nero.<br \/>\nEl secretario de Turismo del Gobierno de M\u00e9xico reconoci\u00f3 la relevancia de este tema en el mundo y especialmente en nuestro pa\u00eds, al destacar que la mujer cumple un papel cada vez m\u00e1s importante en los \u00e1mbitos pol\u00edtico, econ\u00f3mico y social.<br \/>\n\u201cNo obstante las brechas de desigualdad y violencia existentes, las mujeres participan activamente para el desarrollo de la actividad tur\u00edstica, con una gran solidez moral; integridad y cabalidad, asumiendo los retos de una sociedad competitiva y exigente\u201d, se\u00f1al\u00f3 Torruco Marqu\u00e9s.<br \/>\nIndic\u00f3 que en M\u00e9xico, el sector turismo es el primer empleador de j\u00f3venes y el segundo empleador formal de mujeres. Al cierre del 2021, contaba con 4 millones 264 mil personas empleadas; de esta cifra, el 51 por ciento correspondi\u00f3 a mujeres.<br \/>\n\u201cLa apasionante actividad del turismo representa una de las principales alternativas que tienen las mujeres mexicanas, para lograr su desarrollo y agencia econ\u00f3mica, y por ello, es prioridad de esta administraci\u00f3n promover espacios libres de violencia en el \u00e1mbito p\u00fablico y privado, en los que la igualdad de oportunidades y derechos sea algo cotidiano y normalizado\u201d, coment\u00f3 Torruco Marqu\u00e9s.<br \/>\nAgreg\u00f3 que la Secretar\u00eda de Turismo (Sectur) impulsa, en los procesos de construcci\u00f3n de Programas Estatales de Turismo, una agenda que incluye temas relacionados al empoderamiento de las mujeres en el sector, la prevenci\u00f3n a las diversas formas de violencia y una cultura institucional favorable al g\u00e9nero y al respeto de los derechos humanos.<br \/>\nPor su parte, la secretaria de Econom\u00eda, Tatiana Clouthier Carillo, asegur\u00f3 que para M\u00e9xico y para la Secretar\u00eda de Econom\u00eda, trabajar por la igualdad de g\u00e9nero es una de las prioridades y se\u00f1al\u00f3 que est\u00e1 convencida que s\u00f3lo si garantizamos que todas y todos avancemos en el camino de la equidad tendremos un verdadero desarrollo econ\u00f3mico y social.<br \/>\nEn su oportunidad, Marisol Argueta de Barillas, explic\u00f3 que este modelo acelerador propuesto es una plataforma de colaboraci\u00f3n p\u00fablico-privada que re\u00fane a los l\u00edderes para generar conocimientos locales y desarrollar un plan de acci\u00f3n basado en las necesidades del pa\u00eds e impulsar la ejecuci\u00f3n del mismo.<br \/>\nLos objetivos centrales son insertar la paridad en el mundo laboral post-covid, cerrar brechas de g\u00e9nero en remuneraci\u00f3n entre y dentro de los sectores, fomentar la participaci\u00f3n de las mujeres en la fuerza laboral y avanzar en el acceso de mujeres en puestos gerenciales y de liderazgo.<br \/>\nActualmente, el modelo se ha puesto en marcha en nueve pa\u00edses, quienes constituyen una red mundial de aprendizaje e intercambio mutuo. Adem\u00e1s, ofrece una serie de herramientas de an\u00e1lisis elaboradas a la medida para el contexto nacional, basadas en los datos integrales del WEF.<br \/>\nEn la reuni\u00f3n tambi\u00e9n particip\u00f3, Ernesto Hugo Stein, representante del BID en M\u00e9xico, quien apoy\u00f3 la implementaci\u00f3n del modelo por iniciativa del Gobierno de M\u00e9xico, y dijo que desde la instituci\u00f3n que representa est\u00e1n listos para aportar en este tema tan importante.<\/p>\n","protected":false},"excerpt":{"rendered":"<p>Con el objetivo de disminuir la brecha laboral de g\u00e9nero, los titulares de las Secretar\u00edas de Turismo, Miguel Torruco Marqu\u00e9s, y de Econom\u00eda, Tatiana Clouthier Carrillo, encabezaron una reuni\u00f3n para analizar la propuesta del Foro Econ\u00f3mico Mundial (WEF) en la materia e implementarla en M\u00e9xico. En la reuni\u00f3n virtual, la l\u00edder para Am\u00e9rica Latina del [&hellip;]<\/p>\n","protected":false},"author":1,"featured_media":290236,"comment_status":"open","ping_status":"closed","sticky":false,"template":"","format":"standard","meta":{"om_disable_all_campaigns":false,"jnews-multi-image_gallery":[],"jnews_single_post":{"source_name":"","source_url":"","via_name":"","via_url":"","override_template":"0","override":[{"template":"1","single_blog_custom":"","parallax":"1","fullscreen":"1","layout":"right-sidebar","sidebar":"default-sidebar","second_sidebar":"default-sidebar","sticky_sidebar":"1","share_position":"top","share_float_style":"share-monocrhome","show_share_counter":"1","show_view_counter":"1","show_featured":"1","show_post_meta":"1","show_post_author":"1","show_post_author_image":"1","show_post_date":"1","post_date_format":"default","post_date_format_custom":"Y\/m\/d","show_post_category":"1","show_post_reading_time":"0","post_reading_time_wpm":"300","show_zoom_button":"0","zoom_button_out_step":"2","zoom_button_in_step":"3","show_post_tag":"1","show_prev_next_post":"1","show_popup_post":"1","number_popup_post":"1","show_author_box":"0","show_post_related":"0","show_inline_post_related":"0"}],"override_image_size":"0","image_override":[{"single_post_thumbnail_size":"crop-500","single_post_gallery_size":"crop-500"}],"trending_post":"0","trending_post_position":"meta","trending_post_label":"Trending","sponsored_post":"0","sponsored_post_label":"Sponsored by","sponsored_post_name":"","sponsored_post_url":"","sponsored_post_logo_enable":"0","sponsored_post_logo":"","sponsored_post_desc":"","disable_ad":"0"},"jnews_primary_category":{"id":""},"jnews_social_meta":{"fb_title":"","fb_description":"","fb_image":"","twitter_title":"","twitter_description":"","twitter_image":""},"footnotes":""},"categories":[39],"tags":[],"class_list":["post-290233","post","type-post","status-publish","format-standard","has-post-thumbnail","hentry","category-viajes"],"_links":{"self":[{"href":"https:\/\/dimensionturistica.com\/es\/wp-json\/wp\/v2\/posts\/290233","targetHints":{"allow":["GET"]}}],"collection":[{"href":"https:\/\/dimensionturistica.com\/es\/wp-json\/wp\/v2\/posts"}],"about":[{"href":"https:\/\/dimensionturistica.com\/es\/wp-json\/wp\/v2\/types\/post"}],"author":[{"embeddable":true,"href":"https:\/\/dimensionturistica.com\/es\/wp-json\/wp\/v2\/users\/1"}],"replies":[{"embeddable":true,"href":"https:\/\/dimensionturistica.com\/es\/wp-json\/wp\/v2\/comments?post=290233"}],"version-history":[{"count":0,"href":"https:\/\/dimensionturistica.com\/es\/wp-json\/wp\/v2\/posts\/290233\/revisions"}],"wp:featuredmedia":[{"embeddable":true,"href":"https:\/\/dimensionturistica.com\/es\/wp-json\/wp\/v2\/media\/290236"}],"wp:attachment":[{"href":"https:\/\/dimensionturistica.com\/es\/wp-json\/wp\/v2\/media?parent=290233"}],"wp:term":[{"taxonomy":"category","embeddable":true,"href":"https:\/\/dimensionturistica.com\/es\/wp-json\/wp\/v2\/categories?post=290233"},{"taxonomy":"post_tag","embeddable":true,"href":"https:\/\/dimensionturistica.com\/es\/wp-json\/wp\/v2\/tags?post=290233"}],"curies":[{"name":"wp","href":"https:\/\/api.w.org\/{rel}","templated":true}]}}