{"id":290215,"date":"2022-03-21T13:32:06","date_gmt":"2022-03-21T13:32:06","guid":{"rendered":"https:\/\/dimensionturistica.com\/es\/?p=290215"},"modified":"2022-03-21T13:32:07","modified_gmt":"2022-03-21T13:32:07","slug":"andalucia-y-portugal-mas-unidas-que-nunca-a-traves-de-las-agencias-de-viajes","status":"publish","type":"post","link":"https:\/\/dimensionturistica.com\/es\/andalucia-y-portugal-mas-unidas-que-nunca-a-traves-de-las-agencias-de-viajes\/","title":{"rendered":"Andaluc\u00eda y Portugal, m\u00e1s unidas que nunca a trav\u00e9s de las Agencias de Viajes."},"content":{"rendered":"<p> <br \/>\n<\/p>\n<div>\n<p>18 de marzo de 2022.- Luis Arroyo y Antonio Ca\u00f1o, Presidente de la Asociaci\u00f3n de Agencias de Viajes de C\u00f3rdoba y Secretario Common de la FAAV, han mantenido un encuentro al m\u00e1s alto nivel con la Asociaci\u00f3n Portuguesa de Agencias de Viajes y Turismo (APAVT) en el que ha participado su presidente Pedro Costa.<\/p>\n<p>Durante el mismo se ha avanzado en la realizaci\u00f3n de acciones y encuentros para incrementar la colaboraci\u00f3n entre las agencias de viajes andaluzas y las portuguesas, as\u00ed como la promoci\u00f3n de ambos destinos junto a los organismos p\u00fablicos competentes en materia de turismo.<\/p>\n<p>En septiembre de 2021 se celebr\u00f3 la III Cumbre Hispanolusa de Agencias de Viajes, congregando en la provincia de Huelva a m\u00e1s de setenta directivos del sector de uno y otro lado de la frontera. En dicho encuentro se visibilizaron muchas oportunidades de colaboraci\u00f3n que permitir\u00edan la dinamizaci\u00f3n tur\u00edstica de ambos territorios a trav\u00e9s de un sector, el de las agencias de viajes, que vertebra a los diferentes actores de la industria de los viajes y el turismo.<\/p>\n<p>\u201cLas agencias de viajes tenemos mucho que decir en una actividad econ\u00f3mica tan potente que genera en nuestro pa\u00eds vecino m\u00e1s del 15% del PIB y en Andaluc\u00eda casi el 14%\u201d, ha afirmado Luis Arroyo, \u201cy es por ello que tenemos un especial inter\u00e9s en que la FAAV y la APAVT incrementen sus relaciones, sabiendo que ello ser\u00e1 bueno para nuestros territorios y por supuesto para las propias agencias de viajes\u201d.<\/p>\n<p>La delegaci\u00f3n andaluza ha constatado la pujanza de esta edici\u00f3n de la BTL, que ha vuelto con fuerza tras dos a\u00f1os sin poder levarse a cabo a causa de la Covid19. Se est\u00e1 celebrando del 16 al 20 de marzo en la capital portuguesa, con la participaci\u00f3n de 60 pa\u00edses y unas expectativas de visitantes que rozan los 70.000.<\/p>\n<\/p><\/div>\n\n<p><em> &#8221; Fuentes www.hosteltur.com &#8221; <\/em><\/p>\n","protected":false},"excerpt":{"rendered":"<p>18 de marzo de 2022.- Luis Arroyo y Antonio Ca\u00f1o, Presidente de la Asociaci\u00f3n de Agencias de Viajes de C\u00f3rdoba y Secretario Common de la FAAV, han mantenido un encuentro al m\u00e1s alto nivel con la Asociaci\u00f3n Portuguesa de Agencias de Viajes y Turismo (APAVT) en el que ha participado su presidente Pedro Costa. Durante [&hellip;]<\/p>\n","protected":false},"author":4,"featured_media":288583,"comment_status":"open","ping_status":"closed","sticky":false,"template":"","format":"standard","meta":{"om_disable_all_campaigns":false,"jnews-multi-image_gallery":[],"jnews_single_post":[],"jnews_primary_category":[],"jnews_social_meta":[],"footnotes":""},"categories":[39],"tags":[572],"class_list":["post-290215","post","type-post","status-publish","format-standard","has-post-thumbnail","hentry","category-viajes","tag-distribucion"],"_links":{"self":[{"href":"https:\/\/dimensionturistica.com\/es\/wp-json\/wp\/v2\/posts\/290215","targetHints":{"allow":["GET"]}}],"collection":[{"href":"https:\/\/dimensionturistica.com\/es\/wp-json\/wp\/v2\/posts"}],"about":[{"href":"https:\/\/dimensionturistica.com\/es\/wp-json\/wp\/v2\/types\/post"}],"author":[{"embeddable":true,"href":"https:\/\/dimensionturistica.com\/es\/wp-json\/wp\/v2\/users\/4"}],"replies":[{"embeddable":true,"href":"https:\/\/dimensionturistica.com\/es\/wp-json\/wp\/v2\/comments?post=290215"}],"version-history":[{"count":0,"href":"https:\/\/dimensionturistica.com\/es\/wp-json\/wp\/v2\/posts\/290215\/revisions"}],"wp:featuredmedia":[{"embeddable":true,"href":"https:\/\/dimensionturistica.com\/es\/wp-json\/wp\/v2\/media\/288583"}],"wp:attachment":[{"href":"https:\/\/dimensionturistica.com\/es\/wp-json\/wp\/v2\/media?parent=290215"}],"wp:term":[{"taxonomy":"category","embeddable":true,"href":"https:\/\/dimensionturistica.com\/es\/wp-json\/wp\/v2\/categories?post=290215"},{"taxonomy":"post_tag","embeddable":true,"href":"https:\/\/dimensionturistica.com\/es\/wp-json\/wp\/v2\/tags?post=290215"}],"curies":[{"name":"wp","href":"https:\/\/api.w.org\/{rel}","templated":true}]}}