{"id":289846,"date":"2022-03-20T15:25:06","date_gmt":"2022-03-20T15:25:06","guid":{"rendered":"https:\/\/dimensionturistica.com\/es\/?p=289846"},"modified":"2022-03-20T15:25:06","modified_gmt":"2022-03-20T15:25:06","slug":"belize-modifica-sus-requisitos-para-visitar-el-destino","status":"publish","type":"post","link":"https:\/\/dimensionturistica.com\/es\/belize-modifica-sus-requisitos-para-visitar-el-destino\/","title":{"rendered":"Belize modifica sus requisitos para visitar el destino"},"content":{"rendered":"<p>A partir del primero de marzo, la Junta de Turismo de Belize anunci\u00f3 algunos cambios en los requisitos para entrar al pa\u00eds; esto con el objetivo de salvaguardar la salud de los turistas y residentes, as\u00ed como promover la actividad tur\u00edstica e impulsar la econom\u00eda del destino.<br \/>\nLos viajeros que cuenten con todas las dosis de vacunas contra Covid-19 ya no requerir\u00e1n de una prueba negativa; \u00fanicamente deber\u00e1n presentar su comprobante de vacunaci\u00f3n para ingresar al aeropuerto, fronteras terrestres o puertos mar\u00edtimos. Para ni\u00f1os de 5 a\u00f1os o m\u00e1s, s\u00ed ser\u00e1 necesario realizar la prueba contra SARSCoV2.<br \/>\nPara llegar al aeropuerto de Belize, en caso de que no se cuenten con las vacunas, el turista deber\u00e1 presentar una prueba negativa PCR tomada dentro de las 72 horas antes del vuelo, o una prueba r\u00e1pida de ant\u00edgenos realizada dentro de las 48 horas posteriores a la llegada.<img decoding=\"async\" class=\"size-medium wp-image-289848 alignright\" src=\"https:\/\/dimensionturistica.com\/es\/wp-content\/uploads\/2022\/03\/unnamed-15-300x200.jpg\" alt=\"\" width=\"300\" height=\"200\" srcset=\"https:\/\/dimensionturistica.com\/es\/wp-content\/uploads\/2022\/03\/unnamed-15-300x200.jpg 300w, https:\/\/dimensionturistica.com\/es\/wp-content\/uploads\/2022\/03\/unnamed-15-768x513.jpg 768w, https:\/\/dimensionturistica.com\/es\/wp-content\/uploads\/2022\/03\/unnamed-15-750x501.jpg 750w, https:\/\/dimensionturistica.com\/es\/wp-content\/uploads\/2022\/03\/unnamed-15.jpg 800w\" sizes=\"(max-width: 300px) 100vw, 300px\" \/><br \/>\nPara la entrada v\u00eda terrestre o mar\u00edtima se pedir\u00e1n las mismas pruebas negativas; ning\u00fan resultado de prueba tomado antes de la llegada ser\u00e1 aceptado en los puntos fronterizos de Belize.<br \/>\nAs\u00ed mismo, durante la estancia en el destino, no ser\u00e1 obligatorio el uso de cubrebocas, mascarillas o caretas en los espacios al aire libre, sin embargo, s\u00ed se deber\u00e1 respetar su uso en los espacios cerrados como en restaurantes y transporte, as\u00ed como los protocolos de distanciamiento social.<br \/>\nPara tranquilidad de los viajeros, todos los touroperadores y gu\u00edas tur\u00edsticos deber\u00e1n mostrar su carnet de vacunaci\u00f3n; adem\u00e1s, todos los establecimientos seguir\u00e1n puntualmente los protocolos emitidos por el gobierno y las autoridades correspondientes.<br \/>\nPara obtener informaci\u00f3n actualizada sobre los protocolos de viaje del destino y las preguntas frecuentes, visite: https:\/\/www.travelbelize.org\/health-safety<\/p>\n","protected":false},"excerpt":{"rendered":"<p>A partir del primero de marzo, la Junta de Turismo de Belize anunci\u00f3 algunos cambios en los requisitos para entrar al pa\u00eds; esto con el objetivo de salvaguardar la salud de los turistas y residentes, as\u00ed como promover la actividad tur\u00edstica e impulsar la econom\u00eda del destino. Los viajeros que cuenten con todas las dosis [&hellip;]<\/p>\n","protected":false},"author":1,"featured_media":289847,"comment_status":"open","ping_status":"closed","sticky":false,"template":"","format":"standard","meta":{"om_disable_all_campaigns":false,"jnews-multi-image_gallery":[],"jnews_single_post":{"source_name":"","source_url":"","via_name":"","via_url":"","override_template":"0","override":[{"template":"1","single_blog_custom":"","parallax":"1","fullscreen":"1","layout":"right-sidebar","sidebar":"default-sidebar","second_sidebar":"default-sidebar","sticky_sidebar":"1","share_position":"top","share_float_style":"share-monocrhome","show_share_counter":"1","show_view_counter":"1","show_featured":"1","show_post_meta":"1","show_post_author":"1","show_post_author_image":"1","show_post_date":"1","post_date_format":"default","post_date_format_custom":"Y\/m\/d","show_post_category":"1","show_post_reading_time":"0","post_reading_time_wpm":"300","show_zoom_button":"0","zoom_button_out_step":"2","zoom_button_in_step":"3","show_post_tag":"1","show_prev_next_post":"1","show_popup_post":"1","number_popup_post":"1","show_author_box":"0","show_post_related":"0","show_inline_post_related":"0"}],"override_image_size":"0","image_override":[{"single_post_thumbnail_size":"crop-500","single_post_gallery_size":"crop-500"}],"trending_post":"0","trending_post_position":"meta","trending_post_label":"Trending","sponsored_post":"0","sponsored_post_label":"Sponsored by","sponsored_post_name":"","sponsored_post_url":"","sponsored_post_logo_enable":"0","sponsored_post_logo":"","sponsored_post_desc":"","disable_ad":"0"},"jnews_primary_category":{"id":""},"jnews_social_meta":{"fb_title":"","fb_description":"","fb_image":"","twitter_title":"","twitter_description":"","twitter_image":""},"footnotes":""},"categories":[39],"tags":[],"class_list":["post-289846","post","type-post","status-publish","format-standard","has-post-thumbnail","hentry","category-viajes"],"_links":{"self":[{"href":"https:\/\/dimensionturistica.com\/es\/wp-json\/wp\/v2\/posts\/289846","targetHints":{"allow":["GET"]}}],"collection":[{"href":"https:\/\/dimensionturistica.com\/es\/wp-json\/wp\/v2\/posts"}],"about":[{"href":"https:\/\/dimensionturistica.com\/es\/wp-json\/wp\/v2\/types\/post"}],"author":[{"embeddable":true,"href":"https:\/\/dimensionturistica.com\/es\/wp-json\/wp\/v2\/users\/1"}],"replies":[{"embeddable":true,"href":"https:\/\/dimensionturistica.com\/es\/wp-json\/wp\/v2\/comments?post=289846"}],"version-history":[{"count":0,"href":"https:\/\/dimensionturistica.com\/es\/wp-json\/wp\/v2\/posts\/289846\/revisions"}],"wp:featuredmedia":[{"embeddable":true,"href":"https:\/\/dimensionturistica.com\/es\/wp-json\/wp\/v2\/media\/289847"}],"wp:attachment":[{"href":"https:\/\/dimensionturistica.com\/es\/wp-json\/wp\/v2\/media?parent=289846"}],"wp:term":[{"taxonomy":"category","embeddable":true,"href":"https:\/\/dimensionturistica.com\/es\/wp-json\/wp\/v2\/categories?post=289846"},{"taxonomy":"post_tag","embeddable":true,"href":"https:\/\/dimensionturistica.com\/es\/wp-json\/wp\/v2\/tags?post=289846"}],"curies":[{"name":"wp","href":"https:\/\/api.w.org\/{rel}","templated":true}]}}