{"id":289349,"date":"2022-03-18T20:11:19","date_gmt":"2022-03-18T20:11:19","guid":{"rendered":"https:\/\/dimensionturistica.com\/es\/?p=289349"},"modified":"2022-03-18T20:11:20","modified_gmt":"2022-03-18T20:11:20","slug":"latinoamerica-y-el-caribe-promocionan-destinos-turisticos-en-francia","status":"publish","type":"post","link":"https:\/\/dimensionturistica.com\/es\/latinoamerica-y-el-caribe-promocionan-destinos-turisticos-en-francia\/","title":{"rendered":"Latinoam\u00e9rica y el Caribe promocionan destinos tur\u00edsticos en Francia"},"content":{"rendered":"<p> <br \/>\n<\/p>\n<div>\n<p>   A trav\u00e9s de agencias de viajes y de oficinas de turismo, diversos estands promueven vacaciones en una regi\u00f3n tan hermosa en su naturaleza como rica en su cultura, tradiciones e historia; con Barbados, Brasil, Cuba, Ecuador, Panam\u00e1 y Per\u00fa entre los pa\u00edses presentes.<\/p>\n<p>   Despu\u00e9s de estos dos a\u00f1os de disaster por la Covid-19, estamos retomando las actividades y vemos a un p\u00fablico franc\u00e9s con deseos de salir, por eso este Sal\u00f3n Mundial es una oportunidad, coment\u00f3 a Prensa Latina Miralda Medina, representante de la agencia Pachamama Voyages.<\/p>\n<p>   Para la promotora, Per\u00fa es un destino infaltable cuando se piensa en viajar a Am\u00e9rica Latina, por su patrimonio materials e inmaterial.<\/p>\n<p>   En estos d\u00edas de evento apreciamos el inter\u00e9s de los franceses, algunos dispuestos a viajar durante el verano y otros para el a\u00f1o pr\u00f3ximo, unos en grupo y otros de manera particular person, dijo en el recinto ferial de la Puerta de Versalles.<\/p>\n<p>   Respecto, a las atracciones buscadas, mencion\u00f3 la mundialmente famosa ciudad inca de Machu Picchu, el lago Titicaca y la encantadora urbe de Arequipa.<\/p>\n<p>   Este a\u00f1o estamos ofreciendo, adem\u00e1s, destinos en el norte peruano, como Trujillo, Chachapoyas y Chiclayo, precis\u00f3 Medina.<\/p>\n<p>   Por su parte, Jos\u00e9 Luis Jaen, de la agencia JL Tour, se\u00f1al\u00f3 a Prensa Latina que la acogida a las propuestas tur\u00edsticas de Panam\u00e1 ha sido buena.<\/p>\n<p>  Llegamos con muchas expectativas al Sal\u00f3n Mundial de Turismo de Par\u00eds, despu\u00e9s de participar en una feria en Lyon, y nos satisface la respuesta y el inter\u00e9s de los franceses, subray\u00f3.<\/p>\n<p>   Jaen destac\u00f3 el atractivo de las playas, las islas y el Canal de Panam\u00e1 para disfrutar en el viaje.<\/p>\n<p>acl\/wmr<\/p>\n<\/p><\/div>\n\n<p><em> &#8221; Fuentes www.prensa-latina.cu &#8221; <\/em><\/p>\n","protected":false},"excerpt":{"rendered":"<p>A trav\u00e9s de agencias de viajes y de oficinas de turismo, diversos estands promueven vacaciones en una regi\u00f3n tan hermosa en su naturaleza como rica en su cultura, tradiciones e historia; con Barbados, Brasil, Cuba, Ecuador, Panam\u00e1 y Per\u00fa entre los pa\u00edses presentes. Despu\u00e9s de estos dos a\u00f1os de disaster por la Covid-19, estamos retomando [&hellip;]<\/p>\n","protected":false},"author":4,"featured_media":221258,"comment_status":"open","ping_status":"closed","sticky":false,"template":"","format":"standard","meta":{"om_disable_all_campaigns":false,"jnews-multi-image_gallery":[],"jnews_single_post":[],"jnews_primary_category":[],"jnews_social_meta":[],"footnotes":""},"categories":[40],"tags":[715,3918,42535,35201,42536],"class_list":["post-289349","post","type-post","status-publish","format-standard","has-post-thumbnail","hentry","category-industria","tag-economia","tag-francia","tag-latinoamericacaribe","tag-nota-informativa","tag-salonturismo"],"_links":{"self":[{"href":"https:\/\/dimensionturistica.com\/es\/wp-json\/wp\/v2\/posts\/289349","targetHints":{"allow":["GET"]}}],"collection":[{"href":"https:\/\/dimensionturistica.com\/es\/wp-json\/wp\/v2\/posts"}],"about":[{"href":"https:\/\/dimensionturistica.com\/es\/wp-json\/wp\/v2\/types\/post"}],"author":[{"embeddable":true,"href":"https:\/\/dimensionturistica.com\/es\/wp-json\/wp\/v2\/users\/4"}],"replies":[{"embeddable":true,"href":"https:\/\/dimensionturistica.com\/es\/wp-json\/wp\/v2\/comments?post=289349"}],"version-history":[{"count":0,"href":"https:\/\/dimensionturistica.com\/es\/wp-json\/wp\/v2\/posts\/289349\/revisions"}],"wp:featuredmedia":[{"embeddable":true,"href":"https:\/\/dimensionturistica.com\/es\/wp-json\/wp\/v2\/media\/221258"}],"wp:attachment":[{"href":"https:\/\/dimensionturistica.com\/es\/wp-json\/wp\/v2\/media?parent=289349"}],"wp:term":[{"taxonomy":"category","embeddable":true,"href":"https:\/\/dimensionturistica.com\/es\/wp-json\/wp\/v2\/categories?post=289349"},{"taxonomy":"post_tag","embeddable":true,"href":"https:\/\/dimensionturistica.com\/es\/wp-json\/wp\/v2\/tags?post=289349"}],"curies":[{"name":"wp","href":"https:\/\/api.w.org\/{rel}","templated":true}]}}