{"id":289246,"date":"2022-03-18T16:40:53","date_gmt":"2022-03-18T16:40:53","guid":{"rendered":"https:\/\/dimensionturistica.com\/es\/?p=289246"},"modified":"2022-03-18T16:40:54","modified_gmt":"2022-03-18T16:40:54","slug":"inseguridad-en-quintana-roo-una-bomba-de-tiempo-expertos","status":"publish","type":"post","link":"https:\/\/dimensionturistica.com\/es\/inseguridad-en-quintana-roo-una-bomba-de-tiempo-expertos\/","title":{"rendered":"Inseguridad en Quintana Roo, una &#8216;bomba de tiempo&#8217;: Expertos"},"content":{"rendered":"<p> <br \/>\n<\/p>\n<div id=\"cuerpo-nota\">\n<p>La inseguridad y los altos niveles de violencia deben resolverse, ya que su acumulaci\u00f3n los convierte en una \u201cbomba de tiempo\u201d y afecta la recuperaci\u00f3n econ\u00f3mica, mencionaron expertos.<\/p>\n<p>El aumento de la violencia e inseguridad en Quintana Roo y la falta de una estrategia de la autoridad no es una buena noticia y no es un tema que ayude al turismo; sin embargo, tampoco es un asunto nuevo, mencion\u00f3 Francisco Madrid, Director del <strong>Centro de Investigaci\u00f3n y Competitividad Tur\u00edstica <\/strong>(Cicotur) de la Universidad An\u00e1huac.<\/p>\n<aside class=\"htmlinline\"\/>\n<aside class=\"relacionadas con-foto\">\n<h5>Noticias Relacionadas<\/h5>\n<\/aside>\n<p class=\"image-align-center\"><img decoding=\"async\" alt=\"Por Esto! \" height=\"400\" src=\"https:\/\/www.poresto.net\/u\/fotografias\/m\/2022\/3\/18\/f768x400-191572_235475_5050.jpg\" width=\"768\"\/><\/p>\n<p>Esta situaci\u00f3n no contribuye a la imagen de los destinos tur\u00edsticos de la regi\u00f3n y da la impresi\u00f3n, dado el tama\u00f1o de la demanda tur\u00edstica, que lo que sucede tiene un efecto acumulativo, coment\u00f3 el experto.<\/p>\n<aside class=\"htmlinline\"\/>\n<p>\u201cNo me parece que haya habido, a pesar de todos los episodios que se han registrado, un impacto en la demanda, no veo que caigan las reservaciones, que haya disminuci\u00f3n en el volumen de turistas, no veo un tema generalizado en medios internacionales hablando de este tema como nota central, lo que creo, en todo caso, es que tenemos una suerte de bomba de tiempo que en alg\u00fan momento, ciertamente puede explotar\u201d.<\/p>\n<p>Para Madrid, se trata de un tema que tiene que ver con los tres \u00f3rdenes de Gobierno y es una oportunidad para que, dentro de las propuestas de los candidatos y candidatas a la gubernatura de Quintana Roo, se ponga\u00a0 como un tema de la mayor importancia y se plantee una estrategia mucho m\u00e1s eficaz de la que se ha ejecutado.<\/p>\n<p>Cuauht\u00e9moc Rivera, presidente de la<strong> Alianza Nacional de Peque\u00f1os Comerciantes<\/strong> (ANPEC), coincidi\u00f3 en que las elecciones son una oportunidad para que el tema de la seguridad sea parte de la agenda de la Entidad.<\/p>\n<p>\u201cPedimos que se reflexione mucho, que se hable mucho del tema, que se ponga en la agenda p\u00fablica, que no se le d\u00e9 la vuelta, que no se haga mutis del asunto que se asuma el problema y se tomen las mejores pr\u00e1cticas para encontrar los mejores acuerdos entre la sociedad y que acabe esto en los mejores t\u00e9rminos posibles\u201d, pidi\u00f3 Rivera.\n<\/p>\n<p class=\"image-align-center\"><img decoding=\"async\" alt=\"Por Esto!\" height=\"400\" src=\"https:\/\/www.poresto.net\/u\/fotografias\/m\/2022\/3\/18\/f768x400-191571_235474_5050.jpg\" width=\"768\"\/>\n<\/p>\n<p>El presidente de la Alianza hizo un llamado para que la sociedad y el Gobierno asuman su corresponsabilidad para \u201csacar al buey de la barranca\u201d, es decir, buscar la manera de hacer que las cosas est\u00e9n mejor, m\u00e1s tranquilas y seguras para las familias y la actividad econ\u00f3mica.\n<\/p>\n<p>Rivera destac\u00f3 que el cambio a sem\u00e1foro verde deber\u00eda beneficiar la reactivaci\u00f3n econ\u00f3mica de Quintana Roo; sin embargo, en situaciones de inseguridad \u201cla gente se mete a sus casas, se expone menos y al hacer eso hay menos comercio, la violencia ataja a la reactivaci\u00f3n econ\u00f3mica, la complica la detiene, la acalambra\u201d y afecta a la poblaci\u00f3n m\u00e1s fr\u00e1gil y desfavorecida.\n<\/p>\n<p>Adem\u00e1s, el peque\u00f1o comercio tiene menos con que resistir, es decir, la actividad peque\u00f1a no es el sector m\u00e1s fuerte del estado, subray\u00f3.\n<\/p>\n<p>\u201cLo que le pasa a Quintana Roo nos duele a todos, porque finalmente es uno de los mercados m\u00e1s importantes de M\u00e9xico para el mundo\u201d, concluy\u00f3 el presidente de la ANPEC.\n<\/p>\n<p>S\u00edguenos en <a rel=\"nofollow noopener\" target=\"_blank\" href=\"https:\/\/news.google.com\/publications\/CAAqBwgKMMLDmwswhs6zAw?oc=3&amp;ceid=MX:es-419&amp;hl=es-419&amp;gl=MX\">Google News<\/a> y recibe la mejor informaci\u00f3n.\n<\/p>\n<p>JG\n<\/p>\n<\/div>\n<p><script>\n      window.fbAsyncInit = function() {\n        FB.init({\n          appId      : '{292213061927134}',\n          status     : true,\n\t\t  version:  'v2.7',\n          xfbml      : true\n        });\nFB.Event.subscribe('comment.create', function (response) {grabacom_compa(325082)});\t\nFB.Event.subscribe('comment.remove',  function (response) {grabacom_compa(325082)});\t\nFB.Event.subscribe('edge.create',  function (response) {grabacom_compa(325082)});\nFB.Event.subscribe('edge.remove',  function (response) {grabacom_compa(325082)});\n      };\n(function(d, s, id) {\n  var js, fjs = d.getElementsByTagName(s)[0];\n  if (d.getElementById(id)) return;\n  js = d.createElement(s); js.id = id;\n  js.src = \"\/\/connect.facebook.net\/es_LA\/sdk.js#xfbml=1&version=v2.7&appId=292213061927134\";\n  fjs.parentNode.insertBefore(js, fjs);\n}(document, 'script', 'facebook-jssdk'));\n    <\/script><br \/>\n<br \/><\/p>\n<p><em> &#8221; Fuentes www.poresto.net &#8221; <\/em><\/p>\n","protected":false},"excerpt":{"rendered":"<p>La inseguridad y los altos niveles de violencia deben resolverse, ya que su acumulaci\u00f3n los convierte en una \u201cbomba de tiempo\u201d y afecta la recuperaci\u00f3n econ\u00f3mica, mencionaron expertos. El aumento de la violencia e inseguridad en Quintana Roo y la falta de una estrategia de la autoridad no es una buena noticia y no es [&hellip;]<\/p>\n","protected":false},"author":4,"featured_media":289247,"comment_status":"open","ping_status":"closed","sticky":false,"template":"","format":"standard","meta":{"om_disable_all_campaigns":false,"jnews-multi-image_gallery":[],"jnews_single_post":[],"jnews_primary_category":[],"jnews_social_meta":[],"footnotes":""},"categories":[39],"tags":[5698,42510,1064],"class_list":["post-289246","post","type-post","status-publish","format-standard","has-post-thumbnail","hentry","category-viajes","tag-alianza-nacional-de-pequenos-comerciantes","tag-inseguridad-en-quintana-roo","tag-quintana-roo"],"_links":{"self":[{"href":"https:\/\/dimensionturistica.com\/es\/wp-json\/wp\/v2\/posts\/289246","targetHints":{"allow":["GET"]}}],"collection":[{"href":"https:\/\/dimensionturistica.com\/es\/wp-json\/wp\/v2\/posts"}],"about":[{"href":"https:\/\/dimensionturistica.com\/es\/wp-json\/wp\/v2\/types\/post"}],"author":[{"embeddable":true,"href":"https:\/\/dimensionturistica.com\/es\/wp-json\/wp\/v2\/users\/4"}],"replies":[{"embeddable":true,"href":"https:\/\/dimensionturistica.com\/es\/wp-json\/wp\/v2\/comments?post=289246"}],"version-history":[{"count":0,"href":"https:\/\/dimensionturistica.com\/es\/wp-json\/wp\/v2\/posts\/289246\/revisions"}],"wp:featuredmedia":[{"embeddable":true,"href":"https:\/\/dimensionturistica.com\/es\/wp-json\/wp\/v2\/media\/289247"}],"wp:attachment":[{"href":"https:\/\/dimensionturistica.com\/es\/wp-json\/wp\/v2\/media?parent=289246"}],"wp:term":[{"taxonomy":"category","embeddable":true,"href":"https:\/\/dimensionturistica.com\/es\/wp-json\/wp\/v2\/categories?post=289246"},{"taxonomy":"post_tag","embeddable":true,"href":"https:\/\/dimensionturistica.com\/es\/wp-json\/wp\/v2\/tags?post=289246"}],"curies":[{"name":"wp","href":"https:\/\/api.w.org\/{rel}","templated":true}]}}