{"id":288969,"date":"2022-03-18T03:58:22","date_gmt":"2022-03-18T03:58:22","guid":{"rendered":"https:\/\/dimensionturistica.com\/es\/?p=288969"},"modified":"2022-03-18T03:58:22","modified_gmt":"2022-03-18T03:58:22","slug":"vicky-foods-cumple-70-anos-apostando-por-la-innovacion-la-diversificacion-y-la-internacionalizacion","status":"publish","type":"post","link":"https:\/\/dimensionturistica.com\/es\/vicky-foods-cumple-70-anos-apostando-por-la-innovacion-la-diversificacion-y-la-internacionalizacion\/","title":{"rendered":"Vicky Foods cumple 70 a\u00f1os apostando por la innovaci\u00f3n, la diversificaci\u00f3n y la internacionalizaci\u00f3n"},"content":{"rendered":"<p> <br \/>\n<\/p>\n<div id=\"noticias-detalle\">\n<p>                        <a target=\"_blank\" onclick=\"history.go(-1)\" class=\"bt-back pull-right\" rel=\"noopener\">&lt; Volver<\/a><\/p>\n<div class=\"entradilla\">\n<p>El <a target=\"_blank\" href=\"https:\/\/www.retailactual.com\/noticias\/20220317\/productos\/20211130\/dulcesol-magdalenas-receta-vicky-victoria-fernandez\" rel=\"noopener\">holding internacional de alimentaci\u00f3n, Vicky Foods<\/a>, celebra su 70 aniversario en constante evoluci\u00f3n para adaptarse a las nuevas demandas lo que le ha convertido en una de las empresas referentes de su sector con m\u00e1s 2.600 empleados, 4 plantas de producci\u00f3n -3 en Espa\u00f1a y 1 en Argelia-, y presencia en m\u00e1s de 50 pa\u00edses.<\/p>\n<\/div>\n<div id=\"myCarousel2\" class=\"carousel slide\">\n<div class=\"carousel-inner\">\n<div class=\"item  active \">\n                        <img decoding=\"async\" src=\"https:\/\/www.retailactual.com\/media\/uploads\/noticias\/Vicky-Foods-70-aniversario-retailactual.jpg\" alt=\"vicky-foods-70-aniversario-empresas\" class=\"img-responsive\"\/><\/p><\/div><\/div><\/div>\n<div class=\"cuerpo\">\n<p>Para celebrar este 70 aniversario, <a target=\"_blank\" href=\"http:\/\/www.retailactual.com\/..\/..\/..\/..\/noticias\/20210408\/vicky-foods-apertura-planta-francia-bolleria-pasteleria#.YjNRyh1Jl-0\" rel=\"noopener\">Vicky Foods,<\/a> ha preparado una serie de iniciativas, virtuales y presenciales, que se llevar\u00e1n a cabo a lo largo de todo el a\u00f1o. Adem\u00e1s, la empresa ha dise\u00f1ado un logotipo conmemorativo que acompa\u00f1ar\u00e1 a todas sus acciones y comunicaciones durante este 2022.<br \/>\u00a0<br \/><a target=\"_blank\" href=\"http:\/\/www.retailactual.com\/..\/..\/..\/..\/noticias\/20210707\/fedacova-federacion-empresarial-agroalimentacion-valencia-rafael-juan#.YjNRsh1Jl-0\" rel=\"noopener\">Rafael Juan, CEO de la compa\u00f1\u00eda<\/a> ha afirmado que \u201cestos 70 a\u00f1os de trayectoria han sido posibles gracias a la visi\u00f3n creativa e innovadora de mi madre, sumada a la ambici\u00f3n emprendedora y las ganas de crecer de mi padre. Pero si <strong>Vicky Foods<\/strong> es una historia de \u00e9xito se debe a todas y cada una de las personas que forman parte de nuestro equipo. A lo que Juan ha a\u00f1adido \u201cde cara a los pr\u00f3ximos 70 continuaremos trabajando para ser una compa\u00f1\u00eda de alimentaci\u00f3n l\u00edder, innovadora y sostenible. Con proyecci\u00f3n internacional y orientada a satisfacer las demandas de sus clientes y consumidores\u201d.<\/p>\n<p>En este sentido, en 2020 tuvo una facturaci\u00f3n world de 376 millones de euros, lo que supuso un incremento del 6,5% respecto al mismo periodo de 2019. De estos ingresos, el 21% correspondieron al mercado exterior, que se ha convertido en los \u00faltimos a\u00f1os en el principal motor de crecimiento de la compa\u00f1\u00eda, a pesar del escenario de incertidumbre vivido como consecuencia de la pandemia.<br \/>\u00a0<\/p>\n<\/div>\n<h2>Noticias relacionadas<\/h2>\n<p>            <noscript>Please allow JavaScript to view the <a target=\"_blank\" href=\"http:\/\/disqus.com\/?ref_noscript\" rel=\"noopener\">comments powered by Disqus.<\/a><\/noscript><br \/>\n            <a target=\"_blank\" href=\"http:\/\/disqus.com\" class=\"dsq-brlink\" rel=\"noopener\">comments powered by <\/a>\n        <\/div>\n\n<p><em> \u2018 The preceding article may include information circulated by third parties \u2019 <\/em><\/p>\n<p><em> \u2018 Some details of this article were extracted from the following source www.retailactual.com \u2019 <\/em><\/p>\n","protected":false},"excerpt":{"rendered":"<p>&lt; Volver El holding internacional de alimentaci\u00f3n, Vicky Foods, celebra su 70 aniversario en constante evoluci\u00f3n para adaptarse a las nuevas demandas lo que le ha convertido en una de las empresas referentes de su sector con m\u00e1s 2.600 empleados, 4 plantas de producci\u00f3n -3 en Espa\u00f1a y 1 en Argelia-, y presencia en m\u00e1s [&hellip;]<\/p>\n","protected":false},"author":2,"featured_media":288970,"comment_status":"open","ping_status":"closed","sticky":false,"template":"","format":"standard","meta":{"om_disable_all_campaigns":false,"jnews-multi-image_gallery":[],"jnews_single_post":[],"jnews_primary_category":[],"jnews_social_meta":[],"footnotes":""},"categories":[43],"tags":[],"class_list":["post-288969","post","type-post","status-publish","format-standard","has-post-thumbnail","hentry","category-gourmet"],"_links":{"self":[{"href":"https:\/\/dimensionturistica.com\/es\/wp-json\/wp\/v2\/posts\/288969","targetHints":{"allow":["GET"]}}],"collection":[{"href":"https:\/\/dimensionturistica.com\/es\/wp-json\/wp\/v2\/posts"}],"about":[{"href":"https:\/\/dimensionturistica.com\/es\/wp-json\/wp\/v2\/types\/post"}],"author":[{"embeddable":true,"href":"https:\/\/dimensionturistica.com\/es\/wp-json\/wp\/v2\/users\/2"}],"replies":[{"embeddable":true,"href":"https:\/\/dimensionturistica.com\/es\/wp-json\/wp\/v2\/comments?post=288969"}],"version-history":[{"count":0,"href":"https:\/\/dimensionturistica.com\/es\/wp-json\/wp\/v2\/posts\/288969\/revisions"}],"wp:featuredmedia":[{"embeddable":true,"href":"https:\/\/dimensionturistica.com\/es\/wp-json\/wp\/v2\/media\/288970"}],"wp:attachment":[{"href":"https:\/\/dimensionturistica.com\/es\/wp-json\/wp\/v2\/media?parent=288969"}],"wp:term":[{"taxonomy":"category","embeddable":true,"href":"https:\/\/dimensionturistica.com\/es\/wp-json\/wp\/v2\/categories?post=288969"},{"taxonomy":"post_tag","embeddable":true,"href":"https:\/\/dimensionturistica.com\/es\/wp-json\/wp\/v2\/tags?post=288969"}],"curies":[{"name":"wp","href":"https:\/\/api.w.org\/{rel}","templated":true}]}}