{"id":288697,"date":"2022-03-17T15:49:30","date_gmt":"2022-03-17T15:49:30","guid":{"rendered":"https:\/\/dimensionturistica.com\/es\/?p=288697"},"modified":"2022-03-17T15:49:30","modified_gmt":"2022-03-17T15:49:30","slug":"vicky-foods-cumple-70-anos-de-una-panificadora-local-en-1952-hasta-un-holding-de-2-600-empleados","status":"publish","type":"post","link":"https:\/\/dimensionturistica.com\/es\/vicky-foods-cumple-70-anos-de-una-panificadora-local-en-1952-hasta-un-holding-de-2-600-empleados\/","title":{"rendered":"Vicky Foods cumple 70 a\u00f1os: de una panificadora local en 1952 hasta un holding de 2.600 empleados"},"content":{"rendered":"<p> <br \/>\n<\/p>\n<div id=\"newsContent\">\n<p>El holding internacional de alimentaci\u00f3n Vicky Meals celebra el 70 aniversario de su fundaci\u00f3n en 1952, cuando period una peque\u00f1a panificadora native en el pueblo de Villalonga (Valencia).<\/p>\n<p>La trayectoria de esta compa\u00f1\u00eda acquainted, su evoluci\u00f3n para adaptarse a las nuevas demandas y su apuesta por la innovaci\u00f3n, la diversificaci\u00f3n y la internacionalizaci\u00f3n la han convertido en una de las empresas l\u00edderes de su sector con m\u00e1s 2.600 empleados, cuatro plantas de producci\u00f3n &#8211;tres en Espa\u00f1a y una en Argelia-, y presencia en m\u00e1s de 50 pa\u00edses.<\/p>\n<p>En 2020 tuvo una facturaci\u00f3n international de 376 millones de euros, lo que supuso un incremento del 6,5 % respecto al mismo periodo de 2019, seg\u00fan ha explicado la firma en un comunicado. De estos ingresos, el 21% correspondieron al mercado exterior, que se ha convertido en los \u00faltimos a\u00f1os en el principal motor de crecimiento de la compa\u00f1\u00eda, a pesar del escenario de incertidumbre vivido como consecuencia de la pandemia.<\/p>\n<p>Para celebrar este 70 aniversario, Vicky Meals, ha preparado una serie de iniciativas, virtuales y presenciales, que se llevar\u00e1n a cabo a lo largo de todo el a\u00f1o. Adem\u00e1s, la empresa ha dise\u00f1ado un logotipo conmemorativo que acompa\u00f1ar\u00e1 a todas sus acciones y comunicaciones durante este 2022.<\/p>\n<p>El CEO de la compa\u00f1\u00eda, Rafael Juan, ha afirmado que &#8220;estos 70 a\u00f1os de trayectoria han sido posibles gracias a la visi\u00f3n creativa e innovadora&#8221; de su madre, &#8220;sumada a la ambici\u00f3n emprendedora y las ganas de crecer&#8221; de su padre. Pero ha a\u00f1adido que si Vicky Meals es una historia de \u00e9xito se debe a todas y cada una de las personas que forman parte de su equipo.<\/p>\n<p>ORIGEN DE LA COMPA\u00d1\u00cdA<\/p>\n<p>La compa\u00f1\u00eda, fundada por Antonio Juan, padre del precise CEO de la compa\u00f1\u00eda, naci\u00f3 en 1952 como una panificadora en el pueblo de Villalonga (Valencia). Tras varios a\u00f1os dedicados al negocio del pan, Antonio y su esposa y cofundadora, Victoria Fern\u00e1ndez, decidieron involucrarse tambi\u00e9n en la actividad pastelera.<\/p>\n<p>El primer gran hito lleg\u00f3 en 1972 cuando Victoria invent\u00f3 las &#8216;glorias&#8217;, las primeras magdalenas cuadradas. Un \u00e9xito que coloc\u00f3 a la empresa entre las diez m\u00e1s importantes de pasteler\u00eda de Espa\u00f1a.<\/p>\n<p>Victoria tom\u00f3 las riendas  tras el fallecimiento de Antonio Juan en 1983 y tambi\u00e9n se incorporaron sus tres hijos. Es en esa \u00e9poca en la que se ampl\u00eda la distribuci\u00f3n a toda Espa\u00f1a, mientras que el salto definitivo a la expansi\u00f3n internacional lo dieron en 2009. Hoy est\u00e1n presentes en los principales mercados de todo el mundo destacando Francia, Portugal, Reino Unido, Italia y Argelia.<\/p>\n<p>En junio de 2019 anunciaron que el Grupo Dulcesol pasaba a convertirse en Vicky Meals, un holding para mostrar la &#8220;nueva realidad de un grupo empresarial multimarca y multicategor\u00eda en el sector&#8221; de la alimentaci\u00f3n que aglutina las marcas Dulcesol, Be Plus y Horno Hermanos Juan.<\/p>\n<p>De la panificadora native en los a\u00f1os 50 que produc\u00eda hogazas de pan, hoy la compa\u00f1\u00eda cuenta con un porfolio de m\u00e1s de 350 productos de pasteler\u00eda, boller\u00eda, panader\u00eda, platos preparados refrigerados, ensaladas, ensaladillas, pastas, untables, alimentos infantiles o smoothies bioactivos de frutas y verduras ecol\u00f3gicas, y un nivel de producci\u00f3n de m\u00e1s de 175.000 toneladas de productos que llegaron a m\u00e1s 80.000 puntos de venta solo en Espa\u00f1a en 2020.<\/p>\n<p>Futuro de Vicky Meals<\/p>\n<p>De cara a los pr\u00f3ximos a\u00f1os, el plan de crecimiento de Vicky Meals pasa por continuar con su plan de expansi\u00f3n internacional potenciando los pa\u00edses estrat\u00e9gicos en los que ya est\u00e1 presente y abriendo nuevos mercados ligados a tendencias de consumo saludables e innovadoras.<\/p>\n<p>Por otro lado, la empresa seguir\u00e1 apostando por la innovaci\u00f3n, que ir\u00e1 orientada principalmente a la salud y mejora del perfil nutricional de sus productos, la digitalizaci\u00f3n de la compa\u00f1\u00eda, concretamente en la industria 4.0, y la sostenibilidad, donde los envases y embalajes ser\u00e1n un foco principal.<\/p>\n<\/div>\n\n<p><em> \u2018 The preceding article may include information circulated by third parties \u2019 <\/em><\/p>\n<p><em> \u2018 Some details of this article were extracted from the following source www.estrategiasdeinversion.com \u2019 <\/em><\/p>\n","protected":false},"excerpt":{"rendered":"<p>El holding internacional de alimentaci\u00f3n Vicky Meals celebra el 70 aniversario de su fundaci\u00f3n en 1952, cuando period una peque\u00f1a panificadora native en el pueblo de Villalonga (Valencia). La trayectoria de esta compa\u00f1\u00eda acquainted, su evoluci\u00f3n para adaptarse a las nuevas demandas y su apuesta por la innovaci\u00f3n, la diversificaci\u00f3n y la internacionalizaci\u00f3n la han [&hellip;]<\/p>\n","protected":false},"author":2,"featured_media":288547,"comment_status":"open","ping_status":"closed","sticky":false,"template":"","format":"standard","meta":{"om_disable_all_campaigns":false,"jnews-multi-image_gallery":[],"jnews_single_post":[],"jnews_primary_category":[],"jnews_social_meta":[],"footnotes":""},"categories":[43],"tags":[],"class_list":["post-288697","post","type-post","status-publish","format-standard","has-post-thumbnail","hentry","category-gourmet"],"_links":{"self":[{"href":"https:\/\/dimensionturistica.com\/es\/wp-json\/wp\/v2\/posts\/288697","targetHints":{"allow":["GET"]}}],"collection":[{"href":"https:\/\/dimensionturistica.com\/es\/wp-json\/wp\/v2\/posts"}],"about":[{"href":"https:\/\/dimensionturistica.com\/es\/wp-json\/wp\/v2\/types\/post"}],"author":[{"embeddable":true,"href":"https:\/\/dimensionturistica.com\/es\/wp-json\/wp\/v2\/users\/2"}],"replies":[{"embeddable":true,"href":"https:\/\/dimensionturistica.com\/es\/wp-json\/wp\/v2\/comments?post=288697"}],"version-history":[{"count":0,"href":"https:\/\/dimensionturistica.com\/es\/wp-json\/wp\/v2\/posts\/288697\/revisions"}],"wp:featuredmedia":[{"embeddable":true,"href":"https:\/\/dimensionturistica.com\/es\/wp-json\/wp\/v2\/media\/288547"}],"wp:attachment":[{"href":"https:\/\/dimensionturistica.com\/es\/wp-json\/wp\/v2\/media?parent=288697"}],"wp:term":[{"taxonomy":"category","embeddable":true,"href":"https:\/\/dimensionturistica.com\/es\/wp-json\/wp\/v2\/categories?post=288697"},{"taxonomy":"post_tag","embeddable":true,"href":"https:\/\/dimensionturistica.com\/es\/wp-json\/wp\/v2\/tags?post=288697"}],"curies":[{"name":"wp","href":"https:\/\/api.w.org\/{rel}","templated":true}]}}