{"id":288576,"date":"2022-03-17T11:35:16","date_gmt":"2022-03-17T11:35:16","guid":{"rendered":"https:\/\/dimensionturistica.com\/es\/?p=288576"},"modified":"2022-03-17T11:35:16","modified_gmt":"2022-03-17T11:35:16","slug":"vicky-foods-cumple-70-anos","status":"publish","type":"post","link":"https:\/\/dimensionturistica.com\/es\/vicky-foods-cumple-70-anos\/","title":{"rendered":"Vicky Foods cumple 70 a\u00f1os"},"content":{"rendered":"<p> <br \/>\n<\/p>\n<div>\n<p><strong>Vicky Meals celebra su  70 aniversario<\/strong>. La trayectoria de esta compa\u00f1\u00eda acquainted, su constante evoluci\u00f3n  para adaptarse a las nuevas demandas y su puesta por la innovaci\u00f3n, la diversificaci\u00f3n  y la internacionalizaci\u00f3n la han convertido en una de las empresas l\u00edderes de su sector <strong>con m\u00e1s  <\/strong><strong>2.600 empleados, 4 plantas de producci\u00f3n -3 en Espa\u00f1a y 1 en Argelia-, y presencia en m\u00e1s de  50 pa\u00edses<\/strong>.\u00a0<\/p>\n<p>En <b style=\"background-color: initial;\">2020 <\/b>el holding alimentario<b style=\"background-color: initial;\">\u00a0<\/b><b style=\"background-color: initial;\">tuvo una facturaci\u00f3n world de 376 millones de euros<\/b>, lo que supuso  un<strong> incremento del 6,5%<\/strong> respecto al mismo periodo de 2019. De estos ingresos, <strong>el <\/strong><strong>21%  correspondieron al mercado exterior<\/strong>, que se ha convertido en los \u00faltimos a\u00f1os en el principal  motor de crecimiento de la compa\u00f1\u00eda, a pesar del escenario de incertidumbre vivido como  consecuencia de la pandemia.\u00a0<\/p>\n<p> Para celebrar este 70 aniversario, Vicky Meals, ha preparado una serie de iniciativas, virtuales  y presenciales, que se llevar\u00e1n a cabo a lo largo de todo el a\u00f1o.\u00a0Adem\u00e1s, <strong>la empresa ha dise\u00f1ado  un logotipo conmemorativo<\/strong> que acompa\u00f1ar\u00e1 a todas sus acciones y comunicaciones durante  este 2022.<\/p>\n<blockquote style=\"text-align: right;\"><p><strong>Rafael Juan:\u00a0<\/strong><strong>\u201cDe cara a los pr\u00f3ximos 70 a\u00f1os continuaremos trabajando para ser una compa\u00f1\u00eda de alimentaci\u00f3n l\u00edder, innovadora y sostenible.\u00a0Con proyecci\u00f3n internacional y orientada a satisfacer las demandas de sus clientes y consumidores\u201d<\/strong><\/p><\/blockquote>\n<p>  <strong>Rafael Juan, CEO<\/strong> de la compa\u00f1\u00eda ha afirmado que \u201cestos 70 a\u00f1os de trayectoria han sido  posibles gracias a la visi\u00f3n creativa e innovadora de mi madre, sumada a la ambici\u00f3n  emprendedora y las ganas de crecer de mi padre. Pero si Vicky Foods es una historia de \u00e9xito se  debe a todas y cada una de las personas que forman parte de nuestro equipo. A lo que Juan ha  a\u00f1adido \u201cde cara a los pr\u00f3ximos 70 continuaremos trabajando para ser una compa\u00f1\u00eda de  alimentaci\u00f3n l\u00edder, innovadora y sostenible.\u00a0Con proyecci\u00f3n internacional y orientada a  satisfacer las demandas de sus clientes y consumidores\u201d.\u00a0<\/p>\n<h3>De Grupo Dulcesol a Vicky Meals\u00a0<\/h3>\n<p> La compa\u00f1\u00eda, <strong>fundada por Antonio Juan, padre del precise CEO<\/strong> de la compa\u00f1\u00eda, <strong>naci\u00f3 en 1952  como una panificadora en el pueblo de Villalonga (Valencia)<\/strong>. Tras varios a\u00f1os dedicados al  negocio del pan, <strong>Antonio y su esposa y cofundadora de la compa\u00f1\u00eda, Victoria Fern\u00e1ndez, deciden  involucrarse tambi\u00e9n en la actividad pastelera<\/strong>.\u00a0<\/p>\n<p>El primer gran hito llega <strong>en 1972 cuando Victoria  inventa las Glorias, las primeras magdalenas cuadradas<\/strong>. Un \u00e9xito que coloc\u00f3 a la empresa entre  las 10 empresas m\u00e1s importantes de pasteler\u00eda de Espa\u00f1a.  <strong>Victoria toma las riendas de Vicky Meals, tras el fallecimiento de Antonio Juan en 1983, a la que  tambi\u00e9n se incorporan sus 3 hijo<\/strong>s. Es en esa \u00e9poca en la que se ampl\u00eda la distribuci\u00f3n a toda  Espa\u00f1a mientras que el salto definitivo a la expansi\u00f3n internacional lo dan en 2009.\u00a0<b style=\"background-color: initial;\">Hoy est\u00e1n  presentes en los principales mercados de todo el mundo destacando Francia, Portugal, Reino  Unido, Italia y Argelia.<\/b>\u00a0<\/p>\n<p> <strong>En junio de 2019 anunciaron que el Grupo Dulcesol pasaba a convertirse en Vicky Meals<\/strong>. Un  holding para mostrar la nueva realidad de un grupo empresarial multimarca y multicategor\u00eda en  el sector de la alimentaci\u00f3n que aglutina las marcas Dulcesol, Be Plus y Horno Hermanos Juan.\u00a0<\/p>\n<h3> Un diversificado porfolio de m\u00e1s de 350 productos\u00a0<\/h3>\n<p> De la panificadora native en los a\u00f1os 50 que produc\u00eda hogazas de pan, hoy la compa\u00f1\u00eda cuenta  con un porfolio de m\u00e1s de<strong> 350 productos de pasteler\u00eda, boller\u00eda, panader\u00eda, platos preparados  refrigerados, ensaladas, ensaladillas, pastas, untables, alimentos infantiles o smoothies  bioactivos de frutas y verduras ecol\u00f3gicas<\/strong>, y un nivel de producci\u00f3n de m\u00e1s de 175.000  toneladas de productos que llegaron a m\u00e1s 80.000 puntos de venta solo en Espa\u00f1a en 2020.\u00a0<\/p>\n<p> La entrada al siglo XXI de Vicky Meals estuvo marcada por su <strong>apuesta por la diversificaci\u00f3n<\/strong>,  primero con el pan de molde y especialidades, que hoy representa una parte mayoritaria de su  volumen de ventas, y en la \u00faltima d\u00e9cada con el desarrollo de su marca, Be Plus, para abordar  las nuevas tendencias globales de consumo m\u00e1s saludables y nutritivas.\u00a0<\/p>\n<p>Dispone de su  propio Centro de Innovaci\u00f3n, inaugurado en 2019, que coordina todo el potencial innovador de  la compa\u00f1\u00eda y que cuenta con un equipo de profesionales compuesto por cerca de 150 personas.  Futuro de Vicky Meals: internacionalizaci\u00f3n, innovaci\u00f3n y sostenibilidad.\u00a0<\/p>\n<p> De cara a los pr\u00f3ximos a\u00f1os el <strong>plan de crecimiento <\/strong>de Vicky Meals pasa por continuar con su  <strong>plan de expansi\u00f3n internacional potenciando los pa\u00edses estrat\u00e9gicos<\/strong> en los que ya est\u00e1 presente  y abriendo nuevos mercados ligados a tendencias de consumo saludables e innovadoras.\u00a0<\/p>\n<p> Por otro lado, la empresa seguir\u00e1 <strong>apostando por la innovaci\u00f3n<\/strong>, que ir\u00e1 orientada principalmente  a la salud, apostando por la constante mejora del perfil nutricional de sus productos, la  innovaci\u00f3n tecnol\u00f3gica, potenciando la digitalizaci\u00f3n de la compa\u00f1\u00eda, concretamente en la  industria 4.0, y la sostenibilidad, donde los envases y embalajes ser\u00e1n un foco principal.\u00a0<\/p>\n<p> En este sentido, la compa\u00f1\u00eda anunci\u00f3<strong> a finales de a\u00f1o que su marca Dulcesol hab\u00eda alcanzado  el 100% de envases biodegradables en todas sus l\u00edneas de producci\u00f3n de pan y pasteler\u00eda<\/strong>. Esto  supone m\u00e1s de 150 millones de paquetes envasados con este innovador materials al a\u00f1o  logrando reducir en 1.200 toneladas el uso de pl\u00e1stico convencional anual por parte de la  marca.<\/p>\n<\/p><\/div>\n\n<p><em> \u2018 The preceding article may include information circulated by third parties \u2019 <\/em><\/p>\n<p><em> \u2018 Some details of this article were extracted from the following source www.revistaaral.com \u2019 <\/em><\/p>\n","protected":false},"excerpt":{"rendered":"<p>Vicky Meals celebra su 70 aniversario. La trayectoria de esta compa\u00f1\u00eda acquainted, su constante evoluci\u00f3n para adaptarse a las nuevas demandas y su puesta por la innovaci\u00f3n, la diversificaci\u00f3n y la internacionalizaci\u00f3n la han convertido en una de las empresas l\u00edderes de su sector con m\u00e1s 2.600 empleados, 4 plantas de producci\u00f3n -3 en Espa\u00f1a [&hellip;]<\/p>\n","protected":false},"author":2,"featured_media":288577,"comment_status":"open","ping_status":"closed","sticky":false,"template":"","format":"standard","meta":{"om_disable_all_campaigns":false,"jnews-multi-image_gallery":[],"jnews_single_post":[],"jnews_primary_category":[],"jnews_social_meta":[],"footnotes":""},"categories":[43],"tags":[],"class_list":["post-288576","post","type-post","status-publish","format-standard","has-post-thumbnail","hentry","category-gourmet"],"_links":{"self":[{"href":"https:\/\/dimensionturistica.com\/es\/wp-json\/wp\/v2\/posts\/288576","targetHints":{"allow":["GET"]}}],"collection":[{"href":"https:\/\/dimensionturistica.com\/es\/wp-json\/wp\/v2\/posts"}],"about":[{"href":"https:\/\/dimensionturistica.com\/es\/wp-json\/wp\/v2\/types\/post"}],"author":[{"embeddable":true,"href":"https:\/\/dimensionturistica.com\/es\/wp-json\/wp\/v2\/users\/2"}],"replies":[{"embeddable":true,"href":"https:\/\/dimensionturistica.com\/es\/wp-json\/wp\/v2\/comments?post=288576"}],"version-history":[{"count":0,"href":"https:\/\/dimensionturistica.com\/es\/wp-json\/wp\/v2\/posts\/288576\/revisions"}],"wp:featuredmedia":[{"embeddable":true,"href":"https:\/\/dimensionturistica.com\/es\/wp-json\/wp\/v2\/media\/288577"}],"wp:attachment":[{"href":"https:\/\/dimensionturistica.com\/es\/wp-json\/wp\/v2\/media?parent=288576"}],"wp:term":[{"taxonomy":"category","embeddable":true,"href":"https:\/\/dimensionturistica.com\/es\/wp-json\/wp\/v2\/categories?post=288576"},{"taxonomy":"post_tag","embeddable":true,"href":"https:\/\/dimensionturistica.com\/es\/wp-json\/wp\/v2\/tags?post=288576"}],"curies":[{"name":"wp","href":"https:\/\/api.w.org\/{rel}","templated":true}]}}