{"id":288318,"date":"2022-03-16T22:45:18","date_gmt":"2022-03-16T22:45:18","guid":{"rendered":"https:\/\/dimensionturistica.com\/es\/?p=288318"},"modified":"2022-03-16T22:45:18","modified_gmt":"2022-03-16T22:45:18","slug":"oaxaca-se-convierte-en-el-cuarto-estado-mexicano-en-contar-con-ruta-aerea-directa-a-guatemala","status":"publish","type":"post","link":"https:\/\/dimensionturistica.com\/es\/oaxaca-se-convierte-en-el-cuarto-estado-mexicano-en-contar-con-ruta-aerea-directa-a-guatemala\/","title":{"rendered":"Oaxaca se convierte en el cuarto estado mexicano en contar con ruta a\u00e9rea directa a Guatemala"},"content":{"rendered":"<p> <br \/>\n<\/p>\n<div>\n<p>\n<a rel=\"nofollow noopener\" target=\"_blank\" href=\"https:\/\/www.eluniversal.com.mx\/minuto-x-minuto\">Ciudad de Guatemala<\/a>.- <strong>Oaxaca <\/strong>se convertir\u00e1 en el cuarto estado de la <strong>Rep\u00fablica Mexicana<\/strong> que contar\u00e1 con una ruta a\u00e9rea directa a <strong>Guatemala<\/strong>, a partir del 30 de abril pr\u00f3ximo, inform\u00f3 la<strong> Secretar\u00eda de Turismo<\/strong> del estado.<\/p>\n<p>\n&#8220;Tenemos un gran n\u00famero de poblaci\u00f3n que demanda <strong>reactivaci\u00f3n econ\u00f3mica<\/strong>, entretenimiento y servicios, por eso la aerol\u00ednea (Tag Airlines)\u00a0inicia a expandir su ruta al sur de <strong>M\u00e9xico<\/strong>&#8220;, dijo a <strong><a rel=\"nofollow noopener\" target=\"_blank\" href=\"https:\/\/oaxaca.eluniversal.com.mx\/\">EL UNIVERSAL<\/a><\/strong> <strong>Lourdes Maldonado<\/strong>, directora de Mercadeo del Instituto de Turismo de Guatemala.<\/p>\n<p>\n\u00a0<\/p>\n<p>\n\u00a0<\/p>\n<p>\nSer\u00e1 el 30 de abril cuando la <strong>aerol\u00ednea Tag Airways<\/strong> pondr\u00e1 en marcha tres viajes directos de la<strong> ciudad de Oaxaca<\/strong> a la ciudad de <strong>Guatemala <\/strong>y viceversa, con un costo de promoci\u00f3n de 219 d\u00f3lares por vuelo redondo.\u00a0<\/p>\n<p>\nLa apertura de la<strong> ruta a\u00e9rea Oaxaca-Guatemala<\/strong> ser\u00e1 aprovechada para la promoci\u00f3n de la <strong>Guelaguetza<\/strong>, m\u00e1xima fiesta del estado, programada para los d\u00edas 25 de julio y el 1 de agosto pr\u00f3ximos, inform\u00f3 el secretario de Turismo estatal, Juan Carlos Rivera Castellanos.<\/p>\n<p>\n\u201cEs importante activar el <strong>mercado sudamericano<\/strong>. El colombiano est\u00e1 viniendo, pero tambi\u00e9n es necesario el guatemalteco. Desde el a\u00f1o pasado en el <strong>Tianguis Tur\u00edstico de M\u00e9rida <\/strong>y en la <strong>Feria Internacional de Turismo de Madrid<\/strong>, se hab\u00eda planteado esta ruta para la <strong>reactivaci\u00f3n econ\u00f3mica<\/strong>\u201d, expuso.<\/p>\n<p>\nLa <strong>aeronave <\/strong>que ser\u00e1 usada para esta ruta es un Saab340, un avi\u00f3n turboh\u00e9lice bimotor de origen sueco dise\u00f1ado y producido inicialmente por Saab y Fairchild, su capacidad es de 30 a 36 pasajeros.<\/p>\n<p>\nLee tambi\u00e9n:\u00a0<strong><a rel=\"nofollow noopener\" target=\"_blank\" href=\"https:\/\/oaxaca.eluniversal.com.mx\/sociedad\/fondo-guadalupe-musalem-impulsado-por-lila-downs-lanza-convocatoria-de-becas-2022-para\">Fondo Guadalupe Musalem, impulsado por Lila Downs, lanza convocatoria de becas 2022 para mujeres ind\u00edgenas y afromexicanas<\/a><\/strong><\/p>\n<p>\nLa l\u00ednea a\u00e9rea inici\u00f3 tambi\u00e9n vuelos a las ciudades de <strong>Canc\u00fan<\/strong>, <strong>Tapachula<\/strong>, y en los pr\u00f3ximos d\u00edas abrir\u00e1 una nueva ruta para <strong>M\u00e9rida<\/strong>.<\/p>\n<p>\nLourdes Maldonado detall\u00f3 que <strong>Guatemala <\/strong>tiene una amplia gama de servicios desde el <strong>turismo de aventura<\/strong>, as\u00ed como de cultura, corporativa, acquainted, bienestar y de salud. \u201cTambi\u00e9n compartimos parte de nuestra cultura maya con el sur de M\u00e9xico&#8221;, explic\u00f3, la funcionaria.<\/p>\n<p>\nLa funcionaria dijo que el <strong>turismo de Guatemala <\/strong>tambi\u00e9n apostar\u00e1 por las bodas de destino, donde los eventos de este tipo ser\u00e1n un nuevo mercado para los visitantes, a este pa\u00eds centroamericano.\u00a0<\/p>\n<p>\nEntre los lugares tur\u00edsticos que ofrece la ruta<strong> Oaxaca-Guatemala<\/strong>, se encuentran: <strong>Antigua Guatemala<\/strong>, <strong>Huehuetenango<\/strong>, <strong>Tikal<\/strong>, <strong>Atitl\u00e1n<\/strong>, <strong>Las Conchas<\/strong>,<strong> Ciudad de Guatemala<\/strong>, <strong>Uaxact\u00fan<\/strong>, entre otros.<\/p>\n<p>\nCabe recordar que desde 1949 <strong>Antigua Guatemala<\/strong> es considerada como <strong>Patrimonio de la Humanidad<\/strong>, t\u00edtulo conferido por la <strong>UNESCO<\/strong>.<\/p>\n<p>\n&#8220;Toda la ciudad de la antigua <strong>Guatemala <\/strong>est\u00e1 protegida; no se puede mover ni una piedra, ni alguna planta porque est\u00e1 protegida y hay una ley que lo ampara\u201d, explic\u00f3 Jairo Jenaur, estudiante de Arqueolog\u00eda de la Universidad de San Carlos de Guatemala.<\/p>\n<p>\nPara viajar a <strong>Guatemala<\/strong>, funcionarios informaron que a partir de este 15 de marzo las pruebas del PCR dejaron de ser requisitos para los visitantes que ingresan al pa\u00eds por v\u00eda terrestre, mar\u00edtima o a\u00e9rea, esto debido al avance de las vacunas.<\/p>\n<p>\nPara garantizar la estancia a las personas, la titular explic\u00f3 que las rutas tur\u00edsticas ofrecen seguros, adem\u00e1s de un programa de asistencia al turista, en donde las<strong> agencias de viajes <\/strong>de ambos destinos ser\u00e1n quienes coordinen cualquier situaci\u00f3n.<\/p>\n<p>\nEn un hermanamiento entre <strong>Oaxaca <\/strong>y <strong>Guatemala<\/strong>, empresarios de ambos pa\u00edses llevaran a cabo el intercambio de itinerario de servicios en cada uno de los destinos, para que, a finales de abril, las <strong>rutas tur\u00edsticas<\/strong> tengan los paquetes adaptados a necesidades de los pasajeros.\u00a0<\/p>\n<p>\n\u00a0<\/p>\n<p>\n\u00a0<\/p>\n<p>\n\u201cLas agencias de viaje son un canal de distribuci\u00f3n muy importante para nosotros, porque ellos eventualmente son los que se encargan de hacer todos los paquetes de servicios\u201d, a\u00f1adi\u00f3 Oscar Gir\u00f3n, agente de ventas de<strong> Tag Airways<\/strong>.\u00a0<\/p>\n<p>\n\u201cNosotros tenemos todas las ansias de recibirlos, los visitaremos continuamente, es un proyecto, ser\u00e1 de largo plazo\u201d, dijo<a rel=\"nofollow noopener\" target=\"_blank\" href=\"https:\/\/www.tag.com.gt\/\">.<\/a><\/p>\n<\/div>\n<p><script async defer crossorigin=\"anonymous\" src=\"https:\/\/connect.facebook.net\/es_LA\/sdk.js#xfbml=1&#038;version=v10.0&#038;appId=163316950407128&#038;autoLogAppEvents=1\"><\/script><br \/>\n<br \/><\/p>\n<p><em> &#8221; Fuentes oaxaca.eluniversal.com.mx &#8221; <\/em><\/p>\n","protected":false},"excerpt":{"rendered":"<p>Ciudad de Guatemala.- Oaxaca se convertir\u00e1 en el cuarto estado de la Rep\u00fablica Mexicana que contar\u00e1 con una ruta a\u00e9rea directa a Guatemala, a partir del 30 de abril pr\u00f3ximo, inform\u00f3 la Secretar\u00eda de Turismo del estado. &#8220;Tenemos un gran n\u00famero de poblaci\u00f3n que demanda reactivaci\u00f3n econ\u00f3mica, entretenimiento y servicios, por eso la aerol\u00ednea (Tag [&hellip;]<\/p>\n","protected":false},"author":4,"featured_media":288319,"comment_status":"open","ping_status":"closed","sticky":false,"template":"","format":"standard","meta":{"om_disable_all_campaigns":false,"jnews-multi-image_gallery":[],"jnews_single_post":[],"jnews_primary_category":[],"jnews_social_meta":[],"footnotes":""},"categories":[40],"tags":[25602,3183,3249,42363,42364],"class_list":["post-288318","post","type-post","status-publish","format-standard","has-post-thumbnail","hentry","category-industria","tag-el-universal-oaxaca","tag-guatemala","tag-oaxaca","tag-ruta-aerea","tag-tag-airlines"],"_links":{"self":[{"href":"https:\/\/dimensionturistica.com\/es\/wp-json\/wp\/v2\/posts\/288318","targetHints":{"allow":["GET"]}}],"collection":[{"href":"https:\/\/dimensionturistica.com\/es\/wp-json\/wp\/v2\/posts"}],"about":[{"href":"https:\/\/dimensionturistica.com\/es\/wp-json\/wp\/v2\/types\/post"}],"author":[{"embeddable":true,"href":"https:\/\/dimensionturistica.com\/es\/wp-json\/wp\/v2\/users\/4"}],"replies":[{"embeddable":true,"href":"https:\/\/dimensionturistica.com\/es\/wp-json\/wp\/v2\/comments?post=288318"}],"version-history":[{"count":0,"href":"https:\/\/dimensionturistica.com\/es\/wp-json\/wp\/v2\/posts\/288318\/revisions"}],"wp:featuredmedia":[{"embeddable":true,"href":"https:\/\/dimensionturistica.com\/es\/wp-json\/wp\/v2\/media\/288319"}],"wp:attachment":[{"href":"https:\/\/dimensionturistica.com\/es\/wp-json\/wp\/v2\/media?parent=288318"}],"wp:term":[{"taxonomy":"category","embeddable":true,"href":"https:\/\/dimensionturistica.com\/es\/wp-json\/wp\/v2\/categories?post=288318"},{"taxonomy":"post_tag","embeddable":true,"href":"https:\/\/dimensionturistica.com\/es\/wp-json\/wp\/v2\/tags?post=288318"}],"curies":[{"name":"wp","href":"https:\/\/api.w.org\/{rel}","templated":true}]}}