{"id":288247,"date":"2022-03-16T19:49:35","date_gmt":"2022-03-16T19:49:35","guid":{"rendered":"https:\/\/dimensionturistica.com\/es\/?p=288247"},"modified":"2022-03-16T19:49:35","modified_gmt":"2022-03-16T19:49:35","slug":"pepsico-foods-mexico-phd-costa-rica-publicis-mexico-roberto-ramirez-laverde-y-papon-ricciarelli-analizan-los-cambios","status":"publish","type":"post","link":"https:\/\/dimensionturistica.com\/es\/pepsico-foods-mexico-phd-costa-rica-publicis-mexico-roberto-ramirez-laverde-y-papon-ricciarelli-analizan-los-cambios\/","title":{"rendered":"Pepsico Foods M\u00e9xico, PHD Costa Rica, Publicis M\u00e9xico, Roberto Ram\u00edrez Laverde y Pap\u00f3n Ricciarelli analizan los cambios"},"content":{"rendered":"<p> <br \/>\n<\/p>\n<div id=\"\">&#13;<\/p>\n<p><strong>Hern\u00e1n  Tantardini, <em>SVP &amp; common supervisor  Savory BU<\/em> de Pepsico Meals M\u00e9xico <\/strong><br \/>\u201cDebemos adaptarnos a las necesidades de nuestros  consumidores desde el entendimiento, para generar productos y experiencias que  conecten con ellos\u201d.\u00a0<a target=\"_blank\" href=\"https:\/\/www.adlatina.com\/magazinedigital\/125\/#page=79\" rel=\"nofollow noopener\" style=\"color: rgb(242, 105, 35);\"><strong>(Ver cita completa)<\/strong><\/a><\/p>\n<p><strong>Miguel  Pava, gerente common de PHD Costa Rica<\/strong><br \/>\u201cNuestra responsabilidad como publicistas va m\u00e1s  all\u00e1 de conectar marcas con consumidores, sino tambi\u00e9n en c\u00f3mo esa conexi\u00f3n  genera valor en la sociedad\u201d.\u00a0<a target=\"_blank\" href=\"https:\/\/www.adlatina.com\/magazinedigital\/125\/#page=80\" rel=\"nofollow noopener\" style=\"color: rgb(242, 105, 35);\"><strong>(Ver cita completa)<\/strong><\/a><\/p>\n<p><strong>Diego  Wallach, CCO de Publicis M\u00e9xico<\/strong><br \/>\u201cLos \u00e9xitos son consecuencia natural de la energ\u00eda  que se crea cuando las personas trabajan juntas\u201d.\u00a0<a target=\"_blank\" href=\"https:\/\/www.adlatina.com\/magazinedigital\/125\/#page=81\" rel=\"nofollow noopener\" style=\"color: rgb(242, 105, 35);\"><strong>(Ver cita completa)<\/strong><\/a><\/p>\n<p><strong>Roberto  Ram\u00edrez Laverde, VP <em>senior advertising and  communications<\/em>, LAC de Mastercard<\/strong><br \/>\u201cFortalecer el v\u00ednculo entre marcas y consumidores  de una manera aut\u00e9ntica y con orientaci\u00f3n al servicio se volvi\u00f3 algo cr\u00edtico\u201d.\u00a0<a target=\"_blank\" href=\"https:\/\/www.adlatina.com\/magazinedigital\/125\/#page=82\" rel=\"nofollow noopener\" style=\"color: rgb(242, 105, 35);\"><strong>(Ver cita completa)<\/strong><\/a><\/p>\n<p><strong>Pap\u00f3n  Ricciarelli, CEO de Don<\/strong><br \/>\u201cEstamos viviendo cambios de paradigmas, en plazos  m\u00e1s breves. La impermanencia como una constante\u201d.\u00a0<a target=\"_blank\" href=\"https:\/\/www.adlatina.com\/magazinedigital\/125\/#page=83\" rel=\"nofollow noopener\" style=\"color: rgb(242, 105, 35);\"><strong>(Ver cita completa)<\/strong><\/a><\/p>\n<\/p><\/div>\n\n<p><em> \u2018 The preceding article may include information circulated by third parties \u2019 <\/em><\/p>\n<p><em> \u2018 Some details of this article were extracted from the following source www.adlatina.com \u2019 <\/em><\/p>\n","protected":false},"excerpt":{"rendered":"<p>&#13; Hern\u00e1n Tantardini, SVP &amp; common supervisor Savory BU de Pepsico Meals M\u00e9xico \u201cDebemos adaptarnos a las necesidades de nuestros consumidores desde el entendimiento, para generar productos y experiencias que conecten con ellos\u201d.\u00a0(Ver cita completa) Miguel Pava, gerente common de PHD Costa Rica\u201cNuestra responsabilidad como publicistas va m\u00e1s all\u00e1 de conectar marcas con consumidores, sino [&hellip;]<\/p>\n","protected":false},"author":2,"featured_media":288248,"comment_status":"open","ping_status":"closed","sticky":false,"template":"","format":"standard","meta":{"om_disable_all_campaigns":false,"jnews-multi-image_gallery":[],"jnews_single_post":[],"jnews_primary_category":[],"jnews_social_meta":[],"footnotes":""},"categories":[43],"tags":[42359,42360],"class_list":["post-288247","post","type-post","status-publish","format-standard","has-post-thumbnail","hentry","category-gourmet","tag-adlatina-magazine-125","tag-destacados-2021"],"_links":{"self":[{"href":"https:\/\/dimensionturistica.com\/es\/wp-json\/wp\/v2\/posts\/288247","targetHints":{"allow":["GET"]}}],"collection":[{"href":"https:\/\/dimensionturistica.com\/es\/wp-json\/wp\/v2\/posts"}],"about":[{"href":"https:\/\/dimensionturistica.com\/es\/wp-json\/wp\/v2\/types\/post"}],"author":[{"embeddable":true,"href":"https:\/\/dimensionturistica.com\/es\/wp-json\/wp\/v2\/users\/2"}],"replies":[{"embeddable":true,"href":"https:\/\/dimensionturistica.com\/es\/wp-json\/wp\/v2\/comments?post=288247"}],"version-history":[{"count":0,"href":"https:\/\/dimensionturistica.com\/es\/wp-json\/wp\/v2\/posts\/288247\/revisions"}],"wp:featuredmedia":[{"embeddable":true,"href":"https:\/\/dimensionturistica.com\/es\/wp-json\/wp\/v2\/media\/288248"}],"wp:attachment":[{"href":"https:\/\/dimensionturistica.com\/es\/wp-json\/wp\/v2\/media?parent=288247"}],"wp:term":[{"taxonomy":"category","embeddable":true,"href":"https:\/\/dimensionturistica.com\/es\/wp-json\/wp\/v2\/categories?post=288247"},{"taxonomy":"post_tag","embeddable":true,"href":"https:\/\/dimensionturistica.com\/es\/wp-json\/wp\/v2\/tags?post=288247"}],"curies":[{"name":"wp","href":"https:\/\/api.w.org\/{rel}","templated":true}]}}