{"id":287890,"date":"2022-03-16T07:49:43","date_gmt":"2022-03-16T07:49:43","guid":{"rendered":"https:\/\/dimensionturistica.com\/es\/?p=287890"},"modified":"2022-03-16T07:49:43","modified_gmt":"2022-03-16T07:49:43","slug":"turoperadores-franceses-reiteran-interes-en-destino-cuba","status":"publish","type":"post","link":"https:\/\/dimensionturistica.com\/es\/turoperadores-franceses-reiteran-interes-en-destino-cuba\/","title":{"rendered":"Turoperadores franceses reiteran inter\u00e9s en destino Cuba"},"content":{"rendered":"<p> <br \/>\n<\/p>\n<div>\n<p>   Para nosotros Cuba representa un destino absolutamente fant\u00e1stico, y trabajamos duro para regresar despu\u00e9s de dos a\u00f1os de impacto mundial de la pandemia de la Covid-19, del que por supuesto la isla no escap\u00f3, declar\u00f3 a Prensa Latina el director common del grupo Le Vacon, Julien Hamon.<\/p>\n<p> En ese sentido, destac\u00f3 que ya est\u00e1n confirmados varios grupos de viajeros para visitar la mayor de las Antillas en los pr\u00f3ximos meses con la empresa Voyages Internationaux, especializada en circuitos, una de las modalidades preferidas de los franceses.<\/p>\n<p>   Vemos se\u00f1ales alentadoras en la recuperaci\u00f3n de un mercado atractivo por su autenticidad, belleza y calor humano, que garantiza unas excelentes vacaciones, dijo.<\/p>\n<p>   Tambi\u00e9n la directora de Havanatour Paris, Grettel L\u00f3pez, se\u00f1al\u00f3 que desde la reactivaci\u00f3n del turismo en Cuba, en noviembre pasado, vuelven poco a poco las ventas, aunque vaticin\u00f3 el despegue definitivo para la pr\u00f3xima temporada, que se extender\u00e1 de noviembre de este a\u00f1o a abril del 2023, con un pico previo en el verano.<\/p>\n<p>   Llevamos 40 a\u00f1os como especialistas del destino Cuba, y apreciamos la preferencia de los clientes por los viajes a la carta, o sea preparados a su medida, con el inter\u00e9s de descubrir m\u00e1s all\u00e1 del sol y la playa, acerc\u00e1ndose a la cultura, la historia y la idiosincrasia del pa\u00eds caribe\u00f1o, coment\u00f3.<\/p>\n<p>   Por su parte, la directora common del turoperador Sol Latino, Katia Darchy, consider\u00f3 que la recuperaci\u00f3n del mercado ser\u00e1 paulatina, despu\u00e9s de las afectaciones globales causadas por la pandemia.<\/p>\n<p>   Desde noviembre comenzamos a operar, informando a las agencias de viaje y a los clientes, y creo que vivimos el momento de convencerlos de que ya pueden regresar a un pa\u00eds que conserva sus grandes cualidades por su riqueza humana, cultural y pure, manifest\u00f3 a Prensa Latina.<\/p>\n<p>   De acuerdo con Darchy, la isla constituye un destino privilegiado, a partir de su seguridad, tanto f\u00edsica como sanitaria, el ambiente de acogida y su indiscutible belleza.<\/p>\n<p>   Los franceses se ven encantados por la cultura, el calor que les ofrece la gente y la hospitalidad de un pueblo siempre dispuesto a recibirlos y a compartir lo que tiene, pese a las dificultades econ\u00f3micas, opin\u00f3.<\/p>\n<p>   Hamon, L\u00f3pez y Darchy participaron anoche en una velada en la embajada de Cuba en Francia, donde recibieron una actualizaci\u00f3n sobre las novedades de la reactivaci\u00f3n del turismo en  la naci\u00f3n antillana.<\/p>\n<p>   La consejera de Turismo de la embajada, Diana Rosa Gonz\u00e1lez, brind\u00f3 detalles de los trabajos realizados durante los dos a\u00f1os de pandemia para mejorar la infraestructura hotelera y la calidad del servicio, en \u00e1reas como el acceso a Web, los restaurantes y las piscinas.<\/p>\n<p>   Asimismo, convoc\u00f3 a los turoperadores franceses a participar en la Feria Internacional del Turismo FITCuba 2022, que se celebrar\u00e1 del 3 al 7 de mayo en el mundialmente famoso balneario de Varadero.<\/p>\n<p>rgh\/wmr<\/p>\n<\/p><\/div>\n\n<p><em> &#8221; Fuentes www.prensa-latina.cu &#8221; <\/em><\/p>\n","protected":false},"excerpt":{"rendered":"<p>Para nosotros Cuba representa un destino absolutamente fant\u00e1stico, y trabajamos duro para regresar despu\u00e9s de dos a\u00f1os de impacto mundial de la pandemia de la Covid-19, del que por supuesto la isla no escap\u00f3, declar\u00f3 a Prensa Latina el director common del grupo Le Vacon, Julien Hamon. En ese sentido, destac\u00f3 que ya est\u00e1n confirmados [&hellip;]<\/p>\n","protected":false},"author":4,"featured_media":221258,"comment_status":"open","ping_status":"closed","sticky":false,"template":"","format":"standard","meta":{"om_disable_all_campaigns":false,"jnews-multi-image_gallery":[],"jnews_single_post":[],"jnews_primary_category":[],"jnews_social_meta":[],"footnotes":""},"categories":[40],"tags":[37281,715,3918,35201],"class_list":["post-287890","post","type-post","status-publish","format-standard","has-post-thumbnail","hentry","category-industria","tag-cubaturismo","tag-economia","tag-francia","tag-nota-informativa"],"_links":{"self":[{"href":"https:\/\/dimensionturistica.com\/es\/wp-json\/wp\/v2\/posts\/287890","targetHints":{"allow":["GET"]}}],"collection":[{"href":"https:\/\/dimensionturistica.com\/es\/wp-json\/wp\/v2\/posts"}],"about":[{"href":"https:\/\/dimensionturistica.com\/es\/wp-json\/wp\/v2\/types\/post"}],"author":[{"embeddable":true,"href":"https:\/\/dimensionturistica.com\/es\/wp-json\/wp\/v2\/users\/4"}],"replies":[{"embeddable":true,"href":"https:\/\/dimensionturistica.com\/es\/wp-json\/wp\/v2\/comments?post=287890"}],"version-history":[{"count":0,"href":"https:\/\/dimensionturistica.com\/es\/wp-json\/wp\/v2\/posts\/287890\/revisions"}],"wp:featuredmedia":[{"embeddable":true,"href":"https:\/\/dimensionturistica.com\/es\/wp-json\/wp\/v2\/media\/221258"}],"wp:attachment":[{"href":"https:\/\/dimensionturistica.com\/es\/wp-json\/wp\/v2\/media?parent=287890"}],"wp:term":[{"taxonomy":"category","embeddable":true,"href":"https:\/\/dimensionturistica.com\/es\/wp-json\/wp\/v2\/categories?post=287890"},{"taxonomy":"post_tag","embeddable":true,"href":"https:\/\/dimensionturistica.com\/es\/wp-json\/wp\/v2\/tags?post=287890"}],"curies":[{"name":"wp","href":"https:\/\/api.w.org\/{rel}","templated":true}]}}