{"id":287812,"date":"2022-03-16T01:03:45","date_gmt":"2022-03-16T01:03:45","guid":{"rendered":"https:\/\/dimensionturistica.com\/es\/?p=287812"},"modified":"2022-03-16T01:03:45","modified_gmt":"2022-03-16T01:03:45","slug":"la-cursa-de-la-dona-vicky-foods-sigue-con-su-plan-de-entrenamientos-gratuitos","status":"publish","type":"post","link":"https:\/\/dimensionturistica.com\/es\/la-cursa-de-la-dona-vicky-foods-sigue-con-su-plan-de-entrenamientos-gratuitos\/","title":{"rendered":"La Cursa de la Dona Vicky Foods sigue con su plan de entrenamientos gratuitos"},"content":{"rendered":"<p> <br \/>\n<\/p>\n<div id=\"post-text\">\n<p>El Membership d\u2019Atletisme Safor Teika, como organizador de la XIII Cursa de la Dona Vicky Meals, celebr\u00f3 los entrenamientos presenciales para preparar la carrera, que tendr\u00e1 lugar el domingo, 27 de marzo. De las sesiones previstas, la del domingo, 6 de marzo, se tuvo que posponer por la lluvia y se celebrar\u00e1 este domingo, 20. El domingo pasado se dieron cita m\u00e1s de 150 mujeres en el parque de Joan Fuster, y este martes fue el \u201centrenamiento fallero\u201d, una modalidad consistente en recorrer las principales fallas de Gandia.<\/p>\n<p>Estas sesiones se completan con otras para hacer en casa, que la Cursa ha difundido a trav\u00e9s de las redes sociales y la net oficial, a diferentes ritmos, con el fin de sumar en complete un plan de ocho semanas. Todos ellos han sido creados y supervisados por el monitor de \u2018fitness\u2019 Miguel \u00c1ngel Garc\u00eda.<\/p>\n<p>Por lo que respecta al domingo pasado supuso un reencuentro dos a\u00f1os despu\u00e9s, ya que en 2020 s\u00ed que se complet\u00f3 este programa de entrenamientos previos, pero finalmente la Cursa no lleg\u00f3 a celebrarse, al suspenderse por la pandemia y la declaraci\u00f3n del estado de alarma. En esta sesi\u00f3n colabor\u00f3 el departamento de Igualtat Gandia, con motivo del D\u00eda de la Mujer, que se volc\u00f3 con la instalaci\u00f3n de un Punto Violeta, desde el que se obsequi\u00f3 a las participantes con varios detalles, entre ellos el libro \u201cResilientes\u201d, de Marina Vall\u00e9s, con testimonios de varias mujeres v\u00edctimas de violencia de g\u00e9nero, mascarillas y pins artesanos. A la sesi\u00f3n acudi\u00f3 la concejala de Igualdad, Juana Navarro, quien tambi\u00e9n se ejercit\u00f3 como el resto de las mujeres. Tambi\u00e9n particip\u00f3 el Grupo Biom\u00e9dico Ascires, montando un \u201cphotocall\u201d, un plano con el recorrido, y repartiendo mochilas.<\/p>\n<p>Por su parte, el de este martes consisti\u00f3 en un itinerario por los principales monumentos falleros plantados en el centro de la ciudad, y una recepci\u00f3n en el ayuntamiento por parte del alcalde de Gandia, Jos\u00e9 Manuel Prieto, y el vicealcalde, Josep Alandete, para finalizar con un almuerzo saludable.<\/p>\n<p>En ambas sesiones, totalmente gratuitas, las asistentes recibieron antes de empezar una camiseta t\u00e9cnica con la colaboraci\u00f3n de Cl\u00ednicas Biom\u00e9dicas Ascires, y al finalizar avituallamiento l\u00edquido y s\u00f3lido, para reponer fuerzas.<\/p>\n<p>La XIII Cursa de la Dona Vicky Meals recupera este a\u00f1o su circuito authentic. La salida tendr\u00e1 lugar a las 11 horas desde la avenida de Les Esclaves y la meta ser\u00e1 en el mismo espacio. Las inscripciones siguen abiertas, tanto en la p\u00e1gina net oficial de la carrera (www.cursadeladonagandia.com) como en los puntos f\u00edsicos de establecimientos colaboradores. En el tramo remaining del 16 al 23 de marzo el precio es de 10 euros (8 euros, m\u00e1s 2 euros solidarios). Las mujeres que se inscribieron en 2020 tienen asegurado autom\u00e1ticamente su dorsal para 2022.\u00a0\u00a0<\/p>\n<\/div>\n\n<p><em> \u2018 The preceding article may include information circulated by third parties \u2019 <\/em><\/p>\n<p><em> \u2018 Some details of this article were extracted from the following source www.elperiodic.com \u2019 <\/em><\/p>\n","protected":false},"excerpt":{"rendered":"<p>El Membership d\u2019Atletisme Safor Teika, como organizador de la XIII Cursa de la Dona Vicky Meals, celebr\u00f3 los entrenamientos presenciales para preparar la carrera, que tendr\u00e1 lugar el domingo, 27 de marzo. De las sesiones previstas, la del domingo, 6 de marzo, se tuvo que posponer por la lluvia y se celebrar\u00e1 este domingo, 20. [&hellip;]<\/p>\n","protected":false},"author":2,"featured_media":287813,"comment_status":"open","ping_status":"closed","sticky":false,"template":"","format":"standard","meta":{"om_disable_all_campaigns":false,"jnews-multi-image_gallery":[],"jnews_single_post":[],"jnews_primary_category":[],"jnews_social_meta":[],"footnotes":""},"categories":[43],"tags":[],"class_list":["post-287812","post","type-post","status-publish","format-standard","has-post-thumbnail","hentry","category-gourmet"],"_links":{"self":[{"href":"https:\/\/dimensionturistica.com\/es\/wp-json\/wp\/v2\/posts\/287812","targetHints":{"allow":["GET"]}}],"collection":[{"href":"https:\/\/dimensionturistica.com\/es\/wp-json\/wp\/v2\/posts"}],"about":[{"href":"https:\/\/dimensionturistica.com\/es\/wp-json\/wp\/v2\/types\/post"}],"author":[{"embeddable":true,"href":"https:\/\/dimensionturistica.com\/es\/wp-json\/wp\/v2\/users\/2"}],"replies":[{"embeddable":true,"href":"https:\/\/dimensionturistica.com\/es\/wp-json\/wp\/v2\/comments?post=287812"}],"version-history":[{"count":0,"href":"https:\/\/dimensionturistica.com\/es\/wp-json\/wp\/v2\/posts\/287812\/revisions"}],"wp:featuredmedia":[{"embeddable":true,"href":"https:\/\/dimensionturistica.com\/es\/wp-json\/wp\/v2\/media\/287813"}],"wp:attachment":[{"href":"https:\/\/dimensionturistica.com\/es\/wp-json\/wp\/v2\/media?parent=287812"}],"wp:term":[{"taxonomy":"category","embeddable":true,"href":"https:\/\/dimensionturistica.com\/es\/wp-json\/wp\/v2\/categories?post=287812"},{"taxonomy":"post_tag","embeddable":true,"href":"https:\/\/dimensionturistica.com\/es\/wp-json\/wp\/v2\/tags?post=287812"}],"curies":[{"name":"wp","href":"https:\/\/api.w.org\/{rel}","templated":true}]}}