{"id":287780,"date":"2022-03-15T23:23:38","date_gmt":"2022-03-15T23:23:38","guid":{"rendered":"https:\/\/dimensionturistica.com\/es\/?p=287780"},"modified":"2022-03-15T23:23:39","modified_gmt":"2022-03-15T23:23:39","slug":"covid-19-australia-permitira-el-regreso-de-cruceros-tras-dos-anos-de-cierre","status":"publish","type":"post","link":"https:\/\/dimensionturistica.com\/es\/covid-19-australia-permitira-el-regreso-de-cruceros-tras-dos-anos-de-cierre\/","title":{"rendered":"COVID-19: Australia permitir\u00e1 el regreso de cruceros tras dos a\u00f1os de cierre"},"content":{"rendered":"<p> <br \/>\n<\/p>\n<div id=\"article-body\">\n<p>     <!-- foto--><\/p>\n<p>El Gobierno australiano anunci\u00f3 este martes que permitir\u00e1 a partir de mediados de abril la entrada y salida de <strong>cruceros<\/strong> internacionales tras dos a\u00f1os de cierre de puertos al exterior para blindarse de la pandemia de la <a rel=\"nofollow noopener\" target=\"_blank\" href=\"https:\/\/rpp.pe\/noticias\/coronavirus\" data-mce-href=\"https:\/\/rpp.pe\/noticias\/coronavirus\">COVID-19<\/a>.<\/p>\n<p>El levantamiento de la prohibici\u00f3n, a partir del 17 de abril, permitir\u00e1 los desplazamientos de los <strong>cruceros<\/strong> internacionales que lleven a bordo pasajeros que tengan dos dosis de la vacuna contra la <strong>COVID-19<\/strong>, y cumplan una serie de requisitos y protocolos sanitarios y de seguridad.<\/p>\n<p>El ministro australiano de Turismo e Inversiones, Dan Tehan, dijo hoy en un comunicado que &#8220;la reanudaci\u00f3n de los viajes en <strong>crucero<\/strong> es otro paso m\u00e1s hacia la recuperaci\u00f3n del sector tur\u00edstico&#8221;, que en 2019 recibi\u00f3 a 600 000 pasajeros a bordo de 350 barcos tur\u00edsticos.<\/p>\n<p>El Gobierno australiano prohibi\u00f3 en marzo de 2020 la entrada de los cruceros despu\u00e9s de que el Ruby Princess, que atrac\u00f3 ese mes en S\u00eddney, se convirtiera en la primera gran fuente de <a rel=\"nofollow noopener\" target=\"_blank\" href=\"https:\/\/rpp.pe\/noticias\/coronavirus\" data-mce-href=\"https:\/\/rpp.pe\/noticias\/coronavirus\">infecciones comunitarias<\/a> en <strong>Australia<\/strong> tras el desembarque de unos 2 700 pasajeros.<\/p>\n<p>Las autoridades sanitarias vincularon unas 900 infecciones y 28 fallecimientos a esa embarcaci\u00f3n que proced\u00eda de Estados Unidos, y a la que se asociaron a principios de abril de 2020 un diez por ciento del whole de las infecciones en el pa\u00eds.<\/p>\n<h2>La pandemia en Australia<\/h2>\n<p><strong>Australia<\/strong>, que ha administrado dos dosis de la vacuna contra la <a rel=\"nofollow noopener\" target=\"_blank\" href=\"https:\/\/rpp.pe\/noticias\/coronavirus\" data-mce-href=\"https:\/\/rpp.pe\/noticias\/coronavirus\">COVID-19<\/a> a un 95 por ciento de su poblaci\u00f3n mayor de 16 a\u00f1os y acelera la inoculaci\u00f3n de la dosis de refuerzo, acumula 3,6 millones de contagios y m\u00e1s de 5 600 de fallecidos desde el inicio de la pandemia.<\/p>\n<p>Los casos en <strong>Australia<\/strong> se dispararon con la reapertura progresiva de sus fronteras internacionales, desde el pasado 1 de noviembre, y la irrupci\u00f3n de la variante \u00f3micron, que tambi\u00e9n dispar\u00f3 el n\u00famero de fallecidos, especialmente en los hogares de ancianos. (EFE)<\/p>\n<h3>Publication Todo sobre el coronavirus<\/h3>\n<p>La COVID-19 ha puesto en alerta a todos. <a rel=\"nofollow noopener\" target=\"_blank\" href=\"https:\/\/newsletter.rpp.pe\/catalogo\" data-mce-href=\"https:\/\/newsletter.rpp.pe\/catalogo\">Suscr\u00edbete<\/a> a nuestro publication Todo sobre el coronavirus, donde encontrar\u00e1s los datos diarios m\u00e1s relevantes del pa\u00eds y del mundo sobre el avance del virus y la lucha contra su propagaci\u00f3n.<\/p>\n<h3>NUESTROS PODCASTS:<\/h3>\n<h3>&#8211; \u2018Espacio Vital\u2019: \u00bfEn qu\u00e9 se parecen el f\u00fatbol y el coronavirus? El Dr. Elmer Huerta responde:<\/h3>\n<p><iframe src=\"https:\/\/eaudioplayer.radio-grpp.io\/static\/dist\/embed\/index.html?id=61bd2bd8286cd6092f61e6b9&amp;title=El%20f%C3%BAtbol%20y%20el%20Coronavirus...%C2%BFEn%20qu%C3%A9%20se%20parecen%3F&amp;url=https:\/\/audioplayer.pe\/podcast\/espaciovital\/el-futbol-y-el-coronavirusen-que-se-parecen-11676&amp;cover=https:\/\/md1.rpp-noticias.io\/256x256\/cutter\/2021\/05\/22\/1621700693.jpg&amp;program=Espacio%20Vital%20%7C%20podcast&amp;v=3\" frameborder=\"0\" width=\"100%\" height=\"122\" scrolling=\"no\" loading=\"lazy\"><\/iframe><\/p>\n<p>\t        \t        <!-- aqui va el contenido medio de la nota -->\n\t    <\/div>\n\n<p><em> &#8221; Fuentes rpp.pe &#8221; <\/em><\/p>\n","protected":false},"excerpt":{"rendered":"<p>El Gobierno australiano anunci\u00f3 este martes que permitir\u00e1 a partir de mediados de abril la entrada y salida de cruceros internacionales tras dos a\u00f1os de cierre de puertos al exterior para blindarse de la pandemia de la COVID-19. El levantamiento de la prohibici\u00f3n, a partir del 17 de abril, permitir\u00e1 los desplazamientos de los cruceros [&hellip;]<\/p>\n","protected":false},"author":4,"featured_media":287781,"comment_status":"open","ping_status":"closed","sticky":false,"template":"","format":"standard","meta":{"om_disable_all_campaigns":false,"jnews-multi-image_gallery":[],"jnews_single_post":[],"jnews_primary_category":[],"jnews_social_meta":[],"footnotes":""},"categories":[41],"tags":[2409,55,510],"class_list":["post-287780","post","type-post","status-publish","format-standard","has-post-thumbnail","hentry","category-cruceros","tag-australia","tag-coronavirus","tag-covid-19"],"_links":{"self":[{"href":"https:\/\/dimensionturistica.com\/es\/wp-json\/wp\/v2\/posts\/287780","targetHints":{"allow":["GET"]}}],"collection":[{"href":"https:\/\/dimensionturistica.com\/es\/wp-json\/wp\/v2\/posts"}],"about":[{"href":"https:\/\/dimensionturistica.com\/es\/wp-json\/wp\/v2\/types\/post"}],"author":[{"embeddable":true,"href":"https:\/\/dimensionturistica.com\/es\/wp-json\/wp\/v2\/users\/4"}],"replies":[{"embeddable":true,"href":"https:\/\/dimensionturistica.com\/es\/wp-json\/wp\/v2\/comments?post=287780"}],"version-history":[{"count":0,"href":"https:\/\/dimensionturistica.com\/es\/wp-json\/wp\/v2\/posts\/287780\/revisions"}],"wp:featuredmedia":[{"embeddable":true,"href":"https:\/\/dimensionturistica.com\/es\/wp-json\/wp\/v2\/media\/287781"}],"wp:attachment":[{"href":"https:\/\/dimensionturistica.com\/es\/wp-json\/wp\/v2\/media?parent=287780"}],"wp:term":[{"taxonomy":"category","embeddable":true,"href":"https:\/\/dimensionturistica.com\/es\/wp-json\/wp\/v2\/categories?post=287780"},{"taxonomy":"post_tag","embeddable":true,"href":"https:\/\/dimensionturistica.com\/es\/wp-json\/wp\/v2\/tags?post=287780"}],"curies":[{"name":"wp","href":"https:\/\/api.w.org\/{rel}","templated":true}]}}