{"id":287715,"date":"2022-03-15T21:10:21","date_gmt":"2022-03-15T21:10:21","guid":{"rendered":"https:\/\/dimensionturistica.com\/es\/?p=287715"},"modified":"2022-03-15T21:10:22","modified_gmt":"2022-03-15T21:10:22","slug":"noelia-marzol-acaparo-todas-las-miradas-con-estas-arriesgadas-fotos-en-la-playa","status":"publish","type":"post","link":"https:\/\/dimensionturistica.com\/es\/noelia-marzol-acaparo-todas-las-miradas-con-estas-arriesgadas-fotos-en-la-playa\/","title":{"rendered":"Noelia Marzol acapar\u00f3 todas las miradas con estas arriesgadas fotos en la playa"},"content":{"rendered":"<p> <br \/>\n<\/p>\n<div id=\"cuerpo-nota\">\n<p><a rel=\"nofollow noopener\" target=\"_blank\" href=\"https:\/\/www.instagram.com\/noeliamarzolok\/?hl=es-la\"><strong>Noelia Marzol<\/strong><\/a> es una de las celebridades m\u00e1s populares de nuestro pa\u00eds y luego de un ajetreado a\u00f1o decidi\u00f3 tomarse un importante descanso.<\/p>\n<p>Es que el 2021 fue, sin dudas, el a\u00f1o de<strong> Noelia Marzol<\/strong> y su familia. La llegada de Donatello a su familia trajo consigo muchas experiencias nuevas.<\/p>\n<figure class=\"image\"><img decoding=\"async\" alt=\"\" height=\"957\" src=\"https:\/\/www.ahoraargentina.com.ar\/u\/fotografias\/m\/2022\/3\/15\/f768x1-50303_50430_125.jpg\" width=\"768\"\/><figcaption>Noelia Marzol. Fuente: (Instagram).<\/figcaption><\/figure>\n<p>Adem\u00e1s, la <strong>modelo<\/strong> logr\u00f3 consagrarse como la mejor bailarina de la \u00faltima temporada que present\u00f3 <a rel=\"nofollow noopener\" target=\"_blank\" href=\"https:\/\/www.instagram.com\/marcelotinelli\/?hl=es-la\">Marcelo Tinelli<\/a> en &#8220;ShowMatch, La Academia&#8221;.<\/p>\n<aside class=\"htmlinline\"\/>\n<p>Todo esto llev\u00f3 a que\u00a0<strong> Noelia <\/strong>tomar\u00e1 la decisi\u00f3n de abandonar el pa\u00eds y descansar junto a su peque\u00f1o en uno de los mejores destinos del Caribe.<\/p>\n<figure class=\"image\"><img decoding=\"async\" alt=\"\" height=\"957\" src=\"https:\/\/www.ahoraargentina.com.ar\/u\/fotografias\/m\/2022\/3\/15\/f768x1-50302_50429_5050.jpg\" width=\"768\"\/><figcaption>Noelia Marzol. Fuente: (Instagram).<\/figcaption><\/figure>\n<p><span class=\"marker\">Las playas de la Ribera Maya fueron el lugar que eligieron la <strong>modelo<\/strong> y sus amigas para vacacionar<\/span> y es desde all\u00ed de donde se comparti\u00f3 un exclusivo guide de fotos.<\/p>\n<blockquote>\n<p>&#8220;Si estuviera promocionando contenido para H seguramente no la bajar\u00eda&#8230; !C\u00f3mo estoy tranqui disfrutando de mi libertad en vacaciones, molesta!&#8221;.<\/p>\n<aside class=\"htmlinline\"\/><\/blockquote>\n<p>El mensaje de <strong>Noelia Marzol <\/strong>estaba dirigido a la empresa de Instagram ya que esta es la segunda oportunidad en la que debe compartir sus fotograf\u00edas.<\/p>\n<figure class=\"image\"><img decoding=\"async\" alt=\"\" height=\"957\" src=\"https:\/\/www.ahoraargentina.com.ar\/u\/fotografias\/m\/2022\/3\/15\/f768x1-50304_50431_5050.jpg\" width=\"768\"\/><figcaption>Noelia Marzol. Fuente: (Instagram).<\/figcaption><\/figure>\n<h2 style=\"font-style:italic;\">Conflicto<\/h2>\n<p>Desde Instagram consideran que el contenido que comparti\u00f3<strong> Noelia Marzol <\/strong>respecto a sus vacaciones en las playas de M\u00e9xico infringe las normas de convivencia.\n<\/p>\n<p>Ante ello, Instagram decidi\u00f3 borrar las fotograf\u00edas y la<strong> modelo<\/strong> las volvi\u00f3 a subir, aclarando que su contenido no ten\u00eda malas intenciones.\n<\/p>\n<\/div>\n<p><script async defer src=\"https:\/\/platform.instagram.com\/en_US\/embeds.js\"><\/script><br \/>\n<br \/><\/p>\n<p><em> &#8221; Fuentes www.ahoraargentina.com.ar &#8221; <\/em><\/p>\n","protected":false},"excerpt":{"rendered":"<p>Noelia Marzol es una de las celebridades m\u00e1s populares de nuestro pa\u00eds y luego de un ajetreado a\u00f1o decidi\u00f3 tomarse un importante descanso. Es que el 2021 fue, sin dudas, el a\u00f1o de Noelia Marzol y su familia. La llegada de Donatello a su familia trajo consigo muchas experiencias nuevas. Noelia Marzol. Fuente: (Instagram). Adem\u00e1s, [&hellip;]<\/p>\n","protected":false},"author":4,"featured_media":287716,"comment_status":"open","ping_status":"closed","sticky":false,"template":"","format":"standard","meta":{"om_disable_all_campaigns":false,"jnews-multi-image_gallery":[],"jnews_single_post":[],"jnews_primary_category":[],"jnews_social_meta":[],"footnotes":""},"categories":[39],"tags":[2183,42293,2007],"class_list":["post-287715","post","type-post","status-publish","format-standard","has-post-thumbnail","hentry","category-viajes","tag-instagram","tag-noelia-marzol","tag-redes-sociales"],"_links":{"self":[{"href":"https:\/\/dimensionturistica.com\/es\/wp-json\/wp\/v2\/posts\/287715","targetHints":{"allow":["GET"]}}],"collection":[{"href":"https:\/\/dimensionturistica.com\/es\/wp-json\/wp\/v2\/posts"}],"about":[{"href":"https:\/\/dimensionturistica.com\/es\/wp-json\/wp\/v2\/types\/post"}],"author":[{"embeddable":true,"href":"https:\/\/dimensionturistica.com\/es\/wp-json\/wp\/v2\/users\/4"}],"replies":[{"embeddable":true,"href":"https:\/\/dimensionturistica.com\/es\/wp-json\/wp\/v2\/comments?post=287715"}],"version-history":[{"count":0,"href":"https:\/\/dimensionturistica.com\/es\/wp-json\/wp\/v2\/posts\/287715\/revisions"}],"wp:featuredmedia":[{"embeddable":true,"href":"https:\/\/dimensionturistica.com\/es\/wp-json\/wp\/v2\/media\/287716"}],"wp:attachment":[{"href":"https:\/\/dimensionturistica.com\/es\/wp-json\/wp\/v2\/media?parent=287715"}],"wp:term":[{"taxonomy":"category","embeddable":true,"href":"https:\/\/dimensionturistica.com\/es\/wp-json\/wp\/v2\/categories?post=287715"},{"taxonomy":"post_tag","embeddable":true,"href":"https:\/\/dimensionturistica.com\/es\/wp-json\/wp\/v2\/tags?post=287715"}],"curies":[{"name":"wp","href":"https:\/\/api.w.org\/{rel}","templated":true}]}}