{"id":287529,"date":"2022-03-15T17:01:23","date_gmt":"2022-03-15T17:01:23","guid":{"rendered":"https:\/\/dimensionturistica.com\/es\/?p=287529"},"modified":"2022-03-15T17:01:24","modified_gmt":"2022-03-15T17:01:24","slug":"en-el-nombre-de-la-madre-vicky-foods-asi-es-la-reina-del-dulce-industrial-negocios","status":"publish","type":"post","link":"https:\/\/dimensionturistica.com\/es\/en-el-nombre-de-la-madre-vicky-foods-asi-es-la-reina-del-dulce-industrial-negocios\/","title":{"rendered":"En el nombre de la madre, Vicky Foods: as\u00ed es la reina del dulce industrial | Negocios"},"content":{"rendered":"<p> <br \/>\n<\/p>\n<div>\n<p class=\"\">Un obrador de pan en Villalonga (Valencia) abierto en los a\u00f1os cincuenta del siglo pasado es el germen de <a target=\"_blank\" href=\"https:\/\/elpais.com\/economia\/2019\/06\/18\/actualidad\/1560854805_180482.html\" rel=\"noopener\">la actual Vicky Foods (la antigua Dulcesol)<\/a>; una empresa 100% acquainted y hoy en manos de los hijos de los fundadores, los hermanos Juan (Rafael, Juan Jos\u00e9 y Dolores). Su apuesta por la diversificaci\u00f3n y la internacionalizaci\u00f3n les hizo cambiar de denominaci\u00f3n en 2019, al tiempo que homenajeaban a Victoria, su madre, famosa por inventar las magdalenas con forma cuadrada. \u201cCon la ampliaci\u00f3n de la gama de productos buscamos una marca que agrupara todas las categor\u00edas. Y para salir fuera de Espa\u00f1a necesit\u00e1bamos un nombre que nos identificara como una empresa de alimentaci\u00f3n\u201d, explica Rafael Juan, consejero delegado de la compa\u00f1\u00eda.<\/p>\n<p class=\"\">La empresa, que inici\u00f3 su andadura elaborando pan, abandon\u00f3 esta actividad en los a\u00f1os sesenta por <a target=\"_blank\" href=\"https:\/\/elpais.com\/economia\/2017\/05\/18\/actualidad\/1495122982_246219.html\" rel=\"noopener\">la creciente demanda de la boller\u00eda<\/a>. Sin embargo, volvieron a hacer pan a principios de este siglo. \u201cVimos que marcas como Bimbo o Panrico, nuestra competencia, se centraban en este producto. Est\u00e1bamos en los mismos mercados y nosotros ten\u00edamos que estar tambi\u00e9n\u201d, afirma Juan. Un sector que recupera protagonismo y en el que <a target=\"_blank\" href=\"https:\/\/cincodias.elpais.com\/cincodias\/2020\/01\/17\/companias\/1579259406_969576.html\" rel=\"noopener\">Vi\u00adcky Foods centra una buena parte de sus inversiones \u201440 millones de euros desembolsados en los dos \u00faltimos a\u00f1os<\/a>\u2014, con las que adquiri\u00f3 tres l\u00edneas de producci\u00f3n para fabricar pan de molde, pan de hamburguesa y de perritos calientes. De hecho, el pan ahora supone el 52% de la producci\u00f3n whole, un 30% de la cuota de exportaci\u00f3n y una facturaci\u00f3n de 127 millones en 2021, frente a los 96 millones de 2020.<\/p>\n<p class=\"\">Un producto que la empresa valenciana ve en pleno crecimiento y con el que reforzar\u00eda su presencia en las principales cadenas en Espa\u00f1a, sobre todo como marca de distribuidor. Y es que para la compa\u00f1\u00eda esta v\u00eda de negocio supone un peso relevante, con un 54% de la facturaci\u00f3n international. \u201cEs muy importante en el negocio y estamos presentes en toda la distribuci\u00f3n, tambi\u00e9n fuera de Espa\u00f1a, en pa\u00edses como Francia o Italia\u201d.<\/p>\n<p class=\"\">Aunque el pan ha cogido fuerza, la empresa ha desembolsado otros 74 millones de euros en el periodo 2020-2022 para la mejora de procesos, infraestructuras y nuevas propuestas de productos. Novedades que en estos \u00faltimos a\u00f1os han derivado en la apertura de dos nuevas l\u00edneas de productos, una con la ense\u00f1a Be Plus, especializada en alimentaci\u00f3n saludable, con productos infantiles, batidos de frutas y verduras ecol\u00f3gicas listos para consumir, y otra con la de Hermanos Juan, con boller\u00eda y pan congelados para hosteler\u00eda y el canal de alimentaci\u00f3n. Dos l\u00edneas que junto con Dulcesol, su ense\u00f1a de referencia de boller\u00eda, dulces y pan, facturaron 376 millones de euros en 2020, un 6,5% m\u00e1s que en 2019, con una producci\u00f3n de 175 millones de toneladas.<\/p>\n<p class=\"\">Un volumen de producto que tiene su punto fuerte de venta en establecimientos f\u00edsicos y en el canal horeca (hoteles, restaurantes y cafeter\u00edas), pero no as\u00ed en web. \u201cSolo lo tenemos en Espa\u00f1a y tiene poco peso. No tiene sentido crecer con una plataforma monomarca, para eso estamos en otras como Amazon\u201d, asegura el directivo.<\/p>\n<h3 class=\"\">F\u00e1brica en Argelia<\/h3>\n<section data-ctn-subscription=\"true\" class=\"w w-cta \" id=\"cta_id\">\n<div class=\"w_b\">\n<p>Conoce en profundidad todas las caras de la moneda.<\/p>\n<p><a target=\"_blank\" class=\"w_bt btn btn-2 b-sb-geo\" data-link-mx=\"https:\/\/apiservices.krxd.net\/click_tracker\/track?kx_event_uid=N93dzz6N&amp;kx_distribuidor=redaccion&amp;kx_origen=elpais&amp;kx_disciplina=editorial&amp;kx_formato=ctaseccion&amp;kx_creatividad=economia&amp;kx_formato_creatividad=ctaseccion_economia&amp;kx_landing_destino=LATAM&amp;clk=https:\/\/elpais.com\/suscripciones\/america\/#\/campaign?cid=ZWxwYWlzX3JlZGFjY2lvbl9ta3Rjb250ZW50X2VkaXRvcmlhbF9jdGFzZWNjaW9uX2Vjb25vbWlhX0xBVEFN&amp;prod=SUSDIGAM&amp;o=susdig_camp\" data-link-am=\"https:\/\/apiservices.krxd.net\/click_tracker\/track?kx_event_uid=N93dzz6N&amp;kx_distribuidor=redaccion&amp;kx_origen=elpais&amp;kx_disciplina=editorial&amp;kx_formato=ctaseccion&amp;kx_creatividad=economia&amp;kx_formato_creatividad=ctaseccion_economia&amp;kx_landing_destino=LATAM&amp;clk=https:\/\/elpais.com\/suscripciones\/america\/#\/campaign?cid=ZWxwYWlzX3JlZGFjY2lvbl9ta3Rjb250ZW50X2VkaXRvcmlhbF9jdGFzZWNjaW9uX2Vjb25vbWlhX0xBVEFN&amp;prod=SUSDIGAM&amp;o=susdig_camp\" href=\"https:\/\/apiservices.krxd.net\/click_tracker\/track?kx_event_uid=N0syfYIF&amp;kx_distribuidor=redaccion&amp;kx_origen=elpais&amp;kx_disciplina=editorial&amp;kx_formato=ctaseccion&amp;kx_creatividad=economia&amp;kx_formato_creatividad=ctaseccion_economia&amp;kx_landing_destino=ES&amp;clk=https:\/\/elpais.com\/landing_oferta\/#\/campaign?cid=ZWxwYWlzX3JlZGFjY2lvbl9ta3Rjb250ZW50X2VkaXRvcmlhbF9jdGFzZWNjaW9uX2Vjb25vbWlhX0VT&amp;prod=SUSDIG&amp;o=susdig_camp&amp;prm=nwl_suscrip_cta_articulo_Subscription_espa&#xF1;a\" id=\"cta_link_btn_id\" rel=\"noopener\">Suscr\u00edbete<\/a><\/div>\n<\/section>\n<p class=\"\">Vicky Meals tiene una plantilla de 2.600 empleados que se reparten entre los cuatro centros de producci\u00f3n situados en Gand\u00eda, Villalonga, X\u00e1tiva (los tres en Valencia) y Sig, cerca de Or\u00e1n, en Argelia. Una f\u00e1brica esta \u00faltima que se inaugur\u00f3 en 2015, en la que operan 300 empleados y que supuso una inversi\u00f3n de 18 millones de euros. \u201cEmpezamos vendiendo producto a trav\u00e9s de un distribuidor local y en tres a\u00f1os nos convertimos en la marca l\u00edder de ventas en pasteler\u00eda. Una situaci\u00f3n que, junto con una inversi\u00f3n menos elevada que en otros pa\u00edses, propici\u00f3 montar una nueva f\u00e1brica all\u00ed\u201d, se\u00f1ala Juan. Un primer paso en el exterior que les ha llevado a subir un nuevo escal\u00f3n con la puesta en marcha de otra f\u00e1brica en Francia, en la regi\u00f3n de Borgo\u00f1a-Franco Condado.<\/p>\n<figure class=\"a_m a_m-h\"><span class=\"_db a_m_w _pr lb_btn\"><img alt=\"Instalaciones de la compa&#xF1;&#xED;a valenciana Vicky Foods.\" decoding=\"auto\" class=\"_re lazyload a_m-h\" height=\"291\" srcset=\"https:\/\/imagenes.elpais.com\/resizer\/3ZSCKsEb2Mav7wRPWZU8iG0bRCY=\/414x0\/cloudfront-eu-central-1.images.arcpublishing.com\/prisa\/KP4MNFICCFGOPPAXSWNZC5ROBY.jpg 414w,https:\/\/imagenes.elpais.com\/resizer\/Gx0-N64GgvSlxS4zYdyI--slFro=\/828x0\/cloudfront-eu-central-1.images.arcpublishing.com\/prisa\/KP4MNFICCFGOPPAXSWNZC5ROBY.jpg 640w,https:\/\/imagenes.elpais.com\/resizer\/2SHiuHp1YYS-bOnacEY_Ogqura0=\/980x0\/cloudfront-eu-central-1.images.arcpublishing.com\/prisa\/KP4MNFICCFGOPPAXSWNZC5ROBY.jpg 1000w,https:\/\/imagenes.elpais.com\/resizer\/Yyd44a6kTaYOk6tb_O_lTuJab8Q=\/1960x0\/cloudfront-eu-central-1.images.arcpublishing.com\/prisa\/KP4MNFICCFGOPPAXSWNZC5ROBY.jpg 1960w\" width=\"414\" loading=\"lazy\" src=\"https:\/\/imagenes.elpais.com\/resizer\/3ZSCKsEb2Mav7wRPWZU8iG0bRCY=\/414x0\/cloudfront-eu-central-1.images.arcpublishing.com\/prisa\/KP4MNFICCFGOPPAXSWNZC5ROBY.jpg\"\/><svg class=\"icon_multimedia_ampliar | _pa a_m_i a_m_i-a _dn\" viewbox=\"0 0 40 40\"><use xlink:href=\"#svg-ampliar\"\/><\/svg><\/span><figcaption class=\"a_m_p\"><span>Instalaciones de la compa\u00f1\u00eda valenciana Vicky Meals.<\/span><span class=\"a_m_m\">Sergi Escriva<\/span><\/figcaption><\/figure>\n<p class=\"\">Francia supuso el 36% del volumen de negocio internacional de la compa\u00f1\u00eda en 2020. \u201cPrimero pensamos en Portugal, pero este mercado estaba cubierto desde Espa\u00f1a\u201d, apunta Juan. En la planta francesa han invertido 64 millones de euros. Entrar\u00e1 en funcionamiento en 2023, con el pan y la boller\u00eda como sus principales ejes de producci\u00f3n, y crear\u00e1 unos 100 puestos de trabajo directo. El proyecto se englo\u00adba dentro de su apuesta por la internacionalizaci\u00f3n de la marca, que no ha querido en cambio responder a c\u00f3mo les afecta el conflicto en Ucrania cuando <a target=\"_blank\" href=\"https:\/\/elpais.com\/economia\/2022-03-10\/golpe-a-los-dulces-industriales-por-la-guerra-de-ucrania-el-sector-avisa-de-que-solo-tiene-aceite-para-producir-entre-dos-y-cuatro-semanas-mas.html\" rel=\"noopener\">el sector ha alertado de falta de aceites para la boller\u00ed<\/a>a. S\u00ed recuerdan otra disaster: la de la entrada en el euro. \u201cEn la primera d\u00e9cada de este siglo dejamos de crecer e incluso perdimos mercados como el ruso o el de los pa\u00edses del este de Europa, donde hab\u00edamos tenido un volumen importante. Cambiamos de estrategia y pasamos de exportar un 2% a un 21% actual\u201d, confirma el directivo. Con un saldo international de 78 millones de euros y sus productos en m\u00e1s de 50 pa\u00edses, sus principales destinos se reparten entre Portugal, Francia y<a target=\"_blank\" href=\"https:\/\/cincodias.elpais.com\/cincodias\/2014\/10\/03\/empresas\/1412365990_011445.html\" rel=\"noopener\"> Argelia<\/a>.<\/p>\n<p class=\"\">Otra de sus palancas de crecimiento es el desarrollo de nuevos proyectos a trav\u00e9s de su centro de innovaci\u00f3n, ubicado en Villalonga. Con una inversi\u00f3n de 6,5 millones de euros, fue inaugurado en 2019 y cuenta con una plantilla de 150 personas. \u201cTrabajamos en el desarrollo de nuevos productos, ya que en cada pa\u00eds se demandan cosas distintas. Tambi\u00e9n en la mejora de aspectos nutricionales\u201d. Una mejora que Vicky Meals ha implementado en sus productos al eliminar las grasas hidrogenadas hace una d\u00e9cada, parte del aceite de palma o la reducci\u00f3n de la sal y el az\u00facar de sus productos, \u201clo que ha supuesto un cambio en todas las recetas\u201d, apunta Juan. Unos cambios que tuvieron su punto de partida en la puesta en marcha de su propia granja de gallinas en los a\u00f1os ochenta, \u201cpara tener huevos de primera calidad y a precios competitivos\u201d, a\u00f1ade.<\/p>\n<p class=\"\">Tambi\u00e9n han introducido otros cambios como el de los envases, al sustituir los convencionales por otros de materiales biodegradables, de momento solo en la l\u00ednea Dulcesol. \u201cHace 20 a\u00f1os el tema de los envases period un dolor de cabeza. Para desarrollar nuevos envases invertimos en Ducplast, una empresa de producci\u00f3n de envases flexibles, que ya period proveedor y que necesitaba financiaci\u00f3n para crecer, y que compramos en su totalidad en 2021\u2033, concluye Juan.<\/p>\n<\/div>\n\n<p><em> \u2018 The preceding article may include information circulated by third parties \u2019 <\/em><\/p>\n<p><em> \u2018 Some details of this article were extracted from the following source elpais.com \u2019 <\/em><\/p>\n","protected":false},"excerpt":{"rendered":"<p>Un obrador de pan en Villalonga (Valencia) abierto en los a\u00f1os cincuenta del siglo pasado es el germen de la actual Vicky Foods (la antigua Dulcesol); una empresa 100% acquainted y hoy en manos de los hijos de los fundadores, los hermanos Juan (Rafael, Juan Jos\u00e9 y Dolores). Su apuesta por la diversificaci\u00f3n y la [&hellip;]<\/p>\n","protected":false},"author":2,"featured_media":287530,"comment_status":"open","ping_status":"closed","sticky":false,"template":"","format":"standard","meta":{"om_disable_all_campaigns":false,"jnews-multi-image_gallery":[],"jnews_single_post":[],"jnews_primary_category":[],"jnews_social_meta":[],"footnotes":""},"categories":[43],"tags":[],"class_list":["post-287529","post","type-post","status-publish","format-standard","has-post-thumbnail","hentry","category-gourmet"],"_links":{"self":[{"href":"https:\/\/dimensionturistica.com\/es\/wp-json\/wp\/v2\/posts\/287529","targetHints":{"allow":["GET"]}}],"collection":[{"href":"https:\/\/dimensionturistica.com\/es\/wp-json\/wp\/v2\/posts"}],"about":[{"href":"https:\/\/dimensionturistica.com\/es\/wp-json\/wp\/v2\/types\/post"}],"author":[{"embeddable":true,"href":"https:\/\/dimensionturistica.com\/es\/wp-json\/wp\/v2\/users\/2"}],"replies":[{"embeddable":true,"href":"https:\/\/dimensionturistica.com\/es\/wp-json\/wp\/v2\/comments?post=287529"}],"version-history":[{"count":0,"href":"https:\/\/dimensionturistica.com\/es\/wp-json\/wp\/v2\/posts\/287529\/revisions"}],"wp:featuredmedia":[{"embeddable":true,"href":"https:\/\/dimensionturistica.com\/es\/wp-json\/wp\/v2\/media\/287530"}],"wp:attachment":[{"href":"https:\/\/dimensionturistica.com\/es\/wp-json\/wp\/v2\/media?parent=287529"}],"wp:term":[{"taxonomy":"category","embeddable":true,"href":"https:\/\/dimensionturistica.com\/es\/wp-json\/wp\/v2\/categories?post=287529"},{"taxonomy":"post_tag","embeddable":true,"href":"https:\/\/dimensionturistica.com\/es\/wp-json\/wp\/v2\/tags?post=287529"}],"curies":[{"name":"wp","href":"https:\/\/api.w.org\/{rel}","templated":true}]}}