{"id":287036,"date":"2022-03-14T22:53:59","date_gmt":"2022-03-14T22:53:59","guid":{"rendered":"https:\/\/dimensionturistica.com\/es\/?p=287036"},"modified":"2022-03-14T22:54:00","modified_gmt":"2022-03-14T22:54:00","slug":"los-carteles-influyen-en-elecciones-en-mexico-dicen-agencias-de-eu","status":"publish","type":"post","link":"https:\/\/dimensionturistica.com\/es\/los-carteles-influyen-en-elecciones-en-mexico-dicen-agencias-de-eu\/","title":{"rendered":"Los c\u00e1rteles influyen en elecciones en M\u00e9xico, dicen agencias de EU"},"content":{"rendered":"<p> <br \/>\n<\/p>\n<div>\n<h2 class=\"cms-Subtitulos-Subtitulo1\">Migraci\u00f3n, \u00bfuna amenaza?<\/h2>\n<p>Respecto a la migraci\u00f3n, un tema que tambi\u00e9n se incluye en la \u201cEvaluaci\u00f3n de Amenazas Alrededor del Mundo\u201d, plantea que en el hemisferio occidente, las malas condiciones socioecon\u00f3micas de a\u00f1os atr\u00e1s, los cambios en la pol\u00edtica de inmigraci\u00f3n de Estados Unidos y las oportunidades de empleo seguir\u00e1n impulsando la migraci\u00f3n hacia la frontera de M\u00e9xico y Estados Unidos.<\/p>\n<p>\u201cUn n\u00famero creciente de personas de todo el mundo ven el tr\u00e1nsito por M\u00e9xico como una forma de llegar a Estados Unidos. Se mantendr\u00e1n las altas tasas de criminalidad, violencia, corrupci\u00f3n, mercados laborales d\u00e9biles y malas condiciones de vida, principales factores de empuje para la migraci\u00f3n con destino a Estados Unidos desde Centroam\u00e9rica y Hait\u00ed porque los pa\u00edses de origen carecen de la capacidad para hacer frente a estos desaf\u00edos\u201d, se\u00f1ala el informe.<\/p>\n<p>El reporte de las agencias detalla que la reducci\u00f3n de las restricciones de viaje relacionadas con COVID-19 y las percepciones de mayores oportunidades laborales, contribuir\u00e1n a un aumento de la migraci\u00f3n.<\/p>\n<p>\u201cEstas din\u00e1micas, junto con las percepciones de las pol\u00edticas migratorias de Estados Unidos, determinar\u00e1n el flujo de migrantes este a\u00f1o\u201d, expone al se\u00f1alar que las disparidades econ\u00f3micas y los efectos de los conflictos y los fen\u00f3menos meteorol\u00f3gicos extremos alentar\u00e1n la cooperaci\u00f3n interna e internacional, en tanto que la migraci\u00f3n y el desplazamiento aumentar\u00e1n las necesidades humanitarias y el riesgo de otras disaster de salud.<\/p>\n<\/p><\/div>\n<p><script>\n    window.fbAsyncInit = function() {\n        FB.init({\n                appId : '322397628250521',\n            cookie     : true,\n            xfbml      : true,\n            version    : 'v8.0'\n        });\n        FB.AppEvents.logPageView();\n    };\n    (function(d, s, id){\n        var js, fjs = d.getElementsByTagName(s)[0];\n        if (d.getElementById(id)) {return;}\n        js = d.createElement(s); js.id = id;\n        js.src = \"https:\/\/connect.facebook.net\/en_US\/sdk.js\";\n        fjs.parentNode.insertBefore(js, fjs);\n    }(document, 'script', 'facebook-jssdk'));\n<\/script><br \/>\n<br \/><\/p>\n<p><em> &#8221; Fuentes politica.expansion.mx &#8221; <\/em><\/p>\n","protected":false},"excerpt":{"rendered":"<p>Migraci\u00f3n, \u00bfuna amenaza? Respecto a la migraci\u00f3n, un tema que tambi\u00e9n se incluye en la \u201cEvaluaci\u00f3n de Amenazas Alrededor del Mundo\u201d, plantea que en el hemisferio occidente, las malas condiciones socioecon\u00f3micas de a\u00f1os atr\u00e1s, los cambios en la pol\u00edtica de inmigraci\u00f3n de Estados Unidos y las oportunidades de empleo seguir\u00e1n impulsando la migraci\u00f3n hacia la [&hellip;]<\/p>\n","protected":false},"author":4,"featured_media":287037,"comment_status":"open","ping_status":"closed","sticky":false,"template":"","format":"standard","meta":{"om_disable_all_campaigns":false,"jnews-multi-image_gallery":[],"jnews_single_post":[],"jnews_primary_category":[],"jnews_social_meta":[],"footnotes":""},"categories":[40],"tags":[42231,42230,42232,769,42233],"class_list":["post-287036","post","type-post","status-publish","format-standard","has-post-thumbnail","hentry","category-industria","tag-carteles-mexicanos-en-eu","tag-evaluacion-de-amenazas-alrededor-del-mundo-2022","tag-fentanilo-eu","tag-mexico","tag-trafico-de-drogas-mexico-eu"],"_links":{"self":[{"href":"https:\/\/dimensionturistica.com\/es\/wp-json\/wp\/v2\/posts\/287036","targetHints":{"allow":["GET"]}}],"collection":[{"href":"https:\/\/dimensionturistica.com\/es\/wp-json\/wp\/v2\/posts"}],"about":[{"href":"https:\/\/dimensionturistica.com\/es\/wp-json\/wp\/v2\/types\/post"}],"author":[{"embeddable":true,"href":"https:\/\/dimensionturistica.com\/es\/wp-json\/wp\/v2\/users\/4"}],"replies":[{"embeddable":true,"href":"https:\/\/dimensionturistica.com\/es\/wp-json\/wp\/v2\/comments?post=287036"}],"version-history":[{"count":0,"href":"https:\/\/dimensionturistica.com\/es\/wp-json\/wp\/v2\/posts\/287036\/revisions"}],"wp:featuredmedia":[{"embeddable":true,"href":"https:\/\/dimensionturistica.com\/es\/wp-json\/wp\/v2\/media\/287037"}],"wp:attachment":[{"href":"https:\/\/dimensionturistica.com\/es\/wp-json\/wp\/v2\/media?parent=287036"}],"wp:term":[{"taxonomy":"category","embeddable":true,"href":"https:\/\/dimensionturistica.com\/es\/wp-json\/wp\/v2\/categories?post=287036"},{"taxonomy":"post_tag","embeddable":true,"href":"https:\/\/dimensionturistica.com\/es\/wp-json\/wp\/v2\/tags?post=287036"}],"curies":[{"name":"wp","href":"https:\/\/api.w.org\/{rel}","templated":true}]}}