{"id":286892,"date":"2022-03-14T19:37:44","date_gmt":"2022-03-14T19:37:44","guid":{"rendered":"https:\/\/dimensionturistica.com\/es\/?p=286892"},"modified":"2022-03-14T19:37:45","modified_gmt":"2022-03-14T19:37:45","slug":"corea-del-sur-permitira-viajes-sin-cuarentena-a-partir-de-abril-destinos","status":"publish","type":"post","link":"https:\/\/dimensionturistica.com\/es\/corea-del-sur-permitira-viajes-sin-cuarentena-a-partir-de-abril-destinos\/","title":{"rendered":"Corea del Sur permitir\u00e1 viajes sin cuarentena a partir de abril &#8211; Destinos"},"content":{"rendered":"<p> <br \/>\n<\/p>\n<div>\n<ol class=\"breadcrumb\">\n<li><a rel=\"nofollow noopener\" target=\"_blank\" href=\"https:\/\/contactonews.co\">Inicio<\/a><\/li>\n<li><a rel=\"nofollow noopener\" target=\"_blank\" href=\"https:\/\/contactonews.co\/destinos\">Destinos<\/a><\/li>\n<li class=\"active\">Corea del Sur permitir\u00e1 viajes sin cuarentena a partir de abril<\/li>\n<\/ol>\n<p class=\"article-blurb\">Corea del Sur permitir\u00e1 que los viajeros completamente vacunados de todo el mundo ingresen y viajen por todo el pa\u00eds sin ninguna medida de cuarentena a partir del 1 de abril.<\/p>\n<p>                              <span class=\"pb-byline author\" itemprop=\"author\" itemscope=\"\" itemtype=\"http:\/\/schema.org\/Organization\">Por <a rel=\"nofollow noopener\" target=\"_blank\" href=\"https:\/\/contactonews.co\/autor\/contacto-editorial\"><span itemprop=\"name\">Contacto Editorial<\/span><\/a> | <\/span><br \/>\n                                <span class=\"publish-date\">14 de marzo de 2022<\/span><\/p>\n<figure>\n    <img decoding=\"async\" src=\"https:\/\/contactonews.co\/storage\/images\/thumb-large-1366_2000.jpeg\" alt=\"Corea del Sur permitir\u00e1 viajes sin cuarentena a partir de abril\"\/><br \/>\n        <\/figure>\n<\/p><\/div>\n<div>\n<p>De acuerdo a lo publicado en el sitio net del ente oficial de turismo,\u00a0 Think about Your Korea, los viajeros que hayan recibido su \u00faltima dosis de un r\u00e9gimen completo de vacunas contra el COVID-19 en los \u00faltimos seis meses o que hayan recibido su vacuna de refuerzo despu\u00e9s del ciclo completo de la vacuna no necesitar\u00e1n realizar cuarentena.<\/p>\n<p>Los viajeros deben cargar sus registros de vacunas en Q-CODE antes de ingresar a Corea, as\u00ed como otra informaci\u00f3n como su n\u00famero de pasaporte e informaci\u00f3n de entrada, incluida la aerol\u00ednea, el pa\u00eds de salida, el n\u00famero de tel\u00e9fono y m\u00e1s; el programa proporcionar\u00e1 a las personas que cargan su estado de vacunas un c\u00f3digo QR.<\/p>\n<p>Sin embargo los viajeros vacunados de Pakist\u00e1n, Uzbekist\u00e1n, Ucrania y Myanmar a\u00fan deben permanecer en cuarentena durante siete d\u00edas.<\/p>\n<p class=\"subscription-phrase\">Para leer las principales noticias tur\u00edsticas de la semana, suscribite a nuestro <a rel=\"nofollow noopener\" target=\"_blank\" href=\"#\" data-open=\"subscriptionModal\" aria-controls=\"subscriptionModal\" aria-haspopup=\"true\" tabindex=\"0\">newsletter de los viernes.<\/a><\/p>\n<\/p><\/div>\n<p><script async defer src=\"https:\/\/connect.facebook.net\/es_ES\/sdk.js\"><\/script><br \/>\n<br \/><\/p>\n<p><em> &#8221; Fuentes contactonews.co &#8221; <\/em><\/p>\n","protected":false},"excerpt":{"rendered":"<p>Inicio Destinos Corea del Sur permitir\u00e1 viajes sin cuarentena a partir de abril Corea del Sur permitir\u00e1 que los viajeros completamente vacunados de todo el mundo ingresen y viajen por todo el pa\u00eds sin ninguna medida de cuarentena a partir del 1 de abril. Por Contacto Editorial | 14 de marzo de 2022 De acuerdo [&hellip;]<\/p>\n","protected":false},"author":4,"featured_media":286893,"comment_status":"open","ping_status":"closed","sticky":false,"template":"","format":"standard","meta":{"om_disable_all_campaigns":false,"jnews-multi-image_gallery":[],"jnews_single_post":[],"jnews_primary_category":[],"jnews_social_meta":[],"footnotes":""},"categories":[39],"tags":[2606,55],"class_list":["post-286892","post","type-post","status-publish","format-standard","has-post-thumbnail","hentry","category-viajes","tag-corea-del-sur","tag-coronavirus"],"_links":{"self":[{"href":"https:\/\/dimensionturistica.com\/es\/wp-json\/wp\/v2\/posts\/286892","targetHints":{"allow":["GET"]}}],"collection":[{"href":"https:\/\/dimensionturistica.com\/es\/wp-json\/wp\/v2\/posts"}],"about":[{"href":"https:\/\/dimensionturistica.com\/es\/wp-json\/wp\/v2\/types\/post"}],"author":[{"embeddable":true,"href":"https:\/\/dimensionturistica.com\/es\/wp-json\/wp\/v2\/users\/4"}],"replies":[{"embeddable":true,"href":"https:\/\/dimensionturistica.com\/es\/wp-json\/wp\/v2\/comments?post=286892"}],"version-history":[{"count":0,"href":"https:\/\/dimensionturistica.com\/es\/wp-json\/wp\/v2\/posts\/286892\/revisions"}],"wp:featuredmedia":[{"embeddable":true,"href":"https:\/\/dimensionturistica.com\/es\/wp-json\/wp\/v2\/media\/286893"}],"wp:attachment":[{"href":"https:\/\/dimensionturistica.com\/es\/wp-json\/wp\/v2\/media?parent=286892"}],"wp:term":[{"taxonomy":"category","embeddable":true,"href":"https:\/\/dimensionturistica.com\/es\/wp-json\/wp\/v2\/categories?post=286892"},{"taxonomy":"post_tag","embeddable":true,"href":"https:\/\/dimensionturistica.com\/es\/wp-json\/wp\/v2\/tags?post=286892"}],"curies":[{"name":"wp","href":"https:\/\/api.w.org\/{rel}","templated":true}]}}