{"id":286785,"date":"2022-03-14T16:12:33","date_gmt":"2022-03-14T16:12:33","guid":{"rendered":"https:\/\/dimensionturistica.com\/es\/?p=286785"},"modified":"2022-03-14T16:12:34","modified_gmt":"2022-03-14T16:12:34","slug":"la-federacion-andaluza-de-agencias-de-viajes-celebra-su-asamblea-general-ordinaria","status":"publish","type":"post","link":"https:\/\/dimensionturistica.com\/es\/la-federacion-andaluza-de-agencias-de-viajes-celebra-su-asamblea-general-ordinaria\/","title":{"rendered":"La Federaci\u00f3n Andaluza de Agencias de Viajes celebra su Asamblea General Ordinaria."},"content":{"rendered":"<p> <br \/>\n<\/p>\n<div>\n<p>La Federaci\u00f3n Andaluza de Agencias de Viajes celebr\u00f3 recientemente su Asamblea Common Ordinaria.<\/p>\n<p>Con la presencia de los presidentes de las asociaciones provinciales, han hecho un repaso de lo acontecido durante el pasado a\u00f1o y de las expectativas para 2022, abordando y poniendo lugar y fecha a proyectos como los premios de la FAAV y el I Foro de las Agencias de Viajes Andaluzas.<\/p>\n<p>14 de marzo de 2022.- La gala de premios de la FAAV se llevar\u00e1 a cabo en Almer\u00eda el 28 de abril. Desde ASAVAL (Asociaci\u00f3n de Agencias de Viajes de Almer\u00eda), con su presidente Tom\u00e1s Komuda al frente, se est\u00e1 trabajando para conseguir que este evento represente un amplio reconocimiento para el sector. Ser\u00e1n cuatro las categor\u00edas a las que acceder\u00e1n los nominados por parte de las diferentes asociaciones territoriales. Un jurado tomar\u00e1 la decisi\u00f3n closing.<\/p>\n<p>De igual manera se ha establecido ya fecha y lugar para el I Foro de las Agencias de Viajes Andaluzas. Tendr\u00e1 lugar en Granada el 10 de noviembre. La Asociaci\u00f3n Provincial de Empresas de Mediaci\u00f3n Tur\u00edstica de Granada asume la organizaci\u00f3n del evento y su presidente, Juan Pel\u00e1ez, manifiesta su ilusi\u00f3n porque este importante acontecimiento celebre su primera edici\u00f3n en la capital nazar\u00ed.<\/p>\n<p>Durante la Asamblea se trataron otras cuestiones como la evoluci\u00f3n del sector y la posible afecci\u00f3n que el conflicto de Ucrania pueda tener sobre la industria de los viajes y el turismo. \u201cEl debilitamiento de la pandemia nos hac\u00eda ser optimistas, pero estos tambores de guerra vuelven a generar incertidumbre\u201d, ha asegurado Luis Arroyo, presidente de la Federaci\u00f3n Andaluza de Agencias de Viajes. La reuni\u00f3n se inici\u00f3 con un minuto de silencio en reconocimiento y apoyo a las v\u00edctimas.<\/p>\n<p>Sobre los cambios normativos que afectan al sector, se ha valorado positivamente la modificaci\u00f3n en la regulaci\u00f3n que afecta a los viajes combinados, publicada en BOE de 1 de marzo, y que pone fin a la responsabilidad solidaria, respondiendo cada parte del correcto cumplimiento de los servicios. De igual manera se aprecian los avances que se est\u00e1n dando a nivel europeo con la revisi\u00f3n de la Directiva Europea, en la que est\u00e1 participando la Confederaci\u00f3n Espa\u00f1ola de Agencias de Viajes, de la que la FAAV forma parte.<\/p>\n<p>Se rindieron cuentas de las diferentes reuniones que la Federaci\u00f3n ha mantenido con la Consejer\u00eda de Turismo de la Junta de Andaluc\u00eda respecto al proyecto de decreto que regula a las empresas de intermediaci\u00f3n tur\u00edstica en la comunidad aut\u00f3noma andaluza. <\/p>\n<p>La Asamblea se ha celebrado en el reci\u00e9n inaugurado resort Abba Sevilla y fue precedida de un almuerzo en el que particip\u00f3 la responsable de Promoci\u00f3n, Informaci\u00f3n Tur\u00edstica y MICE de CONTURSA-Turismo de Sevilla, Beatriz Arilla. A la cena posterior asistieron la vicepresidenta de PRODETUR, Manuela Cabello, as\u00ed como su director-gerente, Amador S\u00e1nchez. El presidente de la Confederaci\u00f3n Empresarial Sevillana, Miguel Rus, tambi\u00e9n acudi\u00f3 a saludar a los participantes y a trasladarles el apoyo de la CES y de la CEA.<\/p>\n<\/p><\/div>\n\n<p><em> &#8221; Fuentes www.hosteltur.com &#8221; <\/em><\/p>\n","protected":false},"excerpt":{"rendered":"<p>La Federaci\u00f3n Andaluza de Agencias de Viajes celebr\u00f3 recientemente su Asamblea Common Ordinaria. Con la presencia de los presidentes de las asociaciones provinciales, han hecho un repaso de lo acontecido durante el pasado a\u00f1o y de las expectativas para 2022, abordando y poniendo lugar y fecha a proyectos como los premios de la FAAV y [&hellip;]<\/p>\n","protected":false},"author":4,"featured_media":283888,"comment_status":"open","ping_status":"closed","sticky":false,"template":"","format":"standard","meta":{"om_disable_all_campaigns":false,"jnews-multi-image_gallery":[],"jnews_single_post":[],"jnews_primary_category":[],"jnews_social_meta":[],"footnotes":""},"categories":[39],"tags":[572],"class_list":["post-286785","post","type-post","status-publish","format-standard","has-post-thumbnail","hentry","category-viajes","tag-distribucion"],"_links":{"self":[{"href":"https:\/\/dimensionturistica.com\/es\/wp-json\/wp\/v2\/posts\/286785","targetHints":{"allow":["GET"]}}],"collection":[{"href":"https:\/\/dimensionturistica.com\/es\/wp-json\/wp\/v2\/posts"}],"about":[{"href":"https:\/\/dimensionturistica.com\/es\/wp-json\/wp\/v2\/types\/post"}],"author":[{"embeddable":true,"href":"https:\/\/dimensionturistica.com\/es\/wp-json\/wp\/v2\/users\/4"}],"replies":[{"embeddable":true,"href":"https:\/\/dimensionturistica.com\/es\/wp-json\/wp\/v2\/comments?post=286785"}],"version-history":[{"count":0,"href":"https:\/\/dimensionturistica.com\/es\/wp-json\/wp\/v2\/posts\/286785\/revisions"}],"wp:featuredmedia":[{"embeddable":true,"href":"https:\/\/dimensionturistica.com\/es\/wp-json\/wp\/v2\/media\/283888"}],"wp:attachment":[{"href":"https:\/\/dimensionturistica.com\/es\/wp-json\/wp\/v2\/media?parent=286785"}],"wp:term":[{"taxonomy":"category","embeddable":true,"href":"https:\/\/dimensionturistica.com\/es\/wp-json\/wp\/v2\/categories?post=286785"},{"taxonomy":"post_tag","embeddable":true,"href":"https:\/\/dimensionturistica.com\/es\/wp-json\/wp\/v2\/tags?post=286785"}],"curies":[{"name":"wp","href":"https:\/\/api.w.org\/{rel}","templated":true}]}}