{"id":285765,"date":"2022-03-12T01:10:39","date_gmt":"2022-03-12T01:10:39","guid":{"rendered":"https:\/\/dimensionturistica.com\/es\/?p=285765"},"modified":"2022-03-12T01:10:40","modified_gmt":"2022-03-12T01:10:40","slug":"llegan-cruceros-y-seguimos-sin-poder-trabajar-guias-de-turismo-el-universal","status":"publish","type":"post","link":"https:\/\/dimensionturistica.com\/es\/llegan-cruceros-y-seguimos-sin-poder-trabajar-guias-de-turismo-el-universal\/","title":{"rendered":"\u201cLlegan cruceros y seguimos sin poder trabajar\u201d: gu\u00edas de turismo | EL UNIVERSAL"},"content":{"rendered":"<p> <br \/>\n<\/p>\n<div mlnid=\"idcon=5965653;order=8.0\">\n<p>Los m\u00e1s de 200 gu\u00edas tur\u00edsticos independientes que existen en Cartagena aseguran que \u201cno los dejan trabajar\u201d. Ellos expresan que desde hace unos a\u00f1os han sido \u201capartados\u201d de los turistas que llegan a la ciudad, por lo que est\u00e1n atravesando una \u201cmala\u201d situaci\u00f3n.<\/p>\n<p>\u201cLlegaron dos cruceros al Puerto de Cartagena y estamos todos aqu\u00ed prestos a trabajar, pero no hemos podido hacerlo. Somos m\u00e1s de 150 gu\u00edas que estamos esperando, pero no nos dan oportunidad\u201d, coment\u00f3 uno de los gu\u00edas.<\/p>\n<p><b><a rel=\"nofollow noopener\" target=\"_blank\" href=\"https:\/\/www.eluniversal.com.co\/cartagena\/guias-de-turismo-marcharan-pidiendo-garantias-laborales-EM6086350\">Lea aqu\u00ed: Gu\u00edas de turismo marchar\u00e1n pidiendo garant\u00edas laborales<\/a><\/b><\/p>\n<\/p><\/div>\n<div mlnid=\"idcon=5965704;order=10.0\">\n<p>Abelardo Urruchurtu, l\u00edder de los gu\u00edas, indic\u00f3 que esta situaci\u00f3n de vulneraci\u00f3n de derechos se viene presentando desde hace unos a\u00f1os, donde no les dejan acercarse a los turistas como sol\u00edan hacerlo anteriormente.<\/p>\n<p>\u201cTodos los turistas se los dan a los dem\u00e1s, a los gremios. A los buses de dos pisos y a nosotros no nos dejan nada. Queremos que nos dejen trabajar. No podemos seguir as\u00ed\u201d, asegur\u00f3 el L\u00edder.<\/p>\n<p><b><a rel=\"nofollow noopener\" target=\"_blank\" href=\"https:\/\/www.eluniversal.com.co\/cartagena\/los-guias-turisticos-estamos-subsistiendo-CJ5803567\">Le puede interesar: \u201cLos gu\u00edas tur\u00edsticos estamos subsistiendo\u201d<\/a><\/b><\/p>\n<p>Urruchurtu coment\u00f3 que de seguir as\u00ed esta situaci\u00f3n, volver\u00e1n a protestar, pues \u201cno podemos seguir pasando hambre con esta situaci\u00f3n tan cr\u00edtica\u201d.<\/p>\n<\/p><\/div>\n<p><script>\/*<![CDATA[*\/(function(e,a,f){var c,b=e.getElementsByTagName(a)[0];if(e.getElementById(f)){return}c=e.createElement(a);c.id=f;c.src=\"https:\/\/connect.facebook.net\/es_LA\/sdk.js#xfbml=1&#038;version=v3.2&#038;appId=1434085360147717&#038;autoLogAppEvents=1\";b.parentNode.insertBefore(c,b)}(document,\"script\",\"facebook-jssdk\"));\/*]]>*\/<\/script><br \/>\n<br \/><\/p>\n<p><em> &#8221; Fuentes www.eluniversal.com.co &#8221; <\/em><\/p>\n","protected":false},"excerpt":{"rendered":"<p>Los m\u00e1s de 200 gu\u00edas tur\u00edsticos independientes que existen en Cartagena aseguran que \u201cno los dejan trabajar\u201d. Ellos expresan que desde hace unos a\u00f1os han sido \u201capartados\u201d de los turistas que llegan a la ciudad, por lo que est\u00e1n atravesando una \u201cmala\u201d situaci\u00f3n. \u201cLlegaron dos cruceros al Puerto de Cartagena y estamos todos aqu\u00ed prestos [&hellip;]<\/p>\n","protected":false},"author":4,"featured_media":285766,"comment_status":"open","ping_status":"closed","sticky":false,"template":"","format":"standard","meta":{"om_disable_all_campaigns":false,"jnews-multi-image_gallery":[],"jnews_single_post":[],"jnews_primary_category":[],"jnews_social_meta":[],"footnotes":""},"categories":[41],"tags":[25117],"class_list":["post-285765","post","type-post","status-publish","format-standard","has-post-thumbnail","hentry","category-cruceros","tag-guias-de-turismo"],"_links":{"self":[{"href":"https:\/\/dimensionturistica.com\/es\/wp-json\/wp\/v2\/posts\/285765","targetHints":{"allow":["GET"]}}],"collection":[{"href":"https:\/\/dimensionturistica.com\/es\/wp-json\/wp\/v2\/posts"}],"about":[{"href":"https:\/\/dimensionturistica.com\/es\/wp-json\/wp\/v2\/types\/post"}],"author":[{"embeddable":true,"href":"https:\/\/dimensionturistica.com\/es\/wp-json\/wp\/v2\/users\/4"}],"replies":[{"embeddable":true,"href":"https:\/\/dimensionturistica.com\/es\/wp-json\/wp\/v2\/comments?post=285765"}],"version-history":[{"count":0,"href":"https:\/\/dimensionturistica.com\/es\/wp-json\/wp\/v2\/posts\/285765\/revisions"}],"wp:featuredmedia":[{"embeddable":true,"href":"https:\/\/dimensionturistica.com\/es\/wp-json\/wp\/v2\/media\/285766"}],"wp:attachment":[{"href":"https:\/\/dimensionturistica.com\/es\/wp-json\/wp\/v2\/media?parent=285765"}],"wp:term":[{"taxonomy":"category","embeddable":true,"href":"https:\/\/dimensionturistica.com\/es\/wp-json\/wp\/v2\/categories?post=285765"},{"taxonomy":"post_tag","embeddable":true,"href":"https:\/\/dimensionturistica.com\/es\/wp-json\/wp\/v2\/tags?post=285765"}],"curies":[{"name":"wp","href":"https:\/\/api.w.org\/{rel}","templated":true}]}}