{"id":285434,"date":"2022-03-11T14:43:50","date_gmt":"2022-03-11T14:43:50","guid":{"rendered":"https:\/\/dimensionturistica.com\/es\/?p=285434"},"modified":"2022-03-11T14:43:50","modified_gmt":"2022-03-11T14:43:50","slug":"detalles-del-menu-que-prepara-ambrosia-para-el-almuerzo-en-cerro-castillo","status":"publish","type":"post","link":"https:\/\/dimensionturistica.com\/es\/detalles-del-menu-que-prepara-ambrosia-para-el-almuerzo-en-cerro-castillo\/","title":{"rendered":"Detalles del men\u00fa que prepara Ambros\u00eda para el almuerzo en Cerro Castillo"},"content":{"rendered":"<p> <br \/>\n<\/p>\n<div>\n<p style=\"text-align: justify;\"><span>Fue Irina Karamanos quien llam\u00f3 directamente a<strong> Carolina Baz\u00e1n, la chef y due\u00f1a del restor\u00e1n Ambros\u00eda.<\/strong> <\/span><\/p>\n<p style=\"text-align: justify;\"><span>Baz\u00e1n, <strong>distinguida como <\/strong><\/span><strong>Latin America&#8217;s Finest Feminine Chef el a\u00f1o 2019 por la prestigiosa premiaci\u00f3n 50 Finest Eating places<\/strong>, entre otros reconocimientos,<span> cuenta que pens\u00f3 que ser\u00eda para invitarla al cambio de mando -pese a no conocerla personalmente-.<\/span><\/p>\n<p style=\"text-align: justify;\"><span> \u201cQueremos que vengas a Cerro Castillo a trabajar el 11 de marzo\u201d, le dijo, en vez, la nueva Primera Dama. Le dio tres directrices: <strong>que preparara un men\u00fa que no fuera muy sofisticado<\/strong> -es com\u00fan, explica la chef, que cuando vienen delegaciones extranjeras darles langosta o centolla, lo que Karamanos no quer\u00eda-; que fuera la misma comida para los jefes de Estado como para los cerca de 100 asesores que asistir\u00e1n al almuerzo; y que el desayuno que tomar\u00e1 Gabriel Boric con los vecinos de Cerro Castillo tuviera la misma importancia y presentaci\u00f3n que el almuerzo (por ejemplo, que utilizaran la misma manteler\u00eda, para que no se viera que el segundo period m\u00e1s importante que el primero). <\/span><\/p>\n<p style=\"text-align: justify;\"><span>Karamanos deriv\u00f3 luego la conversaci\u00f3n a<strong> Karen Morales y Adri\u00e1n Sep\u00falveda, quienes est\u00e1n a cargo de coordinar la banqueter\u00eda por parte del nuevo gobierno. <\/strong><\/span><\/p>\n<p style=\"text-align: justify;\"><span>Baz\u00e1n envi\u00f3 <strong>dos propuestas: una m\u00e1s tradicional y otra m\u00e1s elevada gastron\u00f3micamente.<\/strong> Finalmente lo que eligi\u00f3 la administraci\u00f3n Boric es un men\u00fa que contempla cuatro bocados de coctel -le pidieron que fuera un coctel r\u00e1pido porque hay una hora y medio para todo el almuerzo-; y luego en la mesa servir\u00e1n lengua laminada con salsa de at\u00fan; carrilleras con porotos granados y morcella; y de postre mote con huesillos. La alternativa vegana es una berenjena asada con humus y de fondo humitas. <\/span><\/p>\n<p style=\"text-align: justify;\"><span>Los jefes de Estado se sentar\u00e1n en una mesa en U, los asesores en una zona lounge con sof\u00e1s. Y la decoraci\u00f3n ser\u00e1n flores en tonos blancos y crema, a cargo de la hermana de Carolina, Constanza Bazan. <\/span><\/p>\n<p style=\"text-align: justify;\"><span>Para el desayuno, en tanto, los vecinos de Cerro Castillo -sentados tambi\u00e9n en una mesa en U, y con arreglos de frutas en el centro- comer\u00e1n queques de zanahoria, marraquetas con pailas de huevo, s\u00e1ndwiches de pavos, fruta, yogurt y granola. Y para tomar: jugo de naranja pure, kambucha, caf\u00e9 y t\u00e9. <\/span><\/p>\n<p style=\"text-align: justify;\"><span>Es la primera vez que la banquetera prepara un almuerzo en Cerro Castillo, pero no que prepara un cambio de mando: <strong>para la toma de poder de Pi\u00f1era 2, Baz\u00e1n estuvo a cargo del coctel que el mandatario dio de vuelta a en La Moneda.<\/strong> \u201cFue diferente\u201d, explica Bazan. Por que esa vez fue un coctel para 1.200 invitados. Esta vez ser\u00e1 un almuerzo m\u00e1s boutique. <\/span><\/p>\n<\/p><\/div>\n\n<p><em> \u2018 The preceding article may include information circulated by third parties \u2019 <\/em><\/p>\n<p><em> \u2018 Some details of this article were extracted from the following source dfmas.df.cl \u2019 <\/em><\/p>\n","protected":false},"excerpt":{"rendered":"<p>Fue Irina Karamanos quien llam\u00f3 directamente a Carolina Baz\u00e1n, la chef y due\u00f1a del restor\u00e1n Ambros\u00eda. Baz\u00e1n, distinguida como Latin America&#8217;s Finest Feminine Chef el a\u00f1o 2019 por la prestigiosa premiaci\u00f3n 50 Finest Eating places, entre otros reconocimientos, cuenta que pens\u00f3 que ser\u00eda para invitarla al cambio de mando -pese a no conocerla personalmente-. \u201cQueremos [&hellip;]<\/p>\n","protected":false},"author":2,"featured_media":285435,"comment_status":"open","ping_status":"closed","sticky":false,"template":"","format":"standard","meta":{"om_disable_all_campaigns":false,"jnews-multi-image_gallery":[],"jnews_single_post":[],"jnews_primary_category":[],"jnews_social_meta":[],"footnotes":""},"categories":[43],"tags":[],"class_list":["post-285434","post","type-post","status-publish","format-standard","has-post-thumbnail","hentry","category-gourmet"],"_links":{"self":[{"href":"https:\/\/dimensionturistica.com\/es\/wp-json\/wp\/v2\/posts\/285434","targetHints":{"allow":["GET"]}}],"collection":[{"href":"https:\/\/dimensionturistica.com\/es\/wp-json\/wp\/v2\/posts"}],"about":[{"href":"https:\/\/dimensionturistica.com\/es\/wp-json\/wp\/v2\/types\/post"}],"author":[{"embeddable":true,"href":"https:\/\/dimensionturistica.com\/es\/wp-json\/wp\/v2\/users\/2"}],"replies":[{"embeddable":true,"href":"https:\/\/dimensionturistica.com\/es\/wp-json\/wp\/v2\/comments?post=285434"}],"version-history":[{"count":0,"href":"https:\/\/dimensionturistica.com\/es\/wp-json\/wp\/v2\/posts\/285434\/revisions"}],"wp:featuredmedia":[{"embeddable":true,"href":"https:\/\/dimensionturistica.com\/es\/wp-json\/wp\/v2\/media\/285435"}],"wp:attachment":[{"href":"https:\/\/dimensionturistica.com\/es\/wp-json\/wp\/v2\/media?parent=285434"}],"wp:term":[{"taxonomy":"category","embeddable":true,"href":"https:\/\/dimensionturistica.com\/es\/wp-json\/wp\/v2\/categories?post=285434"},{"taxonomy":"post_tag","embeddable":true,"href":"https:\/\/dimensionturistica.com\/es\/wp-json\/wp\/v2\/tags?post=285434"}],"curies":[{"name":"wp","href":"https:\/\/api.w.org\/{rel}","templated":true}]}}