{"id":284622,"date":"2022-03-10T04:21:17","date_gmt":"2022-03-10T04:21:17","guid":{"rendered":"https:\/\/dimensionturistica.com\/es\/?p=284622"},"modified":"2022-03-10T04:21:17","modified_gmt":"2022-03-10T04:21:17","slug":"antillean-foods-se-impulsara-con-la-elaboracion-de-snack","status":"publish","type":"post","link":"https:\/\/dimensionturistica.com\/es\/antillean-foods-se-impulsara-con-la-elaboracion-de-snack\/","title":{"rendered":"Antillean Foods se impulsar\u00e1 con la elaboraci\u00f3n de snack"},"content":{"rendered":"<p> <br \/>\n<\/p>\n<div>\n<p>La elaboraci\u00f3n de \u201cSnack\u201d con productos locales t\u00edpicos de nuestro pa\u00eds impulsar\u00e1 la innovaci\u00f3n de la empresa <strong>Antillean Meals<\/strong> Inc., en el\u00a0 <strong>Congreso Sabor Fusi\u00f3n Gastronom\u00eda y Turismo<\/strong> en Punta Cana.<\/p>\n<p>Benjam\u00edn Valdez, gerente basic de la empresa, destac\u00f3 que la misma se ha posicionado en el mercado native e internacional con sus productos elaborados con ingredientes cosechados en nuestra tierra y agregando valor a los consumidores.<\/p>\n<p>\u201cNos sentimos muy felices de presentar con orgullo nuestros Snacks y Congelados en este escenario tan importante. Productos totalmente elaborados para satisfacer las tendencias del consumidor, quienes buscan productos responsables, saludables, con ingredientes naturales y hechos por dominicanos con frutos y ra\u00edces de nuestra tierra\u201d, sostuvo Valdez al ser uso de la palabra en la apertura de la actividad.<\/p>\n<p>Indic\u00f3 que se selecciona la mejor materia prima dominicana, utilizando sistemas de producci\u00f3n con tecnolog\u00eda de punta para elaborar el mejor producto, que impacte positivamente en la poblaci\u00f3n. \u00a0<\/p>\n<p>Asimismo, el empresario destac\u00f3 que la reconocida compa\u00f1\u00eda se ha preocupado por desarrollar un programa de responsabilidad social,\u00a0 donde se involucra a familias de escasos recursos en la siembra del \u201cBuen Pan\u201d, permitiendo que\u00a0 tengan ingresos con que sustentar sus hogares.<\/p>\n<p>De su lado, Mar\u00eda Marte,\u00a0 destacada chef dominicana, al participar en el stand con un din\u00e1mico y sabroso Cooking Present, resalt\u00f3 las bondades que posee el \u201cBuen pan\u201d para la elaboraci\u00f3n de productos comestibles, por lo que incentivo a\u00a0 la empresa <strong>Antillean Meals<\/strong> a seguir promoviendo el buen sabor en el pa\u00eds con su marca.<\/p>\n<p>Marte, quien se consagra como la embajadora del plato de &#8220;Buen Pan&#8221; en el pa\u00eds, elabor\u00f3 cuatro recetas\u00a0 a base de\u00a0 \u201cBuen Pan\u201d, \u201cCasta\u00f1a o \u201cPan de Fruta\u201d,\u00a0 entre estas: \u201cCroquetas con salsa de\u00a0 aguacate\u201d, \u201ctostones de pana con bacalao\u201d,\u00a0 \u201cpur\u00e9 de mangu de pana\u00a0 acompa\u00f1ado de huevo de codorniz\u201d y\u00a0 un rico postre de una deliciosa jalea de pana.\u00a0 Invitando a los asistentes a degustar de estas ricas elaboraciones.<\/p>\n<p>La empresa <strong>Antillean Meals<\/strong> Inc., exhibi\u00f3 los diversos productos congelados que son comercializados internacionalmente y ser\u00e1n introducidos al mercado nacional, a trav\u00e9s de la empresa de distribuci\u00f3n Simpex, Srl, los mismos se encuentran disponibles en Supermercados y tiendas de conveniencia.<\/p>\n<div class=\"mt-5 mb-5 inline-block author-info\" style=\"width: 100%;\">\n<p class=\"w-auto\" style=\"font-size: 21px;\"><em>Peri\u00f3dico l\u00edder de Rep\u00fablica Dominicana centrado en las noticias generales y el periodismo innovador.<\/em><\/p>\n<\/div>\n<\/div>\n\n<p><em> \u2018 The preceding article may include information circulated by third parties \u2019 <\/em><\/p>\n<p><em> \u2018 Some details of this article were extracted from the following source www.diariolibre.com \u2019 <\/em><\/p>\n","protected":false},"excerpt":{"rendered":"<p>La elaboraci\u00f3n de \u201cSnack\u201d con productos locales t\u00edpicos de nuestro pa\u00eds impulsar\u00e1 la innovaci\u00f3n de la empresa Antillean Meals Inc., en el\u00a0 Congreso Sabor Fusi\u00f3n Gastronom\u00eda y Turismo en Punta Cana. Benjam\u00edn Valdez, gerente basic de la empresa, destac\u00f3 que la misma se ha posicionado en el mercado native e internacional con sus productos elaborados [&hellip;]<\/p>\n","protected":false},"author":2,"featured_media":284623,"comment_status":"open","ping_status":"closed","sticky":false,"template":"","format":"standard","meta":{"om_disable_all_campaigns":false,"jnews-multi-image_gallery":[],"jnews_single_post":[],"jnews_primary_category":[],"jnews_social_meta":[],"footnotes":""},"categories":[43],"tags":[],"class_list":["post-284622","post","type-post","status-publish","format-standard","has-post-thumbnail","hentry","category-gourmet"],"_links":{"self":[{"href":"https:\/\/dimensionturistica.com\/es\/wp-json\/wp\/v2\/posts\/284622","targetHints":{"allow":["GET"]}}],"collection":[{"href":"https:\/\/dimensionturistica.com\/es\/wp-json\/wp\/v2\/posts"}],"about":[{"href":"https:\/\/dimensionturistica.com\/es\/wp-json\/wp\/v2\/types\/post"}],"author":[{"embeddable":true,"href":"https:\/\/dimensionturistica.com\/es\/wp-json\/wp\/v2\/users\/2"}],"replies":[{"embeddable":true,"href":"https:\/\/dimensionturistica.com\/es\/wp-json\/wp\/v2\/comments?post=284622"}],"version-history":[{"count":0,"href":"https:\/\/dimensionturistica.com\/es\/wp-json\/wp\/v2\/posts\/284622\/revisions"}],"wp:featuredmedia":[{"embeddable":true,"href":"https:\/\/dimensionturistica.com\/es\/wp-json\/wp\/v2\/media\/284623"}],"wp:attachment":[{"href":"https:\/\/dimensionturistica.com\/es\/wp-json\/wp\/v2\/media?parent=284622"}],"wp:term":[{"taxonomy":"category","embeddable":true,"href":"https:\/\/dimensionturistica.com\/es\/wp-json\/wp\/v2\/categories?post=284622"},{"taxonomy":"post_tag","embeddable":true,"href":"https:\/\/dimensionturistica.com\/es\/wp-json\/wp\/v2\/tags?post=284622"}],"curies":[{"name":"wp","href":"https:\/\/api.w.org\/{rel}","templated":true}]}}