{"id":284169,"date":"2022-03-09T09:26:29","date_gmt":"2022-03-09T09:26:29","guid":{"rendered":"https:\/\/dimensionturistica.com\/es\/?p=284169"},"modified":"2022-03-09T09:26:29","modified_gmt":"2022-03-09T09:26:29","slug":"el-beneficio-neto-de-ebro-foods-crecio-un-24","status":"publish","type":"post","link":"https:\/\/dimensionturistica.com\/es\/el-beneficio-neto-de-ebro-foods-crecio-un-24\/","title":{"rendered":"El beneficio neto de Ebro Foods creci\u00f3 un 24%"},"content":{"rendered":"<p> <br \/>\n<\/p>\n<div>\n<p><strong>El importe neto de la cifra  de negocio de Ebro Meals se sit\u00faa en l\u00ednea con el a\u00f1o anterior, alcanzando 2.877,4  millones de euros<\/strong>. El Ebitda-A, tras afrontar una inflaci\u00f3n de costes de 83  millones de euros e incrementar la inversi\u00f3n publicitaria hasta 91,4 millones  de euros, se sit\u00faa en 353,5 millones, un 2,9% menos que en el ejercicio  anterior.\u00a0<strong>El Beneficio Neto crece un  24% hasta 238,6 millones<\/strong>, impulsado en parte por la plusval\u00eda neta generada por  las ventas de activos durante el a\u00f1o, que asciende a 60,7 millones.\u00a0<\/p>\n<p><strong>La deuda neta se sit\u00faa en 504,7  millones, 446 millones menos que a cierre del a\u00f1o 2020<\/strong>. Esta cifra recoge el  pago de los dividendos ordinario y extraordinario, que asciende a 174,9  millones, 120 millones de inversiones en Capex, un incremento de 175 millones  en el circulante sobre el cierre del ejercicio anterior por las posiciones  tomadas en materias primas, y el ingreso de 753 millones por la venta de los  negocios de pasta seca en Francia y Norteam\u00e9rica. <\/p>\n<h3>\u00c1rea Arroz <\/h3>\n<p><strong>La extraordinaria inflaci\u00f3n  de costes en la energ\u00eda, materias primas agr\u00edcolas y auxiliares, y la log\u00edstica  ha sido el principal caballo de batalla de esta divisi\u00f3n durante todo el  ejercicio<\/strong>. \u201cEn el \u00e1mbito de las materias primas, nuestras herramientas clave  para afrontar las d\u00e9biles cosechas europeas y norteamericanas han sido la  diversificaci\u00f3n en or\u00edgenes y el incremento de circulante. No obstante, hemos  tenido que afrontar un importante incremento en el coste de los arroces  arom\u00e1ticos, fundamentales para Riviana y Tilda, por los elevados precios de los  fletes mar\u00edtimos\u201d, se\u00f1ala la compa\u00f1\u00eda.<\/p>\n<p>En este dif\u00edcil escenario  vuelve a ser muy relevante la apuesta del grupo por los productos comfort,  que contin\u00faan con crecimientos a doble d\u00edgito, impulsando sus resultados. <strong>La  cifra de ventas de la divisi\u00f3n se sit\u00faa en 1.810,5 millones y el Ebitda-A en 231,7  millones.<\/strong> <\/p>\n<h3>\u00c1rea Pasta <\/h3>\n<p><strong>Uno de los hitos m\u00e1s  destacados del ejercicio ha sido la finalizaci\u00f3n de la desinversi\u00f3n de los  negocios de pasta seca norteamericano y pasta seca, salsas y s\u00e9molas del Grupo  Panzani<\/strong>, concentrando sus actividades en pasta en las categor\u00edas del premium,  el fresco y el comfort a trav\u00e9s de las sociedades Garofalo, Lustucru,  Olivieri y Bertagni. <\/p>\n<p>En lo que respecta a la  materia prima, la reducci\u00f3n de un 50% en la cosecha norteamericana ha provocado  una extraordinaria subida del precio del trigo duro europeo, que se eleva desde  295 euros por tonelada a principios de agosto hasta los 540 euros por tonelada  actuales, la inflaci\u00f3n m\u00e1s fuerte desde el a\u00f1o 2007. <\/p>\n<p><strong>Al igual que en arroz, esta divisi\u00f3n  tambi\u00e9n ha tenido que afrontar el elevado coste de los fletes mar\u00edtimos a  Estados Unidos<\/strong>, mercado de gran relevancia para los negocios de Bertagni y  Garofalo. \u201cDesde el punto de vista del negocio, las ventas de pasta fresca en  Italia, Francia y Canad\u00e1 contin\u00faan muy fuertes, mejorando incluso su  participaci\u00f3n de mercado\u201d, destacan sus responsables. <strong>La cifra de ventas de la divisi\u00f3n se sit\u00faa en 1.122,2 millones y el Ebitda-A en 136,5 millones<\/strong>.\u00a0<\/p>\n<\/p><\/div>\n\n<p><em> \u2018 The preceding article may include information circulated by third parties \u2019 <\/em><\/p>\n<p><em> \u2018 Some details of this article were extracted from the following source www.revistaaral.com \u2019 <\/em><\/p>\n","protected":false},"excerpt":{"rendered":"<p>El importe neto de la cifra de negocio de Ebro Meals se sit\u00faa en l\u00ednea con el a\u00f1o anterior, alcanzando 2.877,4 millones de euros. El Ebitda-A, tras afrontar una inflaci\u00f3n de costes de 83 millones de euros e incrementar la inversi\u00f3n publicitaria hasta 91,4 millones de euros, se sit\u00faa en 353,5 millones, un 2,9% menos [&hellip;]<\/p>\n","protected":false},"author":2,"featured_media":284170,"comment_status":"open","ping_status":"closed","sticky":false,"template":"","format":"standard","meta":{"om_disable_all_campaigns":false,"jnews-multi-image_gallery":[],"jnews_single_post":[],"jnews_primary_category":[],"jnews_social_meta":[],"footnotes":""},"categories":[43],"tags":[],"class_list":["post-284169","post","type-post","status-publish","format-standard","has-post-thumbnail","hentry","category-gourmet"],"_links":{"self":[{"href":"https:\/\/dimensionturistica.com\/es\/wp-json\/wp\/v2\/posts\/284169","targetHints":{"allow":["GET"]}}],"collection":[{"href":"https:\/\/dimensionturistica.com\/es\/wp-json\/wp\/v2\/posts"}],"about":[{"href":"https:\/\/dimensionturistica.com\/es\/wp-json\/wp\/v2\/types\/post"}],"author":[{"embeddable":true,"href":"https:\/\/dimensionturistica.com\/es\/wp-json\/wp\/v2\/users\/2"}],"replies":[{"embeddable":true,"href":"https:\/\/dimensionturistica.com\/es\/wp-json\/wp\/v2\/comments?post=284169"}],"version-history":[{"count":0,"href":"https:\/\/dimensionturistica.com\/es\/wp-json\/wp\/v2\/posts\/284169\/revisions"}],"wp:featuredmedia":[{"embeddable":true,"href":"https:\/\/dimensionturistica.com\/es\/wp-json\/wp\/v2\/media\/284170"}],"wp:attachment":[{"href":"https:\/\/dimensionturistica.com\/es\/wp-json\/wp\/v2\/media?parent=284169"}],"wp:term":[{"taxonomy":"category","embeddable":true,"href":"https:\/\/dimensionturistica.com\/es\/wp-json\/wp\/v2\/categories?post=284169"},{"taxonomy":"post_tag","embeddable":true,"href":"https:\/\/dimensionturistica.com\/es\/wp-json\/wp\/v2\/tags?post=284169"}],"curies":[{"name":"wp","href":"https:\/\/api.w.org\/{rel}","templated":true}]}}