{"id":283865,"date":"2022-03-08T14:09:53","date_gmt":"2022-03-08T14:09:53","guid":{"rendered":"https:\/\/dimensionturistica.com\/es\/?p=283865"},"modified":"2022-03-08T14:09:54","modified_gmt":"2022-03-08T14:09:54","slug":"comienza-cita-turistica-itb-berlin-en-medio-de-panorama-confuso","status":"publish","type":"post","link":"https:\/\/dimensionturistica.com\/es\/comienza-cita-turistica-itb-berlin-en-medio-de-panorama-confuso\/","title":{"rendered":"Comienza cita tur\u00edstica ITB Berl\u00edn en medio de panorama confuso"},"content":{"rendered":"<p> <br \/>\n<\/p>\n<div>\n<p>   La mayor convocatoria mundial de la industria de los viajes retoma la cita de manera presencial y con elementos virtuales, para dar continuidad a un sector de mucho empuje en materia econ\u00f3mica y fuertemente golpeado por la pandemia debido a cierres y restricciones.<\/p>\n<p>   Ahora tendr\u00e1 una Convenci\u00f3n de tres d\u00edas con prolongaci\u00f3n de diversas maneras durante el mes hasta el 17 de marzo.<\/p>\n<p>   El primer d\u00eda trae una serie de formatos de Intercambio de opiniones de alto nivel entre expertos, debates sobre el conflicto en Ucrania, la pandemia y temas clave de la resiliencia, digitalizaci\u00f3n y la sostenibilidad.<\/p>\n<p>   Los organizadores se\u00f1alaron, un amplio programa de eventos con 223 ponentes y 102 sesiones. Georgia es el destino cultural oficial, el 17 de marzo est\u00e1 dedicado al D\u00eda del Negocio Digital, y se suma Nueva serie de eventos de networking B2B en 2022<\/p>\n<p>   Desde su presentaci\u00f3n en 1966, la ITB de Berl\u00edn resulta una importante plataforma para la industria tur\u00edstica internacional. <\/p>\n<p>   Con la inauguraci\u00f3n de la Convenci\u00f3n digital de ITB Berl\u00edn, que tendr\u00e1 lugar en l\u00ednea desde hoy hasta el jueves 10 de marzo, la feria de viajes m\u00e1s importante del mundo lanza un nuevo concepto de evento. <\/p>\n<p>   Durante los pr\u00f3ximos tres d\u00edas, expertos de alto nivel examinar\u00e1n los temas m\u00e1s urgentes de la industria tur\u00edstica mundial. <\/p>\n<p>   La atenci\u00f3n se centrar\u00e1 en la pandemia y su impacto, as\u00ed como en los retos de los conflictos y disaster geopol\u00edticas. La convenci\u00f3n se transmitir\u00e1 en directo desde el estudio de Messe Berlin en itb.com. La asistencia es gratuita (itb.com\/ticketshop).<\/p>\n<p>  Para el complete, de 102 paneles, conferencias, presentaciones, ruedas de prensa de los expositores y debates, 223 expertos y empresas l\u00edderes evaluar\u00e1n los retos globales a los que se enfrenta el sector de los viajes. <\/p>\n<p>mem\/rfc<\/p>\n<\/p><\/div>\n\n<p><em> &#8221; Fuentes www.prensa-latina.cu &#8221; <\/em><\/p>\n","protected":false},"excerpt":{"rendered":"<p>La mayor convocatoria mundial de la industria de los viajes retoma la cita de manera presencial y con elementos virtuales, para dar continuidad a un sector de mucho empuje en materia econ\u00f3mica y fuertemente golpeado por la pandemia debido a cierres y restricciones. Ahora tendr\u00e1 una Convenci\u00f3n de tres d\u00edas con prolongaci\u00f3n de diversas maneras [&hellip;]<\/p>\n","protected":false},"author":4,"featured_media":221258,"comment_status":"open","ping_status":"closed","sticky":false,"template":"","format":"standard","meta":{"om_disable_all_campaigns":false,"jnews-multi-image_gallery":[],"jnews_single_post":[],"jnews_primary_category":[],"jnews_social_meta":[],"footnotes":""},"categories":[40],"tags":[715,35201,544],"class_list":["post-283865","post","type-post","status-publish","format-standard","has-post-thumbnail","hentry","category-industria","tag-economia","tag-nota-informativa","tag-turismo"],"_links":{"self":[{"href":"https:\/\/dimensionturistica.com\/es\/wp-json\/wp\/v2\/posts\/283865","targetHints":{"allow":["GET"]}}],"collection":[{"href":"https:\/\/dimensionturistica.com\/es\/wp-json\/wp\/v2\/posts"}],"about":[{"href":"https:\/\/dimensionturistica.com\/es\/wp-json\/wp\/v2\/types\/post"}],"author":[{"embeddable":true,"href":"https:\/\/dimensionturistica.com\/es\/wp-json\/wp\/v2\/users\/4"}],"replies":[{"embeddable":true,"href":"https:\/\/dimensionturistica.com\/es\/wp-json\/wp\/v2\/comments?post=283865"}],"version-history":[{"count":0,"href":"https:\/\/dimensionturistica.com\/es\/wp-json\/wp\/v2\/posts\/283865\/revisions"}],"wp:featuredmedia":[{"embeddable":true,"href":"https:\/\/dimensionturistica.com\/es\/wp-json\/wp\/v2\/media\/221258"}],"wp:attachment":[{"href":"https:\/\/dimensionturistica.com\/es\/wp-json\/wp\/v2\/media?parent=283865"}],"wp:term":[{"taxonomy":"category","embeddable":true,"href":"https:\/\/dimensionturistica.com\/es\/wp-json\/wp\/v2\/categories?post=283865"},{"taxonomy":"post_tag","embeddable":true,"href":"https:\/\/dimensionturistica.com\/es\/wp-json\/wp\/v2\/tags?post=283865"}],"curies":[{"name":"wp","href":"https:\/\/api.w.org\/{rel}","templated":true}]}}