{"id":283686,"date":"2022-03-08T00:24:08","date_gmt":"2022-03-08T00:24:08","guid":{"rendered":"https:\/\/dimensionturistica.com\/es\/?p=283686"},"modified":"2022-03-08T00:24:09","modified_gmt":"2022-03-08T00:24:09","slug":"asistira-a-cumbre-de-las-americas-en-junio","status":"publish","type":"post","link":"https:\/\/dimensionturistica.com\/es\/asistira-a-cumbre-de-las-americas-en-junio\/","title":{"rendered":"asistir\u00e1 a Cumbre de las Am\u00e9ricas en junio"},"content":{"rendered":"<p> <br \/>\n<\/p>\n<div>\n<p>Este ser\u00e1 el cuarto viaje al extranjero de L\u00f3pez Obrador desde que asumi\u00f3 como presidente, en diciembre de 2018. Todos sus viajes han sido a Estados Unidos, donde visit\u00f3 a Donald Trump en la Casa Blanca en julio de 2020, despu\u00e9s estuvo en la ONU en noviembre de 2021 y ese mismo mes viaj\u00f3 a Washington para reunirse con el presidente Joe Biden y el primer ministro canadiense, Justin Trudeau.<\/p>\n<p>El titular de Relaciones Exteriores no dio detalles de la agenda del Ejecutivo, pero Estados Unidos ha convocado a los l\u00edderes del continente que hayan sido &#8220;elegidos democr\u00e1ticamente&#8221; a la IX Cumbre de las Am\u00e9ricas del 6 al 10 de junio en Los \u00c1ngeles, donde se busca un pacto regional sobre migraci\u00f3n.<\/p>\n<p>&#8220;Es incre\u00edble tener la amistad de los dos lados de la frontera. Como nieto de M\u00e9xico yo tengo mucho orgullo de esta relaci\u00f3n y el futuro, especialmente durante el &#8216;Summit&#8217; de las Am\u00e9ricas&#8221;, destac\u00f3 Garcetti.<\/p>\n<p>El titular de la Secretar\u00eda de Relaciones Exteriores viaj\u00f3 a Los \u00c1ngeles el fin de semana para reunirse con distintas personalidades como el arzobispo Jos\u00e9 Horacio G\u00f3mez, quien es presidente de la conferencia del Episcopado en Estados Unidos, con quien acord\u00f3 buscar mecanismos de colaboraci\u00f3n para la protecci\u00f3n de los connacionales.<\/p>\n<\/p><\/div>\n<p><script>\n    window.fbAsyncInit = function() {\n        FB.init({\n                appId : '322397628250521',\n            cookie     : true,\n            xfbml      : true,\n            version    : 'v8.0'\n        });\n        FB.AppEvents.logPageView();\n    };\n    (function(d, s, id){\n        var js, fjs = d.getElementsByTagName(s)[0];\n        if (d.getElementById(id)) {return;}\n        js = d.createElement(s); js.id = id;\n        js.src = \"https:\/\/connect.facebook.net\/en_US\/sdk.js\";\n        fjs.parentNode.insertBefore(js, fjs);\n    }(document, 'script', 'facebook-jssdk'));\n<\/script><br \/>\n<br \/><\/p>\n<p><em> &#8221; Fuentes politica.expansion.mx &#8221; <\/em><\/p>\n","protected":false},"excerpt":{"rendered":"<p>Este ser\u00e1 el cuarto viaje al extranjero de L\u00f3pez Obrador desde que asumi\u00f3 como presidente, en diciembre de 2018. Todos sus viajes han sido a Estados Unidos, donde visit\u00f3 a Donald Trump en la Casa Blanca en julio de 2020, despu\u00e9s estuvo en la ONU en noviembre de 2021 y ese mismo mes viaj\u00f3 a [&hellip;]<\/p>\n","protected":false},"author":4,"featured_media":283687,"comment_status":"open","ping_status":"closed","sticky":false,"template":"","format":"standard","meta":{"om_disable_all_campaigns":false,"jnews-multi-image_gallery":[],"jnews_single_post":[],"jnews_primary_category":[],"jnews_social_meta":[],"footnotes":""},"categories":[39],"tags":[41836,41837,41838,41839,3047],"class_list":["post-283686","post","type-post","status-publish","format-standard","has-post-thumbnail","hentry","category-viajes","tag-amlo-cumbre-de-las-americas","tag-amlo-viaja-al-extranjero","tag-amlo-viaje-a-estados-unidos","tag-cumbre-de-las-americas","tag-presidencia"],"_links":{"self":[{"href":"https:\/\/dimensionturistica.com\/es\/wp-json\/wp\/v2\/posts\/283686","targetHints":{"allow":["GET"]}}],"collection":[{"href":"https:\/\/dimensionturistica.com\/es\/wp-json\/wp\/v2\/posts"}],"about":[{"href":"https:\/\/dimensionturistica.com\/es\/wp-json\/wp\/v2\/types\/post"}],"author":[{"embeddable":true,"href":"https:\/\/dimensionturistica.com\/es\/wp-json\/wp\/v2\/users\/4"}],"replies":[{"embeddable":true,"href":"https:\/\/dimensionturistica.com\/es\/wp-json\/wp\/v2\/comments?post=283686"}],"version-history":[{"count":0,"href":"https:\/\/dimensionturistica.com\/es\/wp-json\/wp\/v2\/posts\/283686\/revisions"}],"wp:featuredmedia":[{"embeddable":true,"href":"https:\/\/dimensionturistica.com\/es\/wp-json\/wp\/v2\/media\/283687"}],"wp:attachment":[{"href":"https:\/\/dimensionturistica.com\/es\/wp-json\/wp\/v2\/media?parent=283686"}],"wp:term":[{"taxonomy":"category","embeddable":true,"href":"https:\/\/dimensionturistica.com\/es\/wp-json\/wp\/v2\/categories?post=283686"},{"taxonomy":"post_tag","embeddable":true,"href":"https:\/\/dimensionturistica.com\/es\/wp-json\/wp\/v2\/tags?post=283686"}],"curies":[{"name":"wp","href":"https:\/\/api.w.org\/{rel}","templated":true}]}}