{"id":283534,"date":"2022-03-07T19:27:55","date_gmt":"2022-03-07T19:27:55","guid":{"rendered":"https:\/\/dimensionturistica.com\/es\/?p=283534"},"modified":"2022-03-07T19:27:56","modified_gmt":"2022-03-07T19:27:56","slug":"iris-global-amplia-red-de-asistencia-internacional-con-alianza-en-colombia","status":"publish","type":"post","link":"https:\/\/dimensionturistica.com\/es\/iris-global-amplia-red-de-asistencia-internacional-con-alianza-en-colombia\/","title":{"rendered":"Iris Global ampl\u00eda red de asistencia internacional con alianza en Colombia"},"content":{"rendered":"<p> <br \/>\n<\/p>\n<div>\n<p>Iris International, especialista en asistencia integral y amplia trayectoria en seguros de viajes, y Fundaci\u00f3n Valle del Lili, referente en Colombia en brindar la mejor atenci\u00f3n y servicio en salud a pacientes que requieren soluciones medicas de alta complejidad, han alcanzado un acuerdo de colaboraci\u00f3n.<\/p>\n<p>De esta forma Iris International, la marca l\u00edder en asistencia en viajes internacionales, ampl\u00eda su pink de proveedores internacionales y mantiene sus est\u00e1ndares de calidad en asistencia en viajes por todo el mundo.<\/p>\n<p>La Fundaci\u00f3n Valle del Lili, tras cuatro d\u00e9cadas de trayectoria, es un referente en la prestaci\u00f3n de servicios de salud, gracias a un private altamente especializado, tecnolog\u00eda de punta e infraestructura hospitalaria que permite ofrecer atenci\u00f3n integral y segura. Para ello, tambi\u00e9n cuenta con una plantilla de casi 7.500 personas, m\u00e1s de 700 m\u00e9dicos, m\u00e1s de 100 especialidades y 215 camas de UCI. Adem\u00e1s, dispone de una Oficina Internacional en la que cuidan a los usuarios internacionales y velan por el bienestar integral del paciente para que su proceso de recuperaci\u00f3n durante su estancia en el pa\u00eds sea el mejor posible.<\/p>\n<p>La pandemia ha aumentado la demanda de asistencia en los viajes, especialmente en el extranjero, tanto porque surgen m\u00e1s necesidades de atenci\u00f3n durante el viaje, o de ayuda en la preparaci\u00f3n de viaje, como por las modificaciones necesarias en las estancias o en los viajes a ra\u00edz de la Covid-19. En ese sentido, Iris International est\u00e1 dando cobertura a lo largo y ancho de todo el planeta, incluyendo los lugares m\u00e1s remotos. <\/p>\n<p>\u201cEste acuerdo responde al objetivo de crecer a\u00fan m\u00e1s en nuestra s\u00f3lida estructura internacional de asistencia a nuestros clientes que viajan por el extranjero a trav\u00e9s de proveedores de calidad. Ahora nuestros asegurados podr\u00e1n ser atendidos en cualquiera de los centros de referencia de la Fundaci\u00f3n Valle del Lili en Colombia\u201d, explica Elsa Sancho, Responsable Purple Internacional.<\/p>\n<p>Desde la Oficina Internacional de la Fundaci\u00f3n coordinan servicios como: atenci\u00f3n prioritaria; acompa\u00f1amiento continuo durante todo el proceso de atenci\u00f3n, carta men\u00fa en hospitalizaci\u00f3n para que el paciente pueda escoger su alimentaci\u00f3n; acceso a la pink de proveedores log\u00edsticos en convenio, entre otros. Durante 2021 atendieron a 5.268 pacientes internacionales.<\/p>\n<p>\u201cFruto de esta colaboraci\u00f3n vamos a poder acoger a m\u00e1s viajeros internacionales que han elegido Colombia como destino y avanzar en nuestra misi\u00f3n de cuidarles y hacer que su estancia en nuestro pa\u00eds sea una grata experiencia, m\u00e1s a\u00fan cuando han tenido alg\u00fan percance y necesitan sentirse especialmente cuidados en un pa\u00eds extranjero. Nuestra extensa red nos permite ofrecerles todo lo necesario\u201d, comenta Ana Cristina Arboleda, Coordinadora M\u00e9dica de la Oficina Internacional de la Fundaci\u00f3n Valle del Lili.<\/p>\n<p>\u201cEn Iris Global nos diferenciamos por la calidad de nuestros servicios y nuestra ampl\u00eda y solida red de proveedores por todo el mundo. Si bien, seguimos buscando ampliar los puntos de apoyo para multiplicar opciones y mejorar la asistencia en todos los pa\u00edses y responder de forma optimizada al reto continuo que nos planeta la pandemia\u201d, concluye Elsa.<\/p>\n<div class=\"wysiwyg-photo\"><img decoding=\"async\" src=\"https:\/\/static.hosteltur.com\/app\/public\/uploads\/img\/releases\/2022\/03\/07\/L_133316_iris-global-firma-acuerdo-con-fundacion-valle-de-l.jpg\" alt=\"Imagen nota de prensa Hosteltur\" width=\"1795\" height=\"1512\"\/><\/div><\/div>\n\n<p><em> &#8221; Fuentes www.hosteltur.com &#8221; <\/em><\/p>\n","protected":false},"excerpt":{"rendered":"<p>Iris International, especialista en asistencia integral y amplia trayectoria en seguros de viajes, y Fundaci\u00f3n Valle del Lili, referente en Colombia en brindar la mejor atenci\u00f3n y servicio en salud a pacientes que requieren soluciones medicas de alta complejidad, han alcanzado un acuerdo de colaboraci\u00f3n. De esta forma Iris International, la marca l\u00edder en asistencia [&hellip;]<\/p>\n","protected":false},"author":4,"featured_media":283535,"comment_status":"open","ping_status":"closed","sticky":false,"template":"","format":"standard","meta":{"om_disable_all_campaigns":false,"jnews-multi-image_gallery":[],"jnews_single_post":[],"jnews_primary_category":[],"jnews_social_meta":[],"footnotes":""},"categories":[39],"tags":[715],"class_list":["post-283534","post","type-post","status-publish","format-standard","has-post-thumbnail","hentry","category-viajes","tag-economia"],"_links":{"self":[{"href":"https:\/\/dimensionturistica.com\/es\/wp-json\/wp\/v2\/posts\/283534","targetHints":{"allow":["GET"]}}],"collection":[{"href":"https:\/\/dimensionturistica.com\/es\/wp-json\/wp\/v2\/posts"}],"about":[{"href":"https:\/\/dimensionturistica.com\/es\/wp-json\/wp\/v2\/types\/post"}],"author":[{"embeddable":true,"href":"https:\/\/dimensionturistica.com\/es\/wp-json\/wp\/v2\/users\/4"}],"replies":[{"embeddable":true,"href":"https:\/\/dimensionturistica.com\/es\/wp-json\/wp\/v2\/comments?post=283534"}],"version-history":[{"count":0,"href":"https:\/\/dimensionturistica.com\/es\/wp-json\/wp\/v2\/posts\/283534\/revisions"}],"wp:featuredmedia":[{"embeddable":true,"href":"https:\/\/dimensionturistica.com\/es\/wp-json\/wp\/v2\/media\/283535"}],"wp:attachment":[{"href":"https:\/\/dimensionturistica.com\/es\/wp-json\/wp\/v2\/media?parent=283534"}],"wp:term":[{"taxonomy":"category","embeddable":true,"href":"https:\/\/dimensionturistica.com\/es\/wp-json\/wp\/v2\/categories?post=283534"},{"taxonomy":"post_tag","embeddable":true,"href":"https:\/\/dimensionturistica.com\/es\/wp-json\/wp\/v2\/tags?post=283534"}],"curies":[{"name":"wp","href":"https:\/\/api.w.org\/{rel}","templated":true}]}}