{"id":283245,"date":"2022-03-07T03:10:58","date_gmt":"2022-03-07T03:10:58","guid":{"rendered":"https:\/\/dimensionturistica.com\/es\/?p=283245"},"modified":"2022-03-07T03:10:59","modified_gmt":"2022-03-07T03:10:59","slug":"la-pandemia-agrava-la-crisis-del-paquete-turistico-como-modelo-vacacional","status":"publish","type":"post","link":"https:\/\/dimensionturistica.com\/es\/la-pandemia-agrava-la-crisis-del-paquete-turistico-como-modelo-vacacional\/","title":{"rendered":"La pandemia agrava la crisis del paquete tur\u00edstico como modelo vacacional"},"content":{"rendered":"<p> <br \/>\n<\/p>\n<p>La pandemia ha ahondado la brecha creciente entre el<strong> paquete vacacional y los viajes por cuenta propia<\/strong>. La turoperaci\u00f3n tradicional ya ven\u00eda experimentando un retroceso progresivo en los a\u00f1os prepandemia que hab\u00eda llevado a debate la viabilidad de este modelo de negocio. El impacto que ha tenido la COVID-19 en el sector tur\u00edstico en estos dos \u00faltimos a\u00f1os ha concentrado su peor parte en el cl\u00e1sico paquete tur\u00edstico. Si los paquetes vacacionales aglutinaban hasta ahora poco menos de un 40 % de las llegadas anuales a Balears, en estos dos \u00faltimos a\u00f1os el porcentaje se ha situado entre el 16 % y el 25 %. Los viajes organizados sin necesidad de intermediaci\u00f3n profesional aumentaron sus porcentajes en 2020 y 2021 hasta el 83 % y el 75 %, respectivamente, revelando a las claras que fue el a\u00f1o de mayor auge de la pandemia, 2020, el que rest\u00f3 m\u00e1s posibilidades de competir al paquete tur\u00edstico.<\/p>\n<div id=\"post-text-hidden\">\n<p>De este modo, la<strong> incertidumbre por la evoluci\u00f3n de la situaci\u00f3n epidemiol\u00f3gica<\/strong> y las consiguientes restricciones protocolarias de los distintos pa\u00edses redoblaron la apuesta de los viajeros por la autogesti\u00f3n del ocio tur\u00edstico. Y todo ello cuando algunas voces del sector ya vaticinaban que el cierre de Thomas Prepare dinner supon\u00eda poco menos que el certificado de defunci\u00f3n del modelo de negocio de la turoperaci\u00f3n tradicional como se conoce. Pese a su escasa representatividad por la brevedad del periodo analizado, lo cierto es que la precise foto fija tampoco es muy halag\u00fce\u00f1a: solo un 5 % de las llegadas de turistas a las Islas en enero fueron a trav\u00e9s de paquetes vacacionales. En n\u00famero de turistas, 7.900 con paquete por 152.500 sin \u00e9l.<\/p>\n<p>La <strong>ca\u00edda del turismo brit\u00e1nico<\/strong> \u2013usuario por excelencia de este tipo de oferta\u2013 a consecuencia de las restricciones en Reino Unido ha sido otro de los factores claves que explican la aceleraci\u00f3n de este retroceso, aunque los expertos coinciden en que habr\u00e1 que esperar a la restauraci\u00f3n de una normalidad casi whole en la coyuntura sanitaria para ver en qu\u00e9 situaci\u00f3n queda este modelo y qu\u00e9 rol le est\u00e1 reservado de cara al futuro. De hecho, la precaria situaci\u00f3n en la que se encuentran las agencias de viaje es claro indicativo de esta disaster de modelo. Xisco Mulet, presidente de la Asociaci\u00f3n de Agencias de Viajes de Balears (AVIBA), reconoce que las agencias no han podido revertir la tendencia y las preferencias de los clientes a trav\u00e9s de su oferta pure, basada en un trato de cercan\u00eda que facilitara la gesti\u00f3n del viaje ante un escenario tan cambiante. \u00abTuvimos que trabajar el triple para facturar menos de la mitad\u00bb, afirma para explicar que la pandemia \u00abhizo que primaran los viajes de proximidad y reservados con poca antelaci\u00f3n\u00bb, lo cual rest\u00f3 todav\u00eda m\u00e1s protagonismo a las agencias y al paquete tur\u00edstico.<\/p>\n<\/div>\n\n<p><em> &#8221; Fuentes www.menorca.info &#8221; <\/em><\/p>\n","protected":false},"excerpt":{"rendered":"<p>La pandemia ha ahondado la brecha creciente entre el paquete vacacional y los viajes por cuenta propia. La turoperaci\u00f3n tradicional ya ven\u00eda experimentando un retroceso progresivo en los a\u00f1os prepandemia que hab\u00eda llevado a debate la viabilidad de este modelo de negocio. El impacto que ha tenido la COVID-19 en el sector tur\u00edstico en estos [&hellip;]<\/p>\n","protected":false},"author":4,"featured_media":283246,"comment_status":"open","ping_status":"closed","sticky":false,"template":"","format":"standard","meta":{"om_disable_all_campaigns":false,"jnews-multi-image_gallery":[],"jnews_single_post":[],"jnews_primary_category":[],"jnews_social_meta":[],"footnotes":""},"categories":[40],"tags":[705],"class_list":["post-283245","post","type-post","status-publish","format-standard","has-post-thumbnail","hentry","category-industria","tag-noticias"],"_links":{"self":[{"href":"https:\/\/dimensionturistica.com\/es\/wp-json\/wp\/v2\/posts\/283245","targetHints":{"allow":["GET"]}}],"collection":[{"href":"https:\/\/dimensionturistica.com\/es\/wp-json\/wp\/v2\/posts"}],"about":[{"href":"https:\/\/dimensionturistica.com\/es\/wp-json\/wp\/v2\/types\/post"}],"author":[{"embeddable":true,"href":"https:\/\/dimensionturistica.com\/es\/wp-json\/wp\/v2\/users\/4"}],"replies":[{"embeddable":true,"href":"https:\/\/dimensionturistica.com\/es\/wp-json\/wp\/v2\/comments?post=283245"}],"version-history":[{"count":0,"href":"https:\/\/dimensionturistica.com\/es\/wp-json\/wp\/v2\/posts\/283245\/revisions"}],"wp:featuredmedia":[{"embeddable":true,"href":"https:\/\/dimensionturistica.com\/es\/wp-json\/wp\/v2\/media\/283246"}],"wp:attachment":[{"href":"https:\/\/dimensionturistica.com\/es\/wp-json\/wp\/v2\/media?parent=283245"}],"wp:term":[{"taxonomy":"category","embeddable":true,"href":"https:\/\/dimensionturistica.com\/es\/wp-json\/wp\/v2\/categories?post=283245"},{"taxonomy":"post_tag","embeddable":true,"href":"https:\/\/dimensionturistica.com\/es\/wp-json\/wp\/v2\/tags?post=283245"}],"curies":[{"name":"wp","href":"https:\/\/api.w.org\/{rel}","templated":true}]}}