{"id":282938,"date":"2022-03-05T23:30:09","date_gmt":"2022-03-05T23:30:09","guid":{"rendered":"https:\/\/dimensionturistica.com\/es\/?p=282938"},"modified":"2022-03-05T23:30:10","modified_gmt":"2022-03-05T23:30:10","slug":"el-chato-el-chato-restaurante-de-alvaro-clavijo-lanza-propuesta-gastronomica-a-vivir-que-son-dos-dias","status":"publish","type":"post","link":"https:\/\/dimensionturistica.com\/es\/el-chato-el-chato-restaurante-de-alvaro-clavijo-lanza-propuesta-gastronomica-a-vivir-que-son-dos-dias\/","title":{"rendered":"El Chato: El Chato, restaurante de \u00c1lvaro Clavijo, lanza propuesta gastron\u00f3mica | A Vivir Que Son Dos D\u00edas"},"content":{"rendered":"<p> <br \/>\n<\/p>\n<div>\n<p class=\"parrafo\"><strong>El Chato<\/strong> no solo es reconocido a nivel nacional sino tambi\u00e9n internacional.\u00a0<strong>\u201cThe World\u2019s 50 Best Restaurants\u201d<\/strong> catalog\u00f3 el restaurante como\u00a0 el n\u00famero 80 en la lista de los 100 mejores restaurantes del mundo y los premios <strong>\u201cLatin America\u00b4s 50 Best Restaurants\u201d<\/strong> lo galardon\u00f3 como el 7\u00b0 mejor de la regi\u00f3n.<\/p>\n<p class=\"parrafo\">En honor a todos los reconocimientos, el chef <strong>\u00c1lvaro Clavijo<\/strong> lanza una nueva propuesta en el segundo piso del restaurante. Se trata de un espacio donde se ofrece un men\u00fa a partir de algunos extras, seg\u00fan el gusto del cliente y los productos diarios de los proveedores locales.<\/p>\n<p class=\"parrafo\">\u201cEl segundo piso lo planeamos durante toda la pandemia y tuvimos la oportunidad de estrenar una cocina prime para un men\u00fa diferente. <strong>Para m\u00ed la atenci\u00f3n del cocinero al cliente es muy importante y no es com\u00fan. Este segundo piso nos da la oportunidad de ese servicio&#8221;<\/strong>, asegur\u00f3Clavijo para Caracol Radio.<\/p>\n<p class=\"parrafo\"><strong><a target=\"_blank\" href=\"https:\/\/elchato.co\/\" rel=\"noopener\">El Chato<\/a><\/strong> est\u00e1 ubicado <span class=\"LrzXr\">en la direcci\u00f3n <strong>Calle 65 # 4-76 en la ciudad de Bogot\u00e1.<\/strong><\/span><\/p>\n<\/div>\n<p><script>(function(d, s, id) {\n  \t\t\tvar js, fjs = d.getElementsByTagName(s)[0];\n  \t\t\tif (d.getElementById(id)) return;\n  \t\t\tjs = d.createElement(s); js.id = id;\n  \t\t\tjs.src = \"\/\/connect.facebook.net\/es_ES\/all.js#xfbml=1&appId=XXXXX\";\n  \t\t\tfjs.parentNode.insertBefore(js, fjs);\n\t\t}(document, 'script', 'facebook-jssdk'));\n\t\t<\/script><script>\n                window.fbAsyncInit = function() {\n\t\t\t\t\tFB.init({\n\t\t\t\t\t\txfbml      : true,\n\t\t\t\t\t\tversion    : 'v2.12'\n\t\t\t\t\t});\n\t\t\t\t};\n                (function(d, s, id){\n\t\t\t\t\tvar js, fjs = d.getElementsByTagName(s)[0];\n\t\t\t\t\tif (d.getElementById(id)) {return;}\n\t\t\t\t\tjs = d.createElement(s); js.id = id;\n\t\t\t\t\tjs.src = \"https:\/\/connect.facebook.net\/en_US\/sdk.js\";\n\t\t\t\t\tfjs.parentNode.insertBefore(js, fjs);\n\t\t\t\t}(document, 'script', 'facebook-jssdk'));\n\t\t\t<\/script><script>\n\twindow.fbAsyncInit = function() {\n\t\tFB.init({\n\t\t\txfbml      : true,\n\t\t\tversion    : 'v2.12'\n\t\t});\n\t};\n\t(function(d, s, id){\n\t\tvar js, fjs = d.getElementsByTagName(s)[0];\n\t\tif (d.getElementById(id)) {return;}\n\t\tjs = d.createElement(s); js.id = id;\n\t\tjs.src = \"https:\/\/connect.facebook.net\/en_US\/sdk.js\";\n\t\tfjs.parentNode.insertBefore(js, fjs);\n\t}(document, 'script', 'facebook-jssdk'));\n<\/script><br \/>\n<br \/><\/p>\n<p><em> \u2018 The preceding article may include information circulated by third parties \u2019 <\/em><\/p>\n<p><em> \u2018 Some details of this article were extracted from the following source caracol.com.co \u2019 <\/em><\/p>\n","protected":false},"excerpt":{"rendered":"<p>El Chato no solo es reconocido a nivel nacional sino tambi\u00e9n internacional.\u00a0\u201cThe World\u2019s 50 Best Restaurants\u201d catalog\u00f3 el restaurante como\u00a0 el n\u00famero 80 en la lista de los 100 mejores restaurantes del mundo y los premios \u201cLatin America\u00b4s 50 Best Restaurants\u201d lo galardon\u00f3 como el 7\u00b0 mejor de la regi\u00f3n. En honor a todos los [&hellip;]<\/p>\n","protected":false},"author":2,"featured_media":282939,"comment_status":"open","ping_status":"closed","sticky":false,"template":"","format":"standard","meta":{"om_disable_all_campaigns":false,"jnews-multi-image_gallery":[],"jnews_single_post":[],"jnews_primary_category":[],"jnews_social_meta":[],"footnotes":""},"categories":[43],"tags":[],"class_list":["post-282938","post","type-post","status-publish","format-standard","has-post-thumbnail","hentry","category-gourmet"],"_links":{"self":[{"href":"https:\/\/dimensionturistica.com\/es\/wp-json\/wp\/v2\/posts\/282938","targetHints":{"allow":["GET"]}}],"collection":[{"href":"https:\/\/dimensionturistica.com\/es\/wp-json\/wp\/v2\/posts"}],"about":[{"href":"https:\/\/dimensionturistica.com\/es\/wp-json\/wp\/v2\/types\/post"}],"author":[{"embeddable":true,"href":"https:\/\/dimensionturistica.com\/es\/wp-json\/wp\/v2\/users\/2"}],"replies":[{"embeddable":true,"href":"https:\/\/dimensionturistica.com\/es\/wp-json\/wp\/v2\/comments?post=282938"}],"version-history":[{"count":0,"href":"https:\/\/dimensionturistica.com\/es\/wp-json\/wp\/v2\/posts\/282938\/revisions"}],"wp:featuredmedia":[{"embeddable":true,"href":"https:\/\/dimensionturistica.com\/es\/wp-json\/wp\/v2\/media\/282939"}],"wp:attachment":[{"href":"https:\/\/dimensionturistica.com\/es\/wp-json\/wp\/v2\/media?parent=282938"}],"wp:term":[{"taxonomy":"category","embeddable":true,"href":"https:\/\/dimensionturistica.com\/es\/wp-json\/wp\/v2\/categories?post=282938"},{"taxonomy":"post_tag","embeddable":true,"href":"https:\/\/dimensionturistica.com\/es\/wp-json\/wp\/v2\/tags?post=282938"}],"curies":[{"name":"wp","href":"https:\/\/api.w.org\/{rel}","templated":true}]}}