{"id":282855,"date":"2022-03-05T17:16:50","date_gmt":"2022-03-05T17:16:50","guid":{"rendered":"https:\/\/dimensionturistica.com\/es\/?p=282855"},"modified":"2022-03-05T17:16:50","modified_gmt":"2022-03-05T17:16:50","slug":"atraca-en-la-habana-crucero-marella-explorer-2-con-641-pasajeros-a-bordo","status":"publish","type":"post","link":"https:\/\/dimensionturistica.com\/es\/atraca-en-la-habana-crucero-marella-explorer-2-con-641-pasajeros-a-bordo\/","title":{"rendered":"Atraca en La Habana crucero Marella Explorer 2 con 641 pasajeros a bordo"},"content":{"rendered":"<p> <br \/>\n<\/p>\n<div>\n<div id=\"attachment_1672847\" style=\"width: 580px\" class=\"wp-caption alignnone wp-image-1672847 size-large\"><img decoding=\"async\" class=\"wp-image-1672847 size-large\" src=\"https:\/\/dimensionturistica.com\/es\/wp-content\/uploads\/2022\/03\/Atraca-en-La-Habana-crucero-Marella-Explorer-2-con-641.jpg\" alt=\"\" width=\"580\" height=\"504\"\/><\/p>\n<p class=\"wp-caption-text\">El crucero Marella Explorer 2 forma parte de la flota de TUI Group, compa\u00f1\u00eda l\u00edder en viajes de turismo. Foto: Transtur Cuba\/ Fb<\/p>\n<\/div>\n<p>Con la llegada este viernes a La Habana, Cuba, del crucero brit\u00e1nico Marella Explorer 2 <strong>comienza una reanimaci\u00f3n de este tipo de viajes que tienen a Cuba como destino.<\/strong><\/p>\n<p>Seg\u00fan inform\u00f3 la Empresa de Transporte Tur\u00edstico (Transtur), a trav\u00e9s de su p\u00e1gina en Fb, el Marella Explorer 2 lleg\u00f3 a la capital cubana con 641 pasajeros a bordo.<\/p>\n<p>Los visitantes realizar\u00e1n un tour por La Habana a lugares ic\u00f3nicos como La Bodeguita del Medio y Finca Vig\u00eda, entre otros marcados en su itinerario, disponible en el sitio internet oficial de la compa\u00f1\u00eda. Adem\u00e1s, visitar\u00e1n el ic\u00f3nico cabaret Tropicana y el valle de Vi\u00f1ales, en la occidental provincia de Pinar del R\u00edo, indic\u00f3 Transtur.<\/p>\n<p><strong>El crucero Marella Explorer 2 forma parte de la flota de TUI Group, compa\u00f1\u00eda l\u00edder en viajes de turismo.<\/strong> Se trata de un barco solo para adultos, el m\u00e1s nuevo en la flota. Provee servicios de spa, un club-casino, bares y restaurantes.<\/p>\n<p>El itinerario que lo trajo a Cuba se nombra Sabores del Caribe, registrado as\u00ed en la internet de TUI Group. Comenz\u00f3 este 1ro. de marzo en Montego Bay, Jamaica. La embarcaci\u00f3n partir\u00e1 de la Isla este s\u00e1bado para atracar el domingo en Cozumel, M\u00e9xico, y regresar el martes 8 de marzo a Montego Bay.<\/p>\n<p><a rel=\"nofollow noopener\" target=\"_blank\" href=\"http:\/\/www.cubadebate.cu\/noticias\/2021\/12\/09\/cuba-planea-recibir-mas-de-dos-millones-de-turistas-internacionales-en-2022\/\">Cuba trabaja en la reanimaci\u00f3n del sector del turismo<\/a>, fuertemente golpeado por la covid-19 desde 2020. En 2019, antes de la pandemia, la Mayor de las Antillas recibi\u00f3 4,2 millones de turistas.<\/p>\n<p>Para este a\u00f1o <strong>est\u00e1 previsto retomar eventos presenciales como <a rel=\"nofollow noopener\" target=\"_blank\" href=\"http:\/\/www.cubadebate.cu\/noticias\/2022\/02\/21\/feria-de-turismo-de-cuba-2022-se-celebrara-en-plaza-america-de-varadero\/\">la Feria Internacional de Turismo<\/a> en su edici\u00f3n 40, del 3 al 7 de mayo, en el balneario de Varadero.<\/strong> Tambi\u00e9n se han agregado nuevas opciones con instalaciones hoteleras de estreno en Holgu\u00edn (Lodge Tesoro del Atl\u00e1ntico), Camag\u00fcey (Lodge San Juan de Dios) y la reciente apertura del primer resort LGBTQ+ en la capital, el Axel Tel\u00e9grafo La Habana, entre otros.<\/p>\n<p>Un anuncio de los encargados del turismo n\u00e1utico detall\u00f3 asimismo el amplio calendario de actividades para los amantes de este tipo de ocio en la Mayor de las Antillas durante 2022.<\/p>\n<p><iframe loading=\"lazy\" style=\"border: none; overflow: hidden;\" src=\"https:\/\/www.facebook.com\/plugins\/post.php?href=https%3A%2F%2Fwww.facebook.com%2FTransturCuba%2Fposts%2F4995199107225806&amp;show_text=true&amp;width=500\" width=\"500\" height=\"721\" frameborder=\"0\" scrolling=\"no\" allowfullscreen=\"allowfullscreen\"><\/iframe><\/p>\n<p><strong>(Tomado de <a rel=\"nofollow noopener\" target=\"_blank\" href=\"https:\/\/www.excelenciascuba.com\/turismo\/atraca-en-la-habana-crucero-marella-explorer-2\">Excelencias Cuba<\/a>)\u00a0<\/strong><\/p>\n<\/p><\/div>\n\n<p><em> &#8221; Fuentes www.cubadebate.cu &#8221; <\/em><\/p>\n","protected":false},"excerpt":{"rendered":"<p>El crucero Marella Explorer 2 forma parte de la flota de TUI Group, compa\u00f1\u00eda l\u00edder en viajes de turismo. Foto: Transtur Cuba\/ Fb Con la llegada este viernes a La Habana, Cuba, del crucero brit\u00e1nico Marella Explorer 2 comienza una reanimaci\u00f3n de este tipo de viajes que tienen a Cuba como destino. Seg\u00fan inform\u00f3 la [&hellip;]<\/p>\n","protected":false},"author":4,"featured_media":282856,"comment_status":"open","ping_status":"closed","sticky":false,"template":"","format":"standard","meta":{"om_disable_all_campaigns":false,"jnews-multi-image_gallery":[],"jnews_single_post":[],"jnews_primary_category":[],"jnews_social_meta":[],"footnotes":""},"categories":[41],"tags":[715,705],"class_list":["post-282855","post","type-post","status-publish","format-standard","has-post-thumbnail","hentry","category-cruceros","tag-economia","tag-noticias"],"_links":{"self":[{"href":"https:\/\/dimensionturistica.com\/es\/wp-json\/wp\/v2\/posts\/282855","targetHints":{"allow":["GET"]}}],"collection":[{"href":"https:\/\/dimensionturistica.com\/es\/wp-json\/wp\/v2\/posts"}],"about":[{"href":"https:\/\/dimensionturistica.com\/es\/wp-json\/wp\/v2\/types\/post"}],"author":[{"embeddable":true,"href":"https:\/\/dimensionturistica.com\/es\/wp-json\/wp\/v2\/users\/4"}],"replies":[{"embeddable":true,"href":"https:\/\/dimensionturistica.com\/es\/wp-json\/wp\/v2\/comments?post=282855"}],"version-history":[{"count":0,"href":"https:\/\/dimensionturistica.com\/es\/wp-json\/wp\/v2\/posts\/282855\/revisions"}],"wp:featuredmedia":[{"embeddable":true,"href":"https:\/\/dimensionturistica.com\/es\/wp-json\/wp\/v2\/media\/282856"}],"wp:attachment":[{"href":"https:\/\/dimensionturistica.com\/es\/wp-json\/wp\/v2\/media?parent=282855"}],"wp:term":[{"taxonomy":"category","embeddable":true,"href":"https:\/\/dimensionturistica.com\/es\/wp-json\/wp\/v2\/categories?post=282855"},{"taxonomy":"post_tag","embeddable":true,"href":"https:\/\/dimensionturistica.com\/es\/wp-json\/wp\/v2\/tags?post=282855"}],"curies":[{"name":"wp","href":"https:\/\/api.w.org\/{rel}","templated":true}]}}