{"id":282664,"date":"2022-03-05T06:37:29","date_gmt":"2022-03-05T06:37:29","guid":{"rendered":"https:\/\/dimensionturistica.com\/es\/?p=282664"},"modified":"2022-03-05T06:37:30","modified_gmt":"2022-03-05T06:37:30","slug":"el-pirata-de-errenteria-en-el-crucero-de-c-tangana","status":"publish","type":"post","link":"https:\/\/dimensionturistica.com\/es\/el-pirata-de-errenteria-en-el-crucero-de-c-tangana\/","title":{"rendered":"El &#8216;Pirata&#8217; de Errenteria en el crucero de C. Tangana"},"content":{"rendered":"<p> <br \/>\n<\/p>\n<div data-voc-share-selection=\"\"><!-- AUTHOR --><\/p>\n<div class=\"voc-author-timesocial \"><!-- AUTHOR --><\/p>\n<div class=\"voc-author-timesocial__signature\"><!-- IMAGE AUTHOR --><picture class=\"voc-image-signature\"><img decoding=\"async\" class=\"voc-image-signature__img\" src=\"https:\/\/dimensionturistica.com\/es\/wp-content\/uploads\/2022\/03\/El-Pirata-de-Errenteria-en-el-crucero-de-C-Tangana.jpg\" alt=\"Mitxel Ezquiaga\"\/><\/picture><!-- INFO AUTHOR --><\/div>\n<\/div>\n<p class=\"voc-paragraph\">El m\u00fasico de Errenteria Luis Mari Moreno, el well-liked &#8216;Pirata&#8217;, ha pasado de la &#8216;troupe&#8217; de Andreu Buenafuente a la compa\u00f1\u00eda de C. Tangana. \u00abAunque son tan distintos entre s\u00ed tienen en com\u00fan la cercan\u00eda, la capacidad de hacer grupo, el implicarse en los ensayos desde el principio hasta el ultimate\u00bb, asegura. Dicen los cr\u00edticos que ya han visto los conciertos de C. Tangana en Coru\u00f1a o M\u00e1laga que \u00abes ahora mismo el mayor espect\u00e1culo musical que puede encontarse en Espa\u00f1a\u00bb. Pirata lo corrobora: \u00abEstamos en escena nada menos que 30 m\u00fasicos, en cada concierto hay artistas invitados y la gira mueve nueve trailers y cien personas. Es como los Rolling pero con Pucho\u00bb, bromea en referencia al nombre con que conocen a Tangana sus amigos.\n<\/p>\n<p class=\"voc-paragraph\">La gira afronta hoy en el WiZink de Madrid, ante 15.000 espectadores, una de sus grandes noches. \u00ab\u00c9l cube que es el concierto de su vida\u00bb, resume Pirata. Al BEC de Bilbao llega el 9 de abril y no se descarta que se a\u00f1aden destinos a los ya fijados. La empresa donostiarra Get In es promotora del &#8216;tour&#8217;, pero no es la \u00fanica conexi\u00f3n guipuzcoana de El Madrile\u00f1o, otro de los nombres con que es conocido el artista de m\u00faltiples facetas C Tangana. Su supervisor y &#8216;alter ego&#8217;, el discreto Kigo, I\u00f1igo Elosegui, poco amigo de salir en los medios, es tambi\u00e9n de San Sebasti\u00e1n.\n<\/p>\n<p class=\"voc-paragraph\">\u00abEl concierto empieza con Pucho y conmigo a su lado tocando el &#8216;sousaf\u00f3n&#8217;, una tuba de calle que muchos confunden con el helic\u00f3n\u00bb, explica Pirata. Durante el present toca tambi\u00e9n la trompeta y el saxof\u00f3n. Son pocos instrumentos para la variedad de posibilidades que tiene Pirata, forjado tanto en las escuelas de m\u00fasica de Errenteria como en la banda de la localidad, y en grupos como Blues Thorpes, LosDelGas o Acad\u00e9mica Palanca. Su presencia durante seis a\u00f1os en la banda de &#8216;Late Motiv&#8217;, el programa de Buenafuente en Movistar, le dio mayor popularidad. El programa termin\u00f3 pero la banda de Late Motiv sigue dando conciertos. \u00abNo paro: con esa banda, con nuestro grupo Rock Kalean, con el que seguimos actuando en las fiestas de los pueblos, o con la escuela de m\u00fasica de rock AMC de Donostia, de la que soy director pedag\u00f3gico. Tengo que cuadrar bien mi agenda para llegar a todo, pero no siempre lo consigo. En enero, por ejemplo, me cas\u00e9 con Irene, mi pareja, y tenemos la luna de miel pendiente porque enseguida me llamaron para participar en los ensayos de C. Tangana\u00bb.\n<\/p>\n<div class=\"voc-detail__cmp voc-detail__cmp--summary voc-detail__cmp--pad-lr\">\n<div class=\"voc-article-container\">\n<article class=\"voc-article voc-article--cmp-summary \">\n<p><span class=\"voc-prev-title  \"><br \/>\n            Conexiones<br \/>\n        <\/span><\/p>\n<h2 class=\"voc-title\">\n          El supervisor y hombre de confianza de C. Tangana es el discreto donostiarra &#8216;Kigo&#8217;, I\u00f1igo El\u00f3segui<br \/>\n        <\/h2>\n<\/p>\n<\/article>\n<\/div>\n<\/div>\n<p class=\"voc-paragraph\">Porque V\u00edctor, el director musical de El Madrile\u00f1o, llam\u00f3 a Pirata cuando supo que quedaba libre al terminar el programa de Movistar. \u00abEst\u00e1 siendo un trabajo muy intenso. Al principio nos pedian que mantuvi\u00e9ramos en secreto los detalles del present para mantener el issue sorpresa. Pucho es un enorme artista, con una personalidad \u00fanica, y ha levantado un espect\u00e1culo que recomiendo incluso a quienes no est\u00e1n familiarizados con su m\u00fasica, porque impresiona. El escenario parece una vieja sala de fiestas, al estilo de la antigua La Perla, y ah\u00ed act\u00faan los 30 m\u00fasicos, algo que solo puedes ver hoy con una orquesta de cl\u00e1sica. Una enorme pantalla da cuenta del espect\u00e1culo con una realizaci\u00f3n tan cuidada como una pel\u00edcula\u00bb.\n<\/p>\n<p><h3 class=\"voc-detail__title\">\n  Variedad de estilos<br \/>\n<\/h3>\n<\/p>\n<p class=\"voc-paragraph\">La gira presenta &#8216;El Madrile\u00f1o&#8217;, el disco que ha terminado de consagrar a C. Tangana (Ant\u00f3n \u00c1lvarez, Madrid, 1990) como uno de los artistas espa\u00f1oles m\u00e1s escuchados. Cultivador de estilos tan distintos como el rap, el hip hop, el nuevo flamenco y hasta el reguet\u00f3n, en ese disco se acompa\u00f1\u00f3 de m\u00fasicos tan diversos como Jorge Dexler, Calamaro, Toquinho o Ni\u00f1o de Elche.\n<\/p>\n<div class=\"voc-detail__cmp voc-detail__cmp--summary voc-detail__cmp--pad-lr\">\n<div class=\"voc-article-container\">\n<article class=\"voc-article voc-article--cmp-summary \">\n<p><span class=\"voc-prev-title  \"><br \/>\n            &#8216;Pirata&#8217;<br \/>\n        <\/span><\/p>\n<h2 class=\"voc-title\">\n          \u00abMe gusta compatibilizar grandes exhibits como \u00e9ste con nuestro &#8216;rock kalean&#8217; en las fiestas locales\u00bb<br \/>\n        <\/h2>\n<\/p>\n<\/article>\n<\/div>\n<\/div>\n<p class=\"voc-paragraph\">\u00abEsa variedad de estilos se encuentra tambi\u00e9n en el concierto, y me sigue llamando la atenci\u00f3n la cantidad de chavales que se saben todas las canciones desde el principio hasta el ultimate\u00bb, remata Pirata, el m\u00fasico de los mil registros. Hoy estar\u00e1 ante 15.000 espectadores en Madrid y dentro de unos d\u00edas pueden encontrarle con su Rock Kalean llevando los ritmos m\u00e1s modernos al esp\u00edritu de la txaranga.\n<\/p>\n<p><!-- TOPICS --><!-- TENDENCIAS --><\/div>\n<p><script>\n        !function(f,b,e,v,n,t,s)\n        {if(f.fbq)return;n=f.fbq=function(){n.callMethod?\n            n.callMethod.apply(n,arguments):n.queue.push(arguments)};\n            if(!f._fbq)f._fbq=n;n.push=n;n.loaded=!0;n.version='2.0';\n            n.queue=[];t=b.createElement(e);t.async=!0;\n            t.src=v;s=b.getElementsByTagName(e)[0];\n            s.parentNode.insertBefore(t,s)}(window,document,'script',\n            'https:\/\/connect.facebook.net\/en_US\/fbevents.js');\n        fbq('init', '492946631038788');\n        fbq('track', 'PageView');\n    <\/script><br \/>\n<br \/><\/p>\n<p><em> &#8221; Fuentes www.diariovasco.com &#8221; <\/em><\/p>\n","protected":false},"excerpt":{"rendered":"<p>El m\u00fasico de Errenteria Luis Mari Moreno, el well-liked &#8216;Pirata&#8217;, ha pasado de la &#8216;troupe&#8217; de Andreu Buenafuente a la compa\u00f1\u00eda de C. Tangana. \u00abAunque son tan distintos entre s\u00ed tienen en com\u00fan la cercan\u00eda, la capacidad de hacer grupo, el implicarse en los ensayos desde el principio hasta el ultimate\u00bb, asegura. Dicen los cr\u00edticos [&hellip;]<\/p>\n","protected":false},"author":4,"featured_media":282665,"comment_status":"open","ping_status":"closed","sticky":false,"template":"","format":"standard","meta":{"om_disable_all_campaigns":false,"jnews-multi-image_gallery":[],"jnews_single_post":[],"jnews_primary_category":[],"jnews_social_meta":[],"footnotes":""},"categories":[41],"tags":[18423,1280,41720,41719],"class_list":["post-282664","post","type-post","status-publish","format-standard","has-post-thumbnail","hentry","category-cruceros","tag-c-tangana","tag-crucero","tag-el-madrileno","tag-pirata-errenteria"],"_links":{"self":[{"href":"https:\/\/dimensionturistica.com\/es\/wp-json\/wp\/v2\/posts\/282664","targetHints":{"allow":["GET"]}}],"collection":[{"href":"https:\/\/dimensionturistica.com\/es\/wp-json\/wp\/v2\/posts"}],"about":[{"href":"https:\/\/dimensionturistica.com\/es\/wp-json\/wp\/v2\/types\/post"}],"author":[{"embeddable":true,"href":"https:\/\/dimensionturistica.com\/es\/wp-json\/wp\/v2\/users\/4"}],"replies":[{"embeddable":true,"href":"https:\/\/dimensionturistica.com\/es\/wp-json\/wp\/v2\/comments?post=282664"}],"version-history":[{"count":0,"href":"https:\/\/dimensionturistica.com\/es\/wp-json\/wp\/v2\/posts\/282664\/revisions"}],"wp:featuredmedia":[{"embeddable":true,"href":"https:\/\/dimensionturistica.com\/es\/wp-json\/wp\/v2\/media\/282665"}],"wp:attachment":[{"href":"https:\/\/dimensionturistica.com\/es\/wp-json\/wp\/v2\/media?parent=282664"}],"wp:term":[{"taxonomy":"category","embeddable":true,"href":"https:\/\/dimensionturistica.com\/es\/wp-json\/wp\/v2\/categories?post=282664"},{"taxonomy":"post_tag","embeddable":true,"href":"https:\/\/dimensionturistica.com\/es\/wp-json\/wp\/v2\/tags?post=282664"}],"curies":[{"name":"wp","href":"https:\/\/api.w.org\/{rel}","templated":true}]}}