{"id":281790,"date":"2022-03-03T15:11:23","date_gmt":"2022-03-03T15:11:23","guid":{"rendered":"https:\/\/dimensionturistica.com\/es\/?p=281790"},"modified":"2022-03-03T15:11:23","modified_gmt":"2022-03-03T15:11:23","slug":"cuenta-atras-para-la-cursa-de-la-dona-vicky-foods-de-gandia","status":"publish","type":"post","link":"https:\/\/dimensionturistica.com\/es\/cuenta-atras-para-la-cursa-de-la-dona-vicky-foods-de-gandia\/","title":{"rendered":"Cuenta atr\u00e1s para la Cursa de la Dona Vicky Foods de Gandia"},"content":{"rendered":"<p> <br \/>\n<\/p>\n<div>\n<p><img decoding=\"async\" alt=\"[Img #58337]\" class=\"RichTextAlignLeft\" src=\"https:\/\/saforguia.com\/upload\/images\/03_2022\/4072_1-presentacion-cursa.jpg\"\/><\/p>\n<p>\u00a0<\/p>\n<p>La sede de la Fundaci\u00f3n Vicky Meals, en Villalonga, acogi\u00f3 el martes pasado la presentaci\u00f3n de la XIII Cursa de la Dona Vicky Meals, que volver\u00e1 a las calles de Gandia y Benirredr\u00e0 despu\u00e9s de que las ediciones de 2020 y 2021 tuvieran que ser suspendidas por la pandemia. La carrera, organizada por el CA Safor Teika, se celebrar\u00e1 el pr\u00f3ximo domingo, 27 de marzo.<\/p>\n<p>\u00a0<\/p>\n<p>El acto reuni\u00f3 a numerosos alcaldes y concejales, patrocinadores, mujeres deportistas, y miembros de colectivos relacionados con el evento. La presentaci\u00f3n corri\u00f3 a cargo de la periodista Puri Naya, directora de Comunicaci\u00f3n de Teika y ordinary \u2018speaker\u2019 de la carrera. El d\u00eda de la Cursa tambi\u00e9n le acompa\u00f1ar\u00e1 el periodista de \u00c0 Punt Xavi Blasco. Cont\u00f3 con los parlamentos del presidente del CA Safor Teika, Vicent Bosc\u00e0; el consejero delegado de Vicky Meals, Rafa Juan, el director normal de Deportes, Josep Miquel Moya; y el alcalde de Gandia, Jos\u00e9 Manuel Prieto. Adem\u00e1s, hubo un coloquio con cuatro mujeres que representaban a perfiles diferentes de participantes en la Cursa.<\/p>\n<p>\u00a0<\/p>\n<p><img decoding=\"async\" alt=\"[Img #58340]\" class=\"RichTextAlignLeft\" src=\"https:\/\/saforguia.com\/upload\/images\/03_2022\/2083_3-publico-f-javier-cloquell.jpg\" style=\"height:431px;width:670px;\"\/><\/p>\n<p>\u00a0<\/p>\n<p>Rafa Juan, en primer lugar, tuvo un recuerdo para las v\u00edctimas de la guerra en Ucrania, y el deseo de que pronto se restablezca la paz. Apunt\u00f3 que la Cursa, en la que Vicky Meals se estrena como patrocinador principal, \u201csupone volver a la normalidad\u201d. A\u00f1adi\u00f3 que, como en la Cursa, \u201cpara nuestra empresa la mujer siempre ha significado mucho\u201d. En este punto mencion\u00f3 a su madre y fundadora del grupo, Victoria Fern\u00e1ndez, fallecida en abril de 2021. \u201cElla hubiera estado encantada de estar aqu\u00ed, con nosotros, aunque afortunadamente seguimos teniendo a su hermana, mi t\u00eda Gloria, que tambi\u00e9n es un ejemplo de mujer emprendedora y sacrificada\u201d.<br \/>\u00a0<\/p>\n<p>Vicent Bosc\u00e0 record\u00f3 que en 2020 todo estaba a punto para celebrar la edici\u00f3n de ese a\u00f1o, incluso se hab\u00eda celebrado la presentaci\u00f3n y los entrenamientos gratuitos, pero lleg\u00f3 el estado de alarma y el confinamiento. Y en 2021 las restricciones tampoco lo hicieron posible, aunque s\u00ed se celebraron con gran acogida las otras dos carreras que organiza el membership, el 10K Nocturn de la Platja de Gandia-Memorial Toni Herreros, en junio, y la Cursa de les Empreses de la Safor-ESIC, en octubre, antes de la sexta ola. \u201cAs\u00ed que este a\u00f1o hay ganas de Cursa. Es hora de volver a ver las sonrisas en las caras de las mujeres, del p\u00fablico que las anima a su paso, o de los voluntarios que trabajan para que todo salga perfecto\u201d, se\u00f1al\u00f3.<\/p>\n<p>\u00a0<\/p>\n<p><img decoding=\"async\" alt=\"[Img #58338]\" class=\"RichTextAlignLeft\" src=\"https:\/\/saforguia.com\/upload\/images\/03_2022\/8696_5-puri-naya-miguel-angel-garcia.jpg\" style=\"height:429px;width:670px;\"\/><\/p>\n<p>\u00a0<\/p>\n<p>Josep Miquel Moya elogi\u00f3 que el membership vuelva a organizar \u201cesta carrera tan cargada de simbolismo, con tanto \u201ccomboi\u201d, y aplaudi\u00f3 \u201cel gran arraigo que tiene esta prueba en la comarca con tan s\u00f3lo 13 ediciones\u201d.<\/p>\n<p>\u00a0<\/p>\n<p>Por \u00faltimo, Jos\u00e9 Manuel Prieto, que vivir\u00e1 su primera Cursa como alcalde de Gandia, elogi\u00f3 esta iniciativa del membership, que siempre ha contado con el respaldo del ayuntamiento. \u201cLa Cursa promociona el deporte femenino pero sobre todo lleva impl\u00edcitos los valores de la igualdad, la inclusi\u00f3n, el respeto y la tolerancia. Y es la forma visible que tienen las mujeres de gritar fuerte que\u00a0 merecen su espacio, su tiempo, y sus oportunidades\u201d, dijo.\u00a0\u00a0<\/p>\n<p>\u00a0<\/p>\n<p><strong>Coloquio<\/strong><br \/>En el coloquio participaron la investigadora J\u00e9ssica Castillo, del Instituto de Investigaci\u00f3n Sanitaria La Fe, entidad que lleva a cabo el proyecto social sobre esclerosis m\u00faltiple, al que va destinada la aportaci\u00f3n solidaria de este a\u00f1o; la fondista del CA Safor Teika Pilar V\u00e1zquez, y ganadora de la Cursa en 2019; la directora de M\u00e1rketing de Teika, Berti Barber; y la directora de Comunicaci\u00f3n Interna de Vicky Meals, Marta Bertomeu.<\/p>\n<p>\u00a0<\/p>\n<p>J\u00e9ssica Castillo agradeci\u00f3 el inter\u00e9s de la Cursa por la esclerosis m\u00faltiple, porque todav\u00eda queda mucho por hacer. \u201cEs una enfermedad autoinmune que por ahora no tiene cura, pero s\u00ed podemos mejorar la calidad de vida de los pacientes\u201d. Apunt\u00f3 que hacer deporte \u201cayuda a frenar su avance y a prevenir algunos de sus s\u00edntomas\u201d.\u00a0\u00a0<\/p>\n<p>\u00a0<\/p>\n<p><img decoding=\"async\" alt=\"[Img #58339]\" class=\"RichTextAlignLeft\" src=\"https:\/\/saforguia.com\/upload\/images\/03_2022\/8179_4-coloquio.jpg\" style=\"height:410px;width:670px;\"\/><\/p>\n<p>\u00a0<\/p>\n<p>Marta Bertomeu habl\u00f3 de su experiencia como corredora widespread. Con dos medios maratones completados, se prepara este a\u00f1o para el marat\u00f3n de Val\u00e8ncia, como miembro del CA Safor Teika. Coment\u00f3 que su marido ya no comparte esta afici\u00f3n, \u201cpero me sigue animando a conseguir mis objetivos, y ese es tambi\u00e9n el objetivo de la Cursa\u201d. Y a\u00f1adi\u00f3 que desde Vicky Meals hay un grupo de trabajo dedicado a fomentar h\u00e1bitos saludables entre la plantilla, e incluso tienen un equipo de \u201crunners\u201d.<\/p>\n<p>\u00a0<\/p>\n<p>Berti Barber explic\u00f3 c\u00f3mo compagina su vida acquainted y laboral con la pr\u00e1ctica deportiva. Le gusta a hacer deporte sola porque, al trabajar tanto en equipo,\u00a0 le ayuda a desconectar, e incluso a tener \u201cmomentos de creatividad\u201d que le sirven luego para aplicar a su empresa, que por otra parte patrocina a numerosos equipos femeninos.<\/p>\n<p>\u00a0<\/p>\n<p>Pilar V\u00e1zquez, que lleva casi 20 a\u00f1os vinculada al atletismo, confes\u00f3 que siempre que se pone un dorsal sale a ganar, y este a\u00f1o no ser\u00e1 diferente, aunque reconoci\u00f3 que, en normal, esta Cursa \u201ctiene un ambiente m\u00e1gico, porque no es competitiva, corres en casa y te animan a cada paso\u201d.<\/p>\n<p>\u00a0<\/p>\n<p><strong>Entrenamientos<\/strong><br \/>Por otra parte, se record\u00f3 el plan de entrenamientos gratuitos, a cargo del monitor de \u2018fitness\u2019 Miguel \u00c1ngel Garc\u00eda. Estos, de 8 semanas, difundidos a trav\u00e9s de las redes sociales y la net de la Cursa, son presenciales y virtuales. Los presenciales empiezan este domingo, 6 de marzo, y siguen el d\u00eda 13, ambos en el parque de Joan Fuster a las 10 h. En el del d\u00eda 13 colabora Igualtat Gandia, con motivo de la D\u00eda de la Mujer, y el ayuntamiento regalar\u00e1 un detalle a las participantes. El martes, 15 de marzo, tambi\u00e9n a la misma hora, ser\u00e1 el \u201centrenamiento fallero\u201d, con una recepci\u00f3n por parte del alcalde, Jos\u00e9 Manuel Prieto, y un almuerzo saludable. Todas las asistentes a los entrenamientos recibir\u00e1n una camiseta t\u00e9cnica y avituallamiento l\u00edquido y s\u00f3lido, con la colaboraci\u00f3n de Cl\u00ednicas Biom\u00e9dicas Ascires.<\/p>\n<p>\u00a0<\/p>\n<p>La camiseta, t\u00e9cnica, es de coloration azul turquesa, que fue escogido por votaci\u00f3n de las corredoras en redes sociales. Se mantiene tambi\u00e9n el cartel anunciador y toda la imagen corporativa, obra de la ilustradora gandiense Amanda Cerd\u00e1. Adem\u00e1s, estaban expuestos parte de los 38 trofeos que se entregar\u00e1n en whole, unas estatu\u00edllas confeccionadas por Bronces Jord\u00e0, y el veh\u00edculo oficial, el nuevo Renault Arkana, cedido por el concesionario Renault Ginestar.<\/p>\n<p>\u00a0<\/p>\n<p>La <strong>XIII Cursa de la Dona Vicky Meals <\/strong>recupera su circuito unique. La salida tendr\u00e1 lugar a las 11 horas desde la avenida de Les Esclaves y la meta ser\u00e1 en el mismo espacio. Las inscripciones siguen abiertas, tanto en la p\u00e1gina net oficial de la carrera (www.cursadeladonagandia.com) como en los puntos f\u00edsicos de establecimientos colaboradores. Hasta el 15 de marzo el precio es de 6 euros por corredora (5 euros, m\u00e1s 1 euro solidario); y en el tramo del 16 al 23 de marzo subir\u00e1 a ten euros (8 euros, m\u00e1s 2 euros solidarios). Las mujeres que se inscribieron en 2020 tienen asegurado autom\u00e1ticamente su dorsal para 2022.\u00a0\u00a0<\/p>\n<\/div>\n\n<p><em> \u2018 The preceding article may include information circulated by third parties \u2019 <\/em><\/p>\n<p><em> \u2018 Some details of this article were extracted from the following source saforguia.com \u2019 <\/em><\/p>\n","protected":false},"excerpt":{"rendered":"<p>\u00a0 La sede de la Fundaci\u00f3n Vicky Meals, en Villalonga, acogi\u00f3 el martes pasado la presentaci\u00f3n de la XIII Cursa de la Dona Vicky Meals, que volver\u00e1 a las calles de Gandia y Benirredr\u00e0 despu\u00e9s de que las ediciones de 2020 y 2021 tuvieran que ser suspendidas por la pandemia. La carrera, organizada por el [&hellip;]<\/p>\n","protected":false},"author":2,"featured_media":281791,"comment_status":"open","ping_status":"closed","sticky":false,"template":"","format":"standard","meta":{"om_disable_all_campaigns":false,"jnews-multi-image_gallery":[],"jnews_single_post":[],"jnews_primary_category":[],"jnews_social_meta":[],"footnotes":""},"categories":[43],"tags":[41640],"class_list":["post-281790","post","type-post","status-publish","format-standard","has-post-thumbnail","hentry","category-gourmet","tag-cursa-dona-gandia"],"_links":{"self":[{"href":"https:\/\/dimensionturistica.com\/es\/wp-json\/wp\/v2\/posts\/281790","targetHints":{"allow":["GET"]}}],"collection":[{"href":"https:\/\/dimensionturistica.com\/es\/wp-json\/wp\/v2\/posts"}],"about":[{"href":"https:\/\/dimensionturistica.com\/es\/wp-json\/wp\/v2\/types\/post"}],"author":[{"embeddable":true,"href":"https:\/\/dimensionturistica.com\/es\/wp-json\/wp\/v2\/users\/2"}],"replies":[{"embeddable":true,"href":"https:\/\/dimensionturistica.com\/es\/wp-json\/wp\/v2\/comments?post=281790"}],"version-history":[{"count":0,"href":"https:\/\/dimensionturistica.com\/es\/wp-json\/wp\/v2\/posts\/281790\/revisions"}],"wp:featuredmedia":[{"embeddable":true,"href":"https:\/\/dimensionturistica.com\/es\/wp-json\/wp\/v2\/media\/281791"}],"wp:attachment":[{"href":"https:\/\/dimensionturistica.com\/es\/wp-json\/wp\/v2\/media?parent=281790"}],"wp:term":[{"taxonomy":"category","embeddable":true,"href":"https:\/\/dimensionturistica.com\/es\/wp-json\/wp\/v2\/categories?post=281790"},{"taxonomy":"post_tag","embeddable":true,"href":"https:\/\/dimensionturistica.com\/es\/wp-json\/wp\/v2\/tags?post=281790"}],"curies":[{"name":"wp","href":"https:\/\/api.w.org\/{rel}","templated":true}]}}