{"id":281752,"date":"2022-03-03T14:36:10","date_gmt":"2022-03-03T14:36:10","guid":{"rendered":"https:\/\/dimensionturistica.com\/es\/?p=281752"},"modified":"2022-03-03T14:36:10","modified_gmt":"2022-03-03T14:36:10","slug":"vicky-foods-acoge-la-presentacion-de-la-cursa-de-la-dona-de-gandia-2022","status":"publish","type":"post","link":"https:\/\/dimensionturistica.com\/es\/vicky-foods-acoge-la-presentacion-de-la-cursa-de-la-dona-de-gandia-2022\/","title":{"rendered":"Vicky Foods acoge la presentaci\u00f3n de la cursa de la dona de Gandia 2022"},"content":{"rendered":"<p> <br \/>\n<\/p>\n<div>\n<p>La <strong>XIII <a target=\"_blank\" href=\"https:\/\/somgandia.com\/cursa-dona-2022\" rel=\"noopener\">Cursa de la Dona Vicky Foods<\/a><\/strong> recupera su circuito unique. La salida <strong>tendr\u00e1 lugar a las 11 horas desde la avenida de Les Esclaves y la meta ser\u00e1 en el mismo espacio<\/strong>. Las inscripciones siguen abiertas, tanto en la p\u00e1gina net oficial de la carrera como en los puntos f\u00edsicos de establecimientos colaboradores. Hasta el<strong> <\/strong>15 de marzo el precio es de<strong> <\/strong>6 euros por corredora (5 euros, m\u00e1s 1 euro solidario); y en el tramo del 16 al 23 de marzo subir\u00e1 a ten euros (8 euros, m\u00e1s 2 euros solidarios). Las mujeres que se inscribieron en 2020 tienen asegurado autom\u00e1ticamente su dorsal para 2022. <em>\u00a0<\/em><\/p>\n<figure class=\"wp-block-image alignwide size-full\"><img decoding=\"async\" loading=\"lazy\" width=\"1148\" height=\"700\" src=\"https:\/\/somgandia.com\/wp-content\/uploads\/2022\/03\/PRESENTACION-CURSA.jpeg\" alt=\"\" class=\"wp-image-32109\" srcset=\"https:\/\/somgandia.com\/wp-content\/uploads\/2022\/03\/PRESENTACION-CURSA.jpeg 1148w, https:\/\/somgandia.com\/wp-content\/uploads\/2022\/03\/PRESENTACION-CURSA-768x468.jpeg 768w, https:\/\/somgandia.com\/wp-content\/uploads\/2022\/03\/PRESENTACION-CURSA-696x424.jpeg 696w, https:\/\/somgandia.com\/wp-content\/uploads\/2022\/03\/PRESENTACION-CURSA-1068x651.jpeg 1068w\" sizes=\"auto, (max-width: 1148px) 100vw, 1148px\"\/><\/figure>\n<p>La camiseta, t\u00e9cnica, es de shade azul turquesa, que fue escogido por votaci\u00f3n de las corredoras en redes sociales. Se mantiene tambi\u00e9n el cartel anunciador y toda la imagen corporativa, obra de la ilustradora gandiense Amanda Cerd\u00e1. Adem\u00e1s, estaban expuestos parte de los 38 trofeos que se entregar\u00e1n en whole, unas estatu\u00edllas confeccionadas por Bronces Jord\u00e0, y el veh\u00edculo oficial, el nuevo Renault Arkana, cedido por el concesionario Renault Ginestar.<\/p>\n<p>Por otra parte, se record\u00f3 el <strong>plan de entrenamientos gratuitos<\/strong>, a cargo del monitor de \u2018fitness\u2019 <strong>Miguel \u00c1ngel Garc\u00eda<\/strong>. Estos, de 8 semanas, difundidos a trav\u00e9s de las redes sociales y la net de la Cursa, son presenciales y virtuales. Los presenciales empiezan este domingo, 6 de marzo, y siguen el d\u00eda 13, ambos en el parque de Joan Fuster a las 10 horas. En el del d\u00eda 13 colabora Igualtat Gandia, con motivo de la D\u00eda de la Mujer, y el ayuntamiento regalar\u00e1 un detalle a las participantes. El martes, 15 de marzo, tambi\u00e9n a la misma hora, ser\u00e1 el \u201centrenamiento fallero\u201d, con una recepci\u00f3n por parte del alcalde, Jos\u00e9 Manuel Prieto, y un almuerzo saludable.<\/p>\n<figure class=\"wp-block-image size-full\"><img decoding=\"async\" loading=\"lazy\" width=\"1075\" height=\"700\" src=\"https:\/\/somgandia.com\/wp-content\/uploads\/2022\/03\/PURI-NAYA-MIGUEL-ANGEL-GARCIA.jpeg\" alt=\"\" class=\"wp-image-32108\" srcset=\"https:\/\/somgandia.com\/wp-content\/uploads\/2022\/03\/PURI-NAYA-MIGUEL-ANGEL-GARCIA.jpeg 1075w, https:\/\/somgandia.com\/wp-content\/uploads\/2022\/03\/PURI-NAYA-MIGUEL-ANGEL-GARCIA-768x500.jpeg 768w, https:\/\/somgandia.com\/wp-content\/uploads\/2022\/03\/PURI-NAYA-MIGUEL-ANGEL-GARCIA-696x453.jpeg 696w, https:\/\/somgandia.com\/wp-content\/uploads\/2022\/03\/PURI-NAYA-MIGUEL-ANGEL-GARCIA-1068x695.jpeg 1068w\" sizes=\"auto, (max-width: 1075px) 100vw, 1075px\"\/><\/figure>\n<p>El acto reuni\u00f3 a numerosos alcaldes y concejales, patrocinadores, mujeres deportistas y miembros de colectivos relacionados con el evento. Cont\u00f3 con los parlamentos del presidente del CA Safor Teika, Vicent Bosc\u00e0; el consejero delegado de Vicky Meals, Rafa Juan, el director basic de Deportes, Josep Miquel Moya; y el alcalde de Gandia, Jos\u00e9 Manuel Prieto. Adem\u00e1s, hubo un coloquio con cuatro mujeres que representaban a perfiles diferentes de participantes en la Cursa.<\/p>\n<p><strong>Rafa Juan<\/strong>, en primer lugar, tuvo un recuerdo para las v\u00edctimas de la guerra en Ucrania, y el deseo de que pronto se restablezca la paz. Apunt\u00f3 que la Cursa, en la que Vicky Meals se estrena como patrocinador principal, \u201csupone volver a la normalidad\u201d. A\u00f1adi\u00f3 que, como en la Cursa, \u201cpara nuestra empresa la mujer siempre ha significado mucho\u201d. En este punto mencion\u00f3 a su madre y fundadora del grupo, Victoria Fern\u00e1ndez, fallecida en abril de 2021. \u201cElla hubiera estado encantada de estar aqu\u00ed, con nosotros, aunque afortunadamente seguimos teniendo a su hermana, mi t\u00eda Gloria, que tambi\u00e9n es un ejemplo de mujer emprendedora y sacrificada\u201d.\u00a0<\/p>\n<figure class=\"wp-block-image size-full\"><img decoding=\"async\" loading=\"lazy\" width=\"1053\" height=\"700\" src=\"https:\/\/somgandia.com\/wp-content\/uploads\/2022\/03\/RAFA-JUAN.jpeg\" alt=\"\" class=\"wp-image-32104\" srcset=\"https:\/\/somgandia.com\/wp-content\/uploads\/2022\/03\/RAFA-JUAN.jpeg 1053w, https:\/\/somgandia.com\/wp-content\/uploads\/2022\/03\/RAFA-JUAN-768x511.jpeg 768w, https:\/\/somgandia.com\/wp-content\/uploads\/2022\/03\/RAFA-JUAN-696x463.jpeg 696w\" sizes=\"auto, (max-width: 1053px) 100vw, 1053px\"\/><\/figure>\n<p><strong>Vicent Bosc\u00e0<\/strong> record\u00f3 que en 2020 todo estaba a punto para celebrar la edici\u00f3n de ese a\u00f1o, incluso se hab\u00eda celebrado la presentaci\u00f3n y los entrenamientos gratuitos, pero lleg\u00f3 el estado de alarma y el confinamiento. Y en 2021 las restricciones tampoco lo hicieron posible, aunque s\u00ed se celebraron con gran acogida las otras dos carreras que organiza el membership, la <strong><a target=\"_blank\" href=\"https:\/\/somgandia.com\/2021-10k-nocturna-gandia\" rel=\"noopener\">10K Nocturna de la Platja de Gandia,<\/a><\/strong> en junio, y la <strong><a target=\"_blank\" href=\"https:\/\/somgandia.com\/carrera-empresas-safor-gandia\" rel=\"noopener\">Cursa de les Empreses de la Safor-ESIC<\/a><\/strong>, en octubre, antes de la sexta ola.\u00a0<\/p>\n<figure class=\"wp-block-image size-full\"><img decoding=\"async\" loading=\"lazy\" width=\"1058\" height=\"700\" src=\"https:\/\/somgandia.com\/wp-content\/uploads\/2022\/03\/VICENT-BOSCA.jpeg\" alt=\"\" class=\"wp-image-32106\" srcset=\"https:\/\/somgandia.com\/wp-content\/uploads\/2022\/03\/VICENT-BOSCA.jpeg 1058w, https:\/\/somgandia.com\/wp-content\/uploads\/2022\/03\/VICENT-BOSCA-768x508.jpeg 768w, https:\/\/somgandia.com\/wp-content\/uploads\/2022\/03\/VICENT-BOSCA-696x460.jpeg 696w\" sizes=\"auto, (max-width: 1058px) 100vw, 1058px\"\/><\/figure>\n<p><strong>Josep Miquel Moya<\/strong> elogi\u00f3 que el membership vuelva a organizar \u201cesta carrera tan cargada de simbolismo, con tanto \u201ccomboi\u201d, y aplaudi\u00f3 \u201cel gran arraigo que tiene esta prueba en la comarca con tan s\u00f3lo 13 ediciones\u201d.\u00a0<\/p>\n<figure class=\"wp-block-image size-full\"><img decoding=\"async\" loading=\"lazy\" width=\"1073\" height=\"700\" src=\"https:\/\/somgandia.com\/wp-content\/uploads\/2022\/03\/JOSEP-MIQUEL-MOYA.jpeg\" alt=\"\" class=\"wp-image-32105\" srcset=\"https:\/\/somgandia.com\/wp-content\/uploads\/2022\/03\/JOSEP-MIQUEL-MOYA.jpeg 1073w, https:\/\/somgandia.com\/wp-content\/uploads\/2022\/03\/JOSEP-MIQUEL-MOYA-768x501.jpeg 768w, https:\/\/somgandia.com\/wp-content\/uploads\/2022\/03\/JOSEP-MIQUEL-MOYA-696x454.jpeg 696w, https:\/\/somgandia.com\/wp-content\/uploads\/2022\/03\/JOSEP-MIQUEL-MOYA-1068x697.jpeg 1068w\" sizes=\"auto, (max-width: 1073px) 100vw, 1073px\"\/><\/figure>\n<p>Por \u00faltimo, <strong>Jos\u00e9 Manuel Prieto<\/strong>, alcalde de Gandia, elogi\u00f3 esta iniciativa del membership, que siempre ha contado con el respaldo del ayuntamiento. \u201cLa Cursa promociona el deporte femenino pero sobre todo lleva impl\u00edcitos los valores de la igualdad, la inclusi\u00f3n, el respeto y la tolerancia. Y es la forma visible que tienen las mujeres de gritar fuerte que\u00a0 merecen su espacio, su tiempo, y sus oportunidades\u201d, dijo.<\/p>\n<figure class=\"wp-block-image size-full\"><img decoding=\"async\" loading=\"lazy\" width=\"1059\" height=\"700\" src=\"https:\/\/somgandia.com\/wp-content\/uploads\/2022\/03\/JOSE-MANUEL-PRIETO-presentacion-cursa-dona-gandia.jpeg\" alt=\"\" class=\"wp-image-32103\" srcset=\"https:\/\/somgandia.com\/wp-content\/uploads\/2022\/03\/JOSE-MANUEL-PRIETO-presentacion-cursa-dona-gandia.jpeg 1059w, https:\/\/somgandia.com\/wp-content\/uploads\/2022\/03\/JOSE-MANUEL-PRIETO-presentacion-cursa-dona-gandia-768x508.jpeg 768w, https:\/\/somgandia.com\/wp-content\/uploads\/2022\/03\/JOSE-MANUEL-PRIETO-presentacion-cursa-dona-gandia-696x460.jpeg 696w\" sizes=\"auto, (max-width: 1059px) 100vw, 1059px\"\/><\/figure>\n<p><strong>Coloquio<\/strong><\/p>\n<p>En el coloquio participaron la investigadora J\u00e9ssica Castillo, del Instituto de Investigaci\u00f3n Sanitaria La Fe, entidad que lleva a cabo el proyecto social sobre esclerosis m\u00faltiple, al que va destinada la aportaci\u00f3n solidaria de este a\u00f1o; la fondista del CA Safor Teika Pilar V\u00e1zquez y ganadora de la Cursa en 2019; la directora de M\u00e1rketing de Teika, Berti Barber; y la directora de Comunicaci\u00f3n Interna de Vicky Meals, Marta Bertomeu.\u00a0<\/p>\n<\/div>\n<p><script>\n  !function(f,b,e,v,n,t,s)\n  {if(f.fbq)return;n=f.fbq=function(){n.callMethod?\n  n.callMethod.apply(n,arguments):n.queue.push(arguments)};\n  if(!f._fbq)f._fbq=n;n.push=n;n.loaded=!0;n.version='2.0';\n  n.queue=[];t=b.createElement(e);t.async=!0;\n  t.src=v;s=b.getElementsByTagName(e)[0];\n  s.parentNode.insertBefore(t,s)}(window, document,'script',\n  'https:\/\/connect.facebook.net\/en_US\/fbevents.js');\n  fbq('init', '1701072786727417');\n  fbq('track', 'PageView');\n<\/script><br \/>\n<br \/><\/p>\n<p><em> \u2018 The preceding article may include information circulated by third parties \u2019 <\/em><\/p>\n<p><em> \u2018 Some details of this article were extracted from the following source somgandia.com \u2019 <\/em><\/p>\n","protected":false},"excerpt":{"rendered":"<p>La XIII Cursa de la Dona Vicky Foods recupera su circuito unique. La salida tendr\u00e1 lugar a las 11 horas desde la avenida de Les Esclaves y la meta ser\u00e1 en el mismo espacio. Las inscripciones siguen abiertas, tanto en la p\u00e1gina net oficial de la carrera como en los puntos f\u00edsicos de establecimientos colaboradores. [&hellip;]<\/p>\n","protected":false},"author":2,"featured_media":281753,"comment_status":"open","ping_status":"closed","sticky":false,"template":"","format":"standard","meta":{"om_disable_all_campaigns":false,"jnews-multi-image_gallery":[],"jnews_single_post":[],"jnews_primary_category":[],"jnews_social_meta":[],"footnotes":""},"categories":[43],"tags":[],"class_list":["post-281752","post","type-post","status-publish","format-standard","has-post-thumbnail","hentry","category-gourmet"],"_links":{"self":[{"href":"https:\/\/dimensionturistica.com\/es\/wp-json\/wp\/v2\/posts\/281752","targetHints":{"allow":["GET"]}}],"collection":[{"href":"https:\/\/dimensionturistica.com\/es\/wp-json\/wp\/v2\/posts"}],"about":[{"href":"https:\/\/dimensionturistica.com\/es\/wp-json\/wp\/v2\/types\/post"}],"author":[{"embeddable":true,"href":"https:\/\/dimensionturistica.com\/es\/wp-json\/wp\/v2\/users\/2"}],"replies":[{"embeddable":true,"href":"https:\/\/dimensionturistica.com\/es\/wp-json\/wp\/v2\/comments?post=281752"}],"version-history":[{"count":0,"href":"https:\/\/dimensionturistica.com\/es\/wp-json\/wp\/v2\/posts\/281752\/revisions"}],"wp:featuredmedia":[{"embeddable":true,"href":"https:\/\/dimensionturistica.com\/es\/wp-json\/wp\/v2\/media\/281753"}],"wp:attachment":[{"href":"https:\/\/dimensionturistica.com\/es\/wp-json\/wp\/v2\/media?parent=281752"}],"wp:term":[{"taxonomy":"category","embeddable":true,"href":"https:\/\/dimensionturistica.com\/es\/wp-json\/wp\/v2\/categories?post=281752"},{"taxonomy":"post_tag","embeddable":true,"href":"https:\/\/dimensionturistica.com\/es\/wp-json\/wp\/v2\/tags?post=281752"}],"curies":[{"name":"wp","href":"https:\/\/api.w.org\/{rel}","templated":true}]}}