{"id":281063,"date":"2022-03-02T05:46:49","date_gmt":"2022-03-02T05:46:49","guid":{"rendered":"https:\/\/dimensionturistica.com\/es\/?p=281063"},"modified":"2022-03-02T05:46:49","modified_gmt":"2022-03-02T05:46:49","slug":"diversificacion-de-mercados-tenerife-sondea-la-opcion-de-oriente-medio","status":"publish","type":"post","link":"https:\/\/dimensionturistica.com\/es\/diversificacion-de-mercados-tenerife-sondea-la-opcion-de-oriente-medio\/","title":{"rendered":"Diversificaci\u00f3n de mercados: Tenerife sondea la opci\u00f3n de Oriente Medio"},"content":{"rendered":"<p> <br \/>\n<\/p>\n<div>\n<p><a rel=\"nofollow noopener\" target=\"_blank\" href=\"https:\/\/www.hosteltur.com\/tag\/tenerife\">Tenerife<\/a> analiza la posibilidad de entrar en nuevos mercados tur\u00edsticos, como el de <strong>Oriente Medio<\/strong>, seg\u00fan reconoci\u00f3 ayer el <strong>presidente del Cabildo, Pedro Mart\u00edn<\/strong>, con el objetivo de reducir la dependencia del visitante brit\u00e1nico. Asimismo, se refiri\u00f3 a la posibilidad de formar parte de los destinos que est\u00e9n en la <strong>plataforma digital<\/strong> que pondr\u00e1 en pruebas el Gobierno espa\u00f1ol.<\/p>\n<\/div>\n<div>\n<p>El presidente del <a rel=\"nofollow noopener\" target=\"_blank\" href=\"https:\/\/www.hosteltur.com\/tag\/cabildo-de-tenerife\">Cabildo de Tenerife<\/a>, que particip\u00f3 ayer en una rueda de prensa junto al <strong>secretario de Estado de Turismo, <\/strong><a rel=\"nofollow noopener\" target=\"_blank\" href=\"https:\/\/www.hosteltur.com\/tag\/fernando-valdes\">Fernando Vald\u00e9s<\/a>, explic\u00f3 que la b\u00fasqueda de <strong>nuevos mercados tur\u00edsticos<\/strong> se debe a la necesidad de no depender tanto del principal cliente, el <strong>brit\u00e1nico<\/strong>, al que se seguir\u00e1 cuidando.<\/p>\n<p>Con este objetivo buscan alternativas en pa\u00edses como <strong>Polonia<\/strong>, al tiempo que se ha crecido en <strong>Francia<\/strong>, y van bien en <strong>Italia<\/strong> y en <strong>Escandinavia<\/strong>. En todos ellos se ha producido una progresi\u00f3n &#8220;importante&#8221;, y tras posicionarse en el <strong>mercado norteamericano<\/strong> se ha abierto la posibilidad de abrir horizontes hacia Oriente Medio, seg\u00fan recoge EFE. Reconoci\u00f3 que se trata de un mercado que &#8220;no hemos explorado nunca y que funciona muy bien en determinados lugares de la Pen\u00ednsula&#8221;.<\/p>\n<p>El secretario de Estado de Turismo, por su parte, destac\u00f3 la importancia de abrir nuevos mercados internacionales y elogi\u00f3 la apuesta de Tenerife.<\/p>\n<div class=\"wysiwyg-photo\"><img decoding=\"async\" title=\"\" src=\"https:\/\/static.hosteltur.com\/app\/public\/uploads\/img\/articles\/2022\/02\/01\/L_165220_rueda-de-prensa-en-tenerife.jpg\" alt=\"\" data-id=\"235144\"\/> <\/p>\n<p>El presidente del Cabildo de Tenerife, Pedro Mart\u00edn, y el secretario de Estado de Turismo, durante la rueda de prensa que ofrecieron ayer en Santa Cruz de Tenerife.<\/p>\n<\/p><\/div>\n<blockquote>\n<p>M\u00e1s datos sobre esta isla canaria<\/p>\n<p> &#8211;<a rel=\"nofollow noopener\" target=\"_blank\" href=\"https:\/\/www.hosteltur.com\/147279_united-airlines-unira-baleares-y-canarias-con-eeuu-en-verano-de-2022.html\">United Airlines unir\u00e1 Baleares y Canarias con EEUU en verano de 2022<\/a> <\/p>\n<p>&#8211;<a rel=\"nofollow noopener\" target=\"_blank\" href=\"https:\/\/www.hosteltur.com\/144208_tenerife-lista-para-recibir-medio-millon-de-alemanes-holandeses-y-daneses.html\">Tenerife, lista para recibir medio mill\u00f3n de alemanes, holandeses y daneses<\/a><\/p>\n<p>&#8211;<a rel=\"nofollow noopener\" target=\"_blank\" href=\"https:\/\/www.hosteltur.com\/142622_tenerife-quiere-crear-una-red-de-innovacion-turistica-con-fondos-europeos.html\">Tenerife quiere crear una red de innovaci\u00f3n tur\u00edstica con fondos europeos<\/a><\/p>\n<\/blockquote>\n<p>En cuanto a la <strong>plataforma digital<\/strong> del Gobierno de Espa\u00f1a, Pedro Mart\u00edn indic\u00f3 que tambi\u00e9n se estudia la posibilidad de que Tenerife sea uno de los destinos de prueba. Considera que participar en este proyecto supondr\u00e1 estar en una herramienta para conectar gustos y apetencias con el destino.<\/p>\n<p>Actualmente la <strong>experiencia del visitante<\/strong> pasa por la herramienta digital, seg\u00fan record\u00f3 Pedro Mart\u00edn, por lo que &#8220;o lo ponemos f\u00e1cil y mostramos Tenerife de otra manera o nos quedamos atr\u00e1s&#8221;, agreg\u00f3.<\/p>\n<h2>Nuevos proyectos<\/h2>\n<p>Por otro lado, adem\u00e1s de buscar nuevos mercados, la isla trabaja tambi\u00e9n en la <strong>diversificaci\u00f3n de productos<\/strong>. En este sentido, Fernando Vald\u00e9s se refiri\u00f3 a los<strong> 7,5 millones<\/strong> que ha recibido esta corporaci\u00f3n insular para proyectos de <strong>digitalizaci\u00f3n<\/strong>, <strong>turismo y ecolog\u00eda<\/strong>, <strong>gastronom\u00eda<\/strong> o <strong>avistamiento de aves<\/strong>, entre otras actividades.<\/p>\n<p>Se trata, del <strong>Plan Tenerife Reset<\/strong>, aprobado por el <strong>Ministerio de Industria, Comercio y Turismo<\/strong> en la convocatoria correspondiente al ejercicio 2021 del <strong>Programa Extraordinario de Sostenibilidad Tur\u00edstica en Destinos 2021-2023<\/strong>. dotada con 615 millones de euros.<\/p>\n<p>Este proyecto, que <strong>se extender\u00e1 desde 2022 a 2024<\/strong>, incluye actuaciones como la mejora de caminos y senderos para la conexi\u00f3n del territorio con productos tur\u00edsticos sostenibles o un plan para la compensaci\u00f3n de la huella de carbono del sector, entre otras.<\/p>\n<\/div>\n\n<p><em> &#8221; Fuentes www.hosteltur.com &#8221; <\/em><\/p>\n","protected":false},"excerpt":{"rendered":"<p>Tenerife analiza la posibilidad de entrar en nuevos mercados tur\u00edsticos, como el de Oriente Medio, seg\u00fan reconoci\u00f3 ayer el presidente del Cabildo, Pedro Mart\u00edn, con el objetivo de reducir la dependencia del visitante brit\u00e1nico. Asimismo, se refiri\u00f3 a la posibilidad de formar parte de los destinos que est\u00e9n en la plataforma digital que pondr\u00e1 en [&hellip;]<\/p>\n","protected":false},"author":4,"featured_media":281064,"comment_status":"open","ping_status":"closed","sticky":false,"template":"","format":"standard","meta":{"om_disable_all_campaigns":false,"jnews-multi-image_gallery":[],"jnews_single_post":[],"jnews_primary_category":[],"jnews_social_meta":[],"footnotes":""},"categories":[40],"tags":[23925,1483,5237,32992,715,10316,3212,41560,5725,3067,1702,2067],"class_list":["post-281063","post","type-post","status-publish","format-standard","has-post-thumbnail","hentry","category-industria","tag-cabildo-de-tenerife","tag-canarias","tag-digitalizacion","tag-diversificacion","tag-economia","tag-fernando-valdes","tag-mercado-britanico","tag-nuevos-mercados","tag-oriente-medio","tag-promocion-turistica","tag-secretaria-de-estado-de-turismo","tag-tenerife"],"_links":{"self":[{"href":"https:\/\/dimensionturistica.com\/es\/wp-json\/wp\/v2\/posts\/281063","targetHints":{"allow":["GET"]}}],"collection":[{"href":"https:\/\/dimensionturistica.com\/es\/wp-json\/wp\/v2\/posts"}],"about":[{"href":"https:\/\/dimensionturistica.com\/es\/wp-json\/wp\/v2\/types\/post"}],"author":[{"embeddable":true,"href":"https:\/\/dimensionturistica.com\/es\/wp-json\/wp\/v2\/users\/4"}],"replies":[{"embeddable":true,"href":"https:\/\/dimensionturistica.com\/es\/wp-json\/wp\/v2\/comments?post=281063"}],"version-history":[{"count":0,"href":"https:\/\/dimensionturistica.com\/es\/wp-json\/wp\/v2\/posts\/281063\/revisions"}],"wp:featuredmedia":[{"embeddable":true,"href":"https:\/\/dimensionturistica.com\/es\/wp-json\/wp\/v2\/media\/281064"}],"wp:attachment":[{"href":"https:\/\/dimensionturistica.com\/es\/wp-json\/wp\/v2\/media?parent=281063"}],"wp:term":[{"taxonomy":"category","embeddable":true,"href":"https:\/\/dimensionturistica.com\/es\/wp-json\/wp\/v2\/categories?post=281063"},{"taxonomy":"post_tag","embeddable":true,"href":"https:\/\/dimensionturistica.com\/es\/wp-json\/wp\/v2\/tags?post=281063"}],"curies":[{"name":"wp","href":"https:\/\/api.w.org\/{rel}","templated":true}]}}