{"id":279729,"date":"2022-02-27T04:41:50","date_gmt":"2022-02-27T04:41:50","guid":{"rendered":"https:\/\/dimensionturistica.com\/es\/?p=279729"},"modified":"2022-02-27T04:41:50","modified_gmt":"2022-02-27T04:41:50","slug":"brillaron-con-el-baqueano-y-ahora-apuestan-a-trashumante-en-el-corazon-de-san-telmo","status":"publish","type":"post","link":"https:\/\/dimensionturistica.com\/es\/brillaron-con-el-baqueano-y-ahora-apuestan-a-trashumante-en-el-corazon-de-san-telmo\/","title":{"rendered":"Brillaron con El Baqueano y ahora apuestan a Trashumante, en el coraz\u00f3n de San Telmo"},"content":{"rendered":"<p> <br \/>\n<\/p>\n<div id=\"\">\n<h3><strong> Nacer en pandemia<\/strong><\/h3>\n<p>Trashumante vio la luz el 25 de mayo del a\u00f1o 2020, en plena pandemia y, aunque la radiograf\u00eda del momento aceler\u00f3 su puesta en escena, la realidad es que Rivarola y Lafuente ya ven\u00edan cocinando el proyecto. Su nombre deriva de la palabra trashumancia, el m\u00e9todo m\u00e1s antiguo de pastoreo que existe en el planeta y que tiene como particularidad moverse de un lado a otro, adapt\u00e1ndose en el espacio a zonas de productividad cambiante.<\/p>\n<div contenteditable=\"false\" class=\"embed_cont type_imagen\" id=\"7630001-Libre-148935175_wrap\">\n<p>Trashumante &#8211; Chorip\u00e1n de pac\u00fa (ambito).jpg <span onclick=\"parent.parent.TinyMCETdcuerpo.preview_embed('7630001-Libre-148935175')\" class=\"embed_colapse less\" id=\"7630001-Libre-148935175_colapse\"\/>  <span onclick=\"parent.parent.TinyMCETdcuerpo.delete_embed('7630001-Libre-148935175')\" class=\"embed_delete less\" id=\"7630001-Libre-148935175_delete\"\/><\/p>\n<div id=\"7630001-Libre-148935175_content\" class=\"embed_content\"><img decoding=\"async\" src=\"https:\/\/www.ambito.com\/css-custom\/239\/lazy.svg\" data-td-src-property=\"https:\/\/media.ambito.com\/p\/d7ce16671c645a7e37aeeeca93b52438\/adjuntos\/239\/imagenes\/039\/675\/0039675393\/730x0\/smart\/trashumante-choripan-pacu-ambitojpg.jpg\" alt=\"\" width=\"730\" height=\"0\" id=\"7630001-Libre-148935175_embed\"\/><\/div><\/div>\n<p>El inicio de la propuesta lo marc\u00f3 el \u00e9xito de platos callejeros como el chorip\u00e1n de pac\u00fa o la empanada yacar\u00e9 en la Feria Masticar del 2016. La dupla entendi\u00f3 que hab\u00eda un p\u00fablico \u00e1vido de preparaciones sencillas, pero dif\u00edciles de conseguir en Buenos Aires. Con una lista de platos en el tintero y sorteando las restricciones propias del Covid, se pusieron al hombro al nuevo Trashumante.<\/p>\n<p>En la conocida esquina de San Telmo el comensal es recibido con mesitas en la vereda. En el inside, se mantiene intacto el antiguo sal\u00f3n de El Baqueano de estilo sobrio y colores neutros con mesas dispuestas para cuatro y seis comensales. La cava contin\u00faa siendo el foco de atenci\u00f3n seguido de la cocina abierta, que convierte a los clientes en testigos de cada paso.<\/p>\n<p>La propuesta gastron\u00f3mica comenz\u00f3 con la venta de comida r\u00e1pida accesible en raciones precocidas y envasadas al vac\u00edo para regenerar en casa, hasta mutar a una carta en la que conviven opciones para el picoteo, platos de fondo, postres y una interesante propuesta de vinos. El men\u00fa est\u00e1 dise\u00f1ado con provisiones obtenidas de peque\u00f1os productores locales, recolectores y pescadores de todas las regiones del pa\u00eds.<\/p>\n<h3><strong> \u00bfQu\u00e9 comer?<\/strong><\/h3>\n<p>Para iniciar el recorrido se sugiere la provoleta -versi\u00f3n verano- de leche de cabra y vaca, mermelada de tomates, cebollas encurtidas y tomates reliquia o el Aguachile de tomates reliquia, sand\u00eda, cerezas y frutillas, platos que rotan seg\u00fan la estacionalidad. A diferencia de las empanadas en las variedades yacar\u00e9, \u00f1and\u00fa, quinua y queso o los bu\u00f1uelos de mandioca y espinaca que forman parte de la columna vertebral del men\u00fa. Entre los m\u00e1s pedidos tambi\u00e9n se destaca el Fish &amp; Chips, elaborado con la t\u00e9cnica de fritura de Andaluc\u00eda o el Pil pil de langostinos con aceite de ajo y aj\u00ed piment\u00f3n acompa\u00f1ado de pan de masa madre. En la secci\u00f3n de platos de fondo, sobresale el arroz negro con hongos frescos de cultivo y huevos de campo o la pesca artesanal de anzuelo.<\/p>\n<div contenteditable=\"false\" class=\"embed_cont type_imagen\" id=\"7629999-Libre-326730634_wrap\">\n<p>Trashumante &#8211; arroz negro (ambito).jpg <span onclick=\"parent.parent.TinyMCETdcuerpo.preview_embed('7629999-Libre-326730634')\" class=\"embed_colapse less\" id=\"7629999-Libre-326730634_colapse\"\/>  <span onclick=\"parent.parent.TinyMCETdcuerpo.delete_embed('7629999-Libre-326730634')\" class=\"embed_delete less\" id=\"7629999-Libre-326730634_delete\"\/><\/p>\n<div id=\"7629999-Libre-326730634_content\" class=\"embed_content\"><img decoding=\"async\" src=\"https:\/\/www.ambito.com\/css-custom\/239\/lazy.svg\" data-td-src-property=\"https:\/\/media.ambito.com\/p\/b4fd139e5a73a327d56a31b249a0f9a9\/adjuntos\/239\/imagenes\/039\/675\/0039675391\/730x0\/smart\/trashumante-arroz-negro-ambitojpg.jpg\" alt=\"\" width=\"730\" height=\"0\" id=\"7629999-Libre-326730634_embed\"\/><\/div><\/div>\n<p>Entre las opciones m\u00e1s descontracturadas pod\u00e9s encontrar un chorip\u00e1n con chorizo de carne 100% pac\u00fa en pan baguette, chimichurri y salsa criolla o el Po Boy, un s\u00e1ndwich estilo Nueva Orleans con ostra, vegetales frescos, salsa t\u00e1rtara y alioli. Para el cierre dulce sugieren su &#8220;interpretaci\u00f3n del alfajor&#8221;, un postre que presenta los ingredientes del alfajor en partes separadas y es tarea del comensal unirlo en cada bocado o el Coulant de chocolate elaborado con la receta authentic del chef franc\u00e9s Michel Bras.<\/p>\n<p>Para maridar, proponen <strong>m\u00e1s de 50 etiquetas entre blancos, rosados, tintos y espumantes con variedad de productores y zonas vitivin\u00edcolas seleccionados por Lafuente<\/strong>, reconocida sommelier.<\/p>\n<p>Mientras que en San Telmo Trashumante se abre paso en la escena native, la historia de <strong>El Baqueano se seguir\u00e1 reescribiendo desde el cerro San Bernardo<\/strong> (en Salta), su nueva casa. En esta nueva faceta se perfila como el primer restaurante-escuela de la Argentina, adem\u00e1s de la experiencia gastron\u00f3mica formar\u00e1n a cocineros provenientes de todo el pa\u00eds -y del exterior-y apoyar\u00e1n a los productores locales.<\/p>\n<\/div>\n\n<p><em> \u2018 The preceding article may include information circulated by third parties \u2019 <\/em><\/p>\n<p><em> \u2018 Some details of this article were extracted from the following source www.ambito.com \u2019 <\/em><\/p>\n","protected":false},"excerpt":{"rendered":"<p>Nacer en pandemia Trashumante vio la luz el 25 de mayo del a\u00f1o 2020, en plena pandemia y, aunque la radiograf\u00eda del momento aceler\u00f3 su puesta en escena, la realidad es que Rivarola y Lafuente ya ven\u00edan cocinando el proyecto. Su nombre deriva de la palabra trashumancia, el m\u00e9todo m\u00e1s antiguo de pastoreo que existe [&hellip;]<\/p>\n","protected":false},"author":2,"featured_media":279730,"comment_status":"open","ping_status":"closed","sticky":false,"template":"","format":"standard","meta":{"om_disable_all_campaigns":false,"jnews-multi-image_gallery":[],"jnews_single_post":[],"jnews_primary_category":[],"jnews_social_meta":[],"footnotes":""},"categories":[43],"tags":[],"class_list":["post-279729","post","type-post","status-publish","format-standard","has-post-thumbnail","hentry","category-gourmet"],"_links":{"self":[{"href":"https:\/\/dimensionturistica.com\/es\/wp-json\/wp\/v2\/posts\/279729","targetHints":{"allow":["GET"]}}],"collection":[{"href":"https:\/\/dimensionturistica.com\/es\/wp-json\/wp\/v2\/posts"}],"about":[{"href":"https:\/\/dimensionturistica.com\/es\/wp-json\/wp\/v2\/types\/post"}],"author":[{"embeddable":true,"href":"https:\/\/dimensionturistica.com\/es\/wp-json\/wp\/v2\/users\/2"}],"replies":[{"embeddable":true,"href":"https:\/\/dimensionturistica.com\/es\/wp-json\/wp\/v2\/comments?post=279729"}],"version-history":[{"count":0,"href":"https:\/\/dimensionturistica.com\/es\/wp-json\/wp\/v2\/posts\/279729\/revisions"}],"wp:featuredmedia":[{"embeddable":true,"href":"https:\/\/dimensionturistica.com\/es\/wp-json\/wp\/v2\/media\/279730"}],"wp:attachment":[{"href":"https:\/\/dimensionturistica.com\/es\/wp-json\/wp\/v2\/media?parent=279729"}],"wp:term":[{"taxonomy":"category","embeddable":true,"href":"https:\/\/dimensionturistica.com\/es\/wp-json\/wp\/v2\/categories?post=279729"},{"taxonomy":"post_tag","embeddable":true,"href":"https:\/\/dimensionturistica.com\/es\/wp-json\/wp\/v2\/tags?post=279729"}],"curies":[{"name":"wp","href":"https:\/\/api.w.org\/{rel}","templated":true}]}}