{"id":279650,"date":"2022-02-26T21:17:09","date_gmt":"2022-02-26T21:17:09","guid":{"rendered":"https:\/\/dimensionturistica.com\/es\/?p=279650"},"modified":"2022-02-26T21:17:10","modified_gmt":"2022-02-26T21:17:10","slug":"la-activista-anamely-ramos-intentara-volver-a-volar-a-cuba-este-domingo","status":"publish","type":"post","link":"https:\/\/dimensionturistica.com\/es\/la-activista-anamely-ramos-intentara-volver-a-volar-a-cuba-este-domingo\/","title":{"rendered":"La activista Anamely Ramos intentar\u00e1 volver a volar a Cuba este domingo"},"content":{"rendered":"<p> <br \/>\n<\/p>\n<div itemprop=\"articleBody\">\n<p><strong>La profesora y curadora de arte cubana<a rel=\"nofollow noopener\" target=\"_blank\" href=\"https:\/\/diariodecuba.com\/derechos-humanos\/1645268455_37601.html\">\u00a0Anamely Ramos<\/a> volver\u00e1 a intentar abordar un vuelo de American Airways hacia Cuba este domingo<\/strong> despu\u00e9s que el pasado 16 de febrero la aerol\u00ednea <a rel=\"nofollow noopener\" target=\"_blank\" href=\"https:\/\/diariodecuba.com\/derechos-humanos\/1645019901_37540.html\">le impidi\u00f3 viajar debido a una presunta prohibici\u00f3n<\/a> de embarque emitida por La Habana.<\/p>\n<p>En un <a rel=\"nofollow noopener\" target=\"_blank\" href=\"https:\/\/www.facebook.com\/anamely.ramosgonzalez\/videos\/489621286107038\">video en directo<\/a> desde Miami, donde se encuentra <a rel=\"nofollow noopener\" target=\"_blank\" href=\"https:\/\/diariodecuba.com\/cuba\/1645209555_37593.html\">varada <\/a>la tambi\u00e9n activista, <strong>anunci\u00f3 que &#8220;ma\u00f1ana yo voy al aeropuerto de nuevo a las 10:00AM para intentar irme a Cuba&#8221;.<\/strong><\/p>\n<p><strong>&#8220;Ah\u00ed se evidenciar\u00e1 de nuevo, si Cuba finalmente no me deja viajar, que es un mecanismo que existe, que se activa justamente en el minuto \u00faltimo del viaje y que es Cuba quien lo hace&#8221;<\/strong>, alert\u00f3.<\/p>\n<p>Ramos indag\u00f3 con agentes de la aerol\u00ednea y de un agencia de viajes que le indicaron que pod\u00eda reprogramar su vuelo, cosa que hizo para el 27 de febrero.<\/p>\n<p>&#8220;Aqu\u00ed lo que se est\u00e1 evidenciando no es solo la complicidad de American para violar un <a rel=\"nofollow noopener\" target=\"_blank\" href=\"https:\/\/diariodecuba.com\/cuba\/1645187720_37563.html\">derecho humano<\/a> como es mi derecho a regresar, sino tambi\u00e9n la falta de transparencia en este asunto&#8221;, se\u00f1al\u00f3, tras explicar que <strong>deber\u00e1 esperar si se mantiene firme la restricci\u00f3n de acceso a la Isla y que &#8220;se activa en el minuto \u00faltimo del viaje&#8221;.<\/strong><\/p>\n<p>&#8220;Si me dejan viajar, igualmente es Cuba quien lo hace, porque si no tiene menos sentido todav\u00eda que antes American no me haya dejado viajar y que ahora s\u00ed lo haga, m\u00e1gicamente, por la bola m\u00e1gica de la dictadura que hace as\u00ed y chasquea los dedos y todo el mundo responde al minuto&#8221;, ironiz\u00f3.<\/p>\n<p>Desde que Ramos fue impedida de regresar a Cuba, <a rel=\"nofollow noopener\" target=\"_blank\" href=\"https:\/\/diariodecuba.com\/derechos-humanos\/1645179922_37578.html\">ha sostenido varios d\u00edas de protesta<\/a> en \u00e1reas p\u00fablicas de Miami y protagonizado protestas en las que ha evidenciado la impunidad de la que goza el r\u00e9gimen cubano para expatriar personas a pesar de las leyes internacionales e incluso de la l\u00f3gica.<\/p>\n<p><strong>&#8220;La primera violaci\u00f3n del derecho humano de regresar va a traer la violaci\u00f3n de otros derechos que tienen que ver conmigo, como es que no tengo vivienda en este pa\u00eds, no tengo residencia, voy a quedar en un situaci\u00f3n de ilegalidad<\/strong> inminente y a eso me est\u00e1 arrojando Cuba, American, y EEUU va\u00a0 quedarse con ese problema. (&#8230;) Por lo tanto, s\u00ed es un problema migratorio de EEUU, porque yo estoy aqu\u00ed&#8221;.<\/p>\n<p><strong>&#8220;Cuba est\u00e1 haciendo esto porque quieren silenciar a todas las voces inc\u00f3modas<\/strong> (&#8230;) y lo quieren hacer con impunidad&#8221;, subray\u00f3.<\/p>\n<p>&#8220;Esto es in\u00e9dito en el mundo. Solo una dictadura como Cuba hace una cosa como \u00e9sta&#8221;, se\u00f1al\u00f3.<\/p>\n<p><strong>Adelant\u00f3 que va a mantener su protesta<\/strong>, y a &#8220;tensar la cuerda hasta donde m\u00e1s pueda&#8221;. <strong>&#8220;Por el momento, ma\u00f1ana voy y a partir de lo que pase vamos a tomar las pr\u00f3ximas decisiones.<\/strong> Los que quieran ir, vayan, yo voy a estar all\u00ed&#8221;.<\/p>\n<p>Ramos, miembro del Movimiento San Isidro (MSI) y parte del plant\u00f3n en su sede en La Habana a fines de 2020, sali\u00f3 de la Isla en enero de 2021 para proseguir sus estudios de doctorado en Antropolog\u00eda en la Universidad Iberoamericana (IBERO) en M\u00e9xico.<\/p>\n<p>Adem\u00e1s asisti\u00f3 a la inauguraci\u00f3n de una exposici\u00f3n de arte contempor\u00e1neo de Cuba y Venezuela en el Museo de la Organizaci\u00f3n de los Estados Americanos (OEA), organizada por la Fundaci\u00f3n V\u00edctimas del Comunismo, y desde entonces ha participado en manifestaciones para exigir la libertad de los presos pol\u00edticos cubanos.<\/p>\n<div class=\"jeg_video_container jeg_video_content\"><iframe loading=\"lazy\" title=\"#DirectasDDC: Anamely Ramos habla con #DiarioDeCuba sobre su destierro forzado\" width=\"500\" height=\"281\" src=\"https:\/\/www.youtube.com\/embed\/MvrTikQ2880?feature=oembed\" frameborder=\"0\" allow=\"accelerometer; autoplay; clipboard-write; encrypted-media; gyroscope; picture-in-picture; web-share\" referrerpolicy=\"strict-origin-when-cross-origin\" allowfullscreen><\/iframe><\/div>\n<\/div>\n\n<p><em> &#8221; Fuentes diariodecuba.com &#8221; <\/em><\/p>\n","protected":false},"excerpt":{"rendered":"<p>La profesora y curadora de arte cubana\u00a0Anamely Ramos volver\u00e1 a intentar abordar un vuelo de American Airways hacia Cuba este domingo despu\u00e9s que el pasado 16 de febrero la aerol\u00ednea le impidi\u00f3 viajar debido a una presunta prohibici\u00f3n de embarque emitida por La Habana. En un video en directo desde Miami, donde se encuentra varada [&hellip;]<\/p>\n","protected":false},"author":4,"featured_media":279651,"comment_status":"open","ping_status":"closed","sticky":false,"template":"","format":"standard","meta":{"om_disable_all_campaigns":false,"jnews-multi-image_gallery":[],"jnews_single_post":[],"jnews_primary_category":[],"jnews_social_meta":[],"footnotes":""},"categories":[40],"tags":[41398,5008,41399],"class_list":["post-279650","post","type-post","status-publish","format-standard","has-post-thumbnail","hentry","category-industria","tag-anamely-ramos","tag-derechos-humanos","tag-expatriaciones"],"_links":{"self":[{"href":"https:\/\/dimensionturistica.com\/es\/wp-json\/wp\/v2\/posts\/279650","targetHints":{"allow":["GET"]}}],"collection":[{"href":"https:\/\/dimensionturistica.com\/es\/wp-json\/wp\/v2\/posts"}],"about":[{"href":"https:\/\/dimensionturistica.com\/es\/wp-json\/wp\/v2\/types\/post"}],"author":[{"embeddable":true,"href":"https:\/\/dimensionturistica.com\/es\/wp-json\/wp\/v2\/users\/4"}],"replies":[{"embeddable":true,"href":"https:\/\/dimensionturistica.com\/es\/wp-json\/wp\/v2\/comments?post=279650"}],"version-history":[{"count":0,"href":"https:\/\/dimensionturistica.com\/es\/wp-json\/wp\/v2\/posts\/279650\/revisions"}],"wp:featuredmedia":[{"embeddable":true,"href":"https:\/\/dimensionturistica.com\/es\/wp-json\/wp\/v2\/media\/279651"}],"wp:attachment":[{"href":"https:\/\/dimensionturistica.com\/es\/wp-json\/wp\/v2\/media?parent=279650"}],"wp:term":[{"taxonomy":"category","embeddable":true,"href":"https:\/\/dimensionturistica.com\/es\/wp-json\/wp\/v2\/categories?post=279650"},{"taxonomy":"post_tag","embeddable":true,"href":"https:\/\/dimensionturistica.com\/es\/wp-json\/wp\/v2\/tags?post=279650"}],"curies":[{"name":"wp","href":"https:\/\/api.w.org\/{rel}","templated":true}]}}