{"id":279027,"date":"2022-02-25T16:57:15","date_gmt":"2022-02-25T16:57:15","guid":{"rendered":"https:\/\/dimensionturistica.com\/es\/?p=279027"},"modified":"2022-02-25T16:57:16","modified_gmt":"2022-02-25T16:57:16","slug":"cuba-detalla-propuestas-en-vitrina-turistica-anato-2022","status":"publish","type":"post","link":"https:\/\/dimensionturistica.com\/es\/cuba-detalla-propuestas-en-vitrina-turistica-anato-2022\/","title":{"rendered":"Cuba detalla propuestas en Vitrina Tur\u00edstica Anato 2022"},"content":{"rendered":"<p> <br \/>\n<\/p>\n<div property=\"schema:text\">\n<p><span><span><span>Durante 41 ediciones Cuba ha participado en la Vitrina Tur\u00edstica Anato, el evento comercial m\u00e1s importante de Colombia, por la importancia que tiene ese mercado para la Mayor de las Antillas, destac\u00f3\u00a0Mariano Fern\u00e1ndez Arias, Consejero de Turismo de Cuba para Colombia, Ecuador, Brasil y Per\u00fa, en declaraciones a <a rel=\"nofollow noopener\" target=\"_blank\" href=\"https:\/\/www.caribbeannewsdigital.com\/es\">Caribbean News Digital<\/a>.<\/span><\/span><\/span><\/p>\n<p><span><span><span>En esta ocasi\u00f3n el evento, iniciado este mi\u00e9rcoles\u00a0y que se extender\u00e1 hasta el viernes pr\u00f3ximo, reviste una mayor importancia porque el destino Cuba, desde el pasado 15 de noviembre, se ha reabierto totalmente al turismo. Este evento servir\u00e1 para explicarles a la purple de ventas, a los agentes de viajes, a las aerol\u00edneas, actualizarlos sobre la operatividad y los servicios con que cuenta Cuba, que est\u00e1n todos disponibles, dijo Fern\u00e1ndez Arias.<\/span><\/span><\/span><\/p>\n<p><span><span><span>\u201cEstamos haciendo \u00e9nfasis en esta ocasi\u00f3n en una operaci\u00f3n ch\u00e1rter que ser\u00e1 un hito en el mercado colombiano, que conectar\u00e1 a los colombianos con los cayos del norte de Villa Clara, que es el polo tur\u00edstico con mayor dinamismo de los \u00faltimos a\u00f1os, un crecimiento con presencia de las principales cadenas hoteleras que operan en el destino Cuba, y con una hoteler\u00eda de m\u00e1xima categor\u00eda en modalidad todo incluido\u201d, explic\u00f3.<\/span><\/span><\/span><\/p>\n<p><strong>Lea tambi\u00e9n:\u00a0<a rel=\"nofollow noopener\" target=\"_blank\" href=\"https:\/\/www.excelenciascuba.com\/cuba-en-el-mundo\/cuba-presente-en-vitrina-turistica-anato-2022\">Cuba presente en Vitrina Tur\u00edstica Anato 2022<\/a><\/strong><\/p>\n<p><span><span><span>Vamos a seguir manteniendo nuestras propuestas de sol y playa, las m\u00e1s conocidas en el mercado, pero tambi\u00e9n trataremos el tema del turismo de salud, el ecoturismo, el turismo de aventuras que hemos estado potenciado en estos a\u00f1os con campa\u00f1as en redes sociales, como Cuba destino seguro, acot\u00f3 el directivo cubano.<\/span><\/span><\/span><\/p>\n<p><span><span><span>Decimos Cuba destino seguro porque tenemos el ciento por ciento de la poblaci\u00f3n con la dosis completa de vacunaci\u00f3n y un 47 por ciento con refuerzos aplicados a partir del desarrollo de nuestras propias vacunas. <\/span><\/span><\/span><\/p>\n<p><span><span><span>Esperamos que Vitrina sea una edici\u00f3n exitosa, concluy\u00f3 el funcionario cubano.<\/span><\/span><\/span><\/p>\n<p><img decoding=\"async\" alt=\"Vitrina Tur\u00edstica Anato 2022\" data-entity-type=\"file\" data-entity-uuid=\"bb36c7f1-5eb4-4d2b-a510-4d66906a80aa\" src=\"https:\/\/www.excelenciascuba.com\/sites\/default\/files\/inline-images\/anato,P203.jpeg.pagespeed.ce.h0fQWh_o0X.jpg\" class=\"align-center\" data-pagespeed-url-hash=\"3574532084\" onload=\"pagespeed.CriticalImages.checkImageForCriticality(this);\"\/><\/p>\n<p>La\u00a0<strong>Asociaci\u00f3n Colombiana de Agencias de Viajes y Turismo (ANATO), <\/strong>organiza la Vitrina Tur\u00edstica desde 1982.\u00a0ANATO es una entidad sin \u00e1nimo de lucro y de car\u00e1cter gremial que representa, defiende y promociona los intereses generales del turismo y de las Agencias de Viajes en Colombia.\u00a0Creada el 20 de octubre de 1949, est\u00e1 conformada por Agencias Asociadas en todo el territorio nacional con 9 cap\u00edtulos de representaci\u00f3n, consolidando el sector y la agremiaci\u00f3n como la entidad de m\u00e1s amplio reconocimiento nacional por el desarrollo de su gesti\u00f3n, de acuerdo con informaci\u00f3n publicada en su sitio net.<\/p>\n<p><img decoding=\"async\" alt=\"Vitrina Tur\u00edstica Anato 2022\" data-entity-type=\"file\" data-entity-uuid=\"580a7080-2b55-4cc3-a8eb-e6bd22155f97\" src=\"https:\/\/www.excelenciascuba.com\/sites\/default\/files\/inline-images\/anato,P202.jpeg.pagespeed.ce.es8ixqELtu.jpg\" class=\"align-center\" data-pagespeed-url-hash=\"3649748097\" onload=\"pagespeed.CriticalImages.checkImageForCriticality(this);\"\/><\/p>\n<p>\u00a0<\/p>\n<\/div>\n\n<p><em> &#8221; Fuentes www.excelenciascuba.com &#8221; <\/em><\/p>\n","protected":false},"excerpt":{"rendered":"<p>Durante 41 ediciones Cuba ha participado en la Vitrina Tur\u00edstica Anato, el evento comercial m\u00e1s importante de Colombia, por la importancia que tiene ese mercado para la Mayor de las Antillas, destac\u00f3\u00a0Mariano Fern\u00e1ndez Arias, Consejero de Turismo de Cuba para Colombia, Ecuador, Brasil y Per\u00fa, en declaraciones a Caribbean News Digital. En esta ocasi\u00f3n el [&hellip;]<\/p>\n","protected":false},"author":4,"featured_media":279028,"comment_status":"open","ping_status":"closed","sticky":false,"template":"","format":"standard","meta":{"om_disable_all_campaigns":false,"jnews-multi-image_gallery":[],"jnews_single_post":[],"jnews_primary_category":[],"jnews_social_meta":[],"footnotes":""},"categories":[40],"tags":[771,956,705,544,41219],"class_list":["post-279027","post","type-post","status-publish","format-standard","has-post-thumbnail","hentry","category-industria","tag-colombia","tag-cuba","tag-noticias","tag-turismo","tag-vitrina-anato-2022"],"_links":{"self":[{"href":"https:\/\/dimensionturistica.com\/es\/wp-json\/wp\/v2\/posts\/279027","targetHints":{"allow":["GET"]}}],"collection":[{"href":"https:\/\/dimensionturistica.com\/es\/wp-json\/wp\/v2\/posts"}],"about":[{"href":"https:\/\/dimensionturistica.com\/es\/wp-json\/wp\/v2\/types\/post"}],"author":[{"embeddable":true,"href":"https:\/\/dimensionturistica.com\/es\/wp-json\/wp\/v2\/users\/4"}],"replies":[{"embeddable":true,"href":"https:\/\/dimensionturistica.com\/es\/wp-json\/wp\/v2\/comments?post=279027"}],"version-history":[{"count":0,"href":"https:\/\/dimensionturistica.com\/es\/wp-json\/wp\/v2\/posts\/279027\/revisions"}],"wp:featuredmedia":[{"embeddable":true,"href":"https:\/\/dimensionturistica.com\/es\/wp-json\/wp\/v2\/media\/279028"}],"wp:attachment":[{"href":"https:\/\/dimensionturistica.com\/es\/wp-json\/wp\/v2\/media?parent=279027"}],"wp:term":[{"taxonomy":"category","embeddable":true,"href":"https:\/\/dimensionturistica.com\/es\/wp-json\/wp\/v2\/categories?post=279027"},{"taxonomy":"post_tag","embeddable":true,"href":"https:\/\/dimensionturistica.com\/es\/wp-json\/wp\/v2\/tags?post=279027"}],"curies":[{"name":"wp","href":"https:\/\/api.w.org\/{rel}","templated":true}]}}