{"id":278988,"date":"2022-02-25T15:42:31","date_gmt":"2022-02-25T15:42:31","guid":{"rendered":"https:\/\/dimensionturistica.com\/es\/?p=278988"},"modified":"2022-02-25T15:42:32","modified_gmt":"2022-02-25T15:42:32","slug":"tres-ideas-de-viajes-en-trenes-por-sudamerica-que-son-los-mas-bonitos-segun-los-viajeros","status":"publish","type":"post","link":"https:\/\/dimensionturistica.com\/es\/tres-ideas-de-viajes-en-trenes-por-sudamerica-que-son-los-mas-bonitos-segun-los-viajeros\/","title":{"rendered":"Tres ideas de viajes &#8220;en trenes&#8221; por Sudam\u00e9rica que &#8220;son los m\u00e1s bonitos&#8221; seg\u00fan los viajeros"},"content":{"rendered":"<p> <br \/>\n<\/p>\n<div>\n<p>\u00bfQuieres vivir una experiencia en tren? Descubre cu\u00e1les son los destinos <em>&#8220;m\u00e1s lindos&#8221;<\/em> para recorrer de Sudam\u00e9rica y vive una experiencia \u00fanica<em> &#8220;atravesando&#8221;<\/em> paisajes de <em>&#8220;ensue\u00f1o&#8221;.<\/em><\/p>\n<h2 class=\"subtitulo\">Tren del <em>&#8220;Fin del Mundo&#8221;,<\/em> Argentina<\/h2>\n<p>A bordo de unos amplios vagones, podr\u00e1s recorrer Ushuaia en el Tren del Fin del Mundo, que te llevar\u00e1 por un paseo maravilloso, donde podr\u00e1s ver monta\u00f1as con sus &#8216;picos&#8217; nevados, bosques y cascadas. El tren funciona a vapor, durante el recorrido podr\u00e1s escuhar la historia de este tranv\u00eda, que se usaba para trasladar los presos en esa regi\u00f3n. Los viajeros aseguran que es uno de los recorridos en tren &#8220;m\u00e1s bonitos&#8221; para conocer y que realmente <strong>vale la pena disfrutar, alguna vez en la vida.\u00a0<\/strong><\/p>\n<p>El nombre unique es Ferrocaril Austral Fueguino, es la l\u00ednea f\u00e9rrea que conecta el Parque Nacional Tierra del Fuego con las cercan\u00edas de Ushuiaia, Argentina. El <em>&#8220;antecesor&#8221;<\/em> de este tren comenz\u00f3 a funcionar en 1909 hasta 1952, conserva los \u00faltimos 8 kil\u00f3metros de recorrido, que hac\u00eda el unique.\u00a0<\/p>\n<h2 class=\"subtitulo\">Tren Serra Verde Specific, Brasil\u00a0<\/h2>\n<p>Vistas panor\u00e1micas, paisajes insuperables y una experiencia inolvidable en el Tren Serra Verde Specific, es un viaje que debes hacer alguna vez en la vida. El tren cruza la Sierra del litoral de Panar\u00e1, siguiendo de Curitiba a Morretes, el trayecto <strong>cubre 110 kil\u00f3metros y en el camino, se cruzan 13 t\u00faneles, <\/strong>que te har\u00e1n <em>&#8220;quedar sin aliento&#8221;.\u00a0<\/em><\/p>\n<p>La l\u00ednea del tren que une a Curitiba con el mar, se construy\u00f3 entre los a\u00f1os 1880 y 1885, la concept period unir el puerto de Paranagu\u00e1 y extra\u00f1amente, <strong>fue construido por mano de obra europea.<\/strong><\/p>\n<aside>&#13;<\/p>\n<article class=\"articulo-relacionado\">&#13;<\/p>\n<h3 class=\"leer-texto-relacionado mt-2 d-sm-none\" style=\"font-size:1.1rem; margin:0\">Te gustar\u00eda leer tambi\u00e9n:<\/h3>\n<p>&#13;<br \/>\n\t&#13;<br \/>\n<\/article>\n<p>&#13;<br \/>\n<\/aside>\n<h2 class=\"subtitulo\">Tren del Recuerdo, Chile\u00a0<\/h2>\n<p>Un viaje <em>&#8220;en el tiempo&#8221;, <\/em>es la expresi\u00f3n de cada vag\u00f3n del Tren del Recuerdo, un atractivo tur\u00edstico imperdible de Chile, el recorrido inicia en la Estaci\u00f3n Central de Santiago, pasando por el litoral central hasta San Antonio. En tiempo de otrora, el tranv\u00eda se extendi\u00f3 hasta el balneario de Cartagena y period el destino m\u00e1s in style de la \u00e9poca, es por ello, que ahora la estaci\u00f3n con <strong>el mismo nombre fue declarada como monumento nacional.\u00a0<\/strong><\/p>\n<p>Los viajes en tren por Sudam\u00e9rica, son una experiencia \u00fanica en la vida, as\u00ed que si te encantan los tres, estos destinos del mundo, tienen para ofrecer estas experiencias \u00fanicas en la vida, solo debes programar un ahorro y <strong>sacar el tiempo para disfrutar de estas bellezas.\u00a0<\/strong><\/p>\n<\/p><\/div>\n\n<p><em> &#8221; Fuentes www.colombia.com &#8221; <\/em><\/p>\n","protected":false},"excerpt":{"rendered":"<p>\u00bfQuieres vivir una experiencia en tren? Descubre cu\u00e1les son los destinos &#8220;m\u00e1s lindos&#8221; para recorrer de Sudam\u00e9rica y vive una experiencia \u00fanica &#8220;atravesando&#8221; paisajes de &#8220;ensue\u00f1o&#8221;. Tren del &#8220;Fin del Mundo&#8221;, Argentina A bordo de unos amplios vagones, podr\u00e1s recorrer Ushuaia en el Tren del Fin del Mundo, que te llevar\u00e1 por un paseo maravilloso, [&hellip;]<\/p>\n","protected":false},"author":4,"featured_media":278989,"comment_status":"open","ping_status":"closed","sticky":false,"template":"","format":"standard","meta":{"om_disable_all_campaigns":false,"jnews-multi-image_gallery":[],"jnews_single_post":[],"jnews_primary_category":[],"jnews_social_meta":[],"footnotes":""},"categories":[39],"tags":[768,1824,766,41344,41342,41343],"class_list":["post-278988","post","type-post","status-publish","format-standard","has-post-thumbnail","hentry","category-viajes","tag-argentina","tag-brasil","tag-chile","tag-serra-verde-express","tag-tren-fin-mundo","tag-tren-recuerdo"],"_links":{"self":[{"href":"https:\/\/dimensionturistica.com\/es\/wp-json\/wp\/v2\/posts\/278988","targetHints":{"allow":["GET"]}}],"collection":[{"href":"https:\/\/dimensionturistica.com\/es\/wp-json\/wp\/v2\/posts"}],"about":[{"href":"https:\/\/dimensionturistica.com\/es\/wp-json\/wp\/v2\/types\/post"}],"author":[{"embeddable":true,"href":"https:\/\/dimensionturistica.com\/es\/wp-json\/wp\/v2\/users\/4"}],"replies":[{"embeddable":true,"href":"https:\/\/dimensionturistica.com\/es\/wp-json\/wp\/v2\/comments?post=278988"}],"version-history":[{"count":0,"href":"https:\/\/dimensionturistica.com\/es\/wp-json\/wp\/v2\/posts\/278988\/revisions"}],"wp:featuredmedia":[{"embeddable":true,"href":"https:\/\/dimensionturistica.com\/es\/wp-json\/wp\/v2\/media\/278989"}],"wp:attachment":[{"href":"https:\/\/dimensionturistica.com\/es\/wp-json\/wp\/v2\/media?parent=278988"}],"wp:term":[{"taxonomy":"category","embeddable":true,"href":"https:\/\/dimensionturistica.com\/es\/wp-json\/wp\/v2\/categories?post=278988"},{"taxonomy":"post_tag","embeddable":true,"href":"https:\/\/dimensionturistica.com\/es\/wp-json\/wp\/v2\/tags?post=278988"}],"curies":[{"name":"wp","href":"https:\/\/api.w.org\/{rel}","templated":true}]}}