{"id":278415,"date":"2022-02-24T13:20:10","date_gmt":"2022-02-24T13:20:10","guid":{"rendered":"https:\/\/dimensionturistica.com\/es\/?p=278415"},"modified":"2022-02-24T13:20:11","modified_gmt":"2022-02-24T13:20:11","slug":"dos-viajes-con-sus-nietas-xxiii-y-penultimo","status":"publish","type":"post","link":"https:\/\/dimensionturistica.com\/es\/dos-viajes-con-sus-nietas-xxiii-y-penultimo\/","title":{"rendered":"dos viajes con sus nietas (XXIII y pen\u00faltimo)"},"content":{"rendered":"<p> <br \/>\n<\/p>\n<div>\n<p>\nDespu\u00e9s de casi toda una vida dedicada a la diplomacia, a la creaci\u00f3n de los Estudios C.L.A.S.A, a la producci\u00f3n de pel\u00edculas, empezando por \u00a1V\u00e1monos con <strong>Pancho Villa<\/strong>!, participando como guionista en muchas de ellas, a diversos negocios, inclusive ranchitos, <strong>Salvador Elizondo Pani<\/strong>, el self-made man, fot\u00f3grafo aficionado y dem\u00e1s, hacia 1974, cuando ya period un hombre de edad avanzada, sus principales querencias eran su hijo, el escritor, quien trabajaba intensamente en su literatura, y sus dos \u00fanicas nietas: Mariana y P\u00eda, entonces, porque a nuestro hijo Pablo Salvador, o sea, su tercer nieto, quien naci\u00f3 despu\u00e9s de su muerte y no conoci\u00f3, estoy segura que le hubiera dado mucho gusto saber de su existencia.<\/p>\n<p>\nEl primer viaje que hizo mi suegro con sus nietas fue para llevarlas a <strong>Disneylandia<\/strong>, el cl\u00e1sico que muchos abuelos hacen con sus nietos y no tendr\u00eda nada de anecd\u00f3tico si no fuera por lo gracioso que result\u00f3 por una confusi\u00f3n: Como mi suegro iba a viajar solo con las dos ni\u00f1as peque\u00f1as, <strong>Mich\u00e9le Alb\u00e1n<\/strong>, su madre, primera esposa de Salvador, para facilitarle las cosas a don Salvador, fue a la tienda de ultramarinos donde le regalaron varias bolsas de papel que llevaban el logotipo de la tienda con el escudo y el nombre de ELIZONDO impreso; en cada bolsa puso la muda de ropa de cada ni\u00f1a por los tres d\u00edas que pasar\u00edan en el viaje. Los empleados del resort en Disneylandia, al percatarse de que las ni\u00f1as llevaban su apellido en cada bolsa de su muda de ropa con el escudo y nombre de <strong>ELIZONDO<\/strong>, creyendo que eran de la realeza espa\u00f1ola, las tildaron de princesas llam\u00e1ndolas Your Royal Highness, al tiempo que las saludaban con una reverencia.<\/p>\n<p>\nEl segundo viaje fue m\u00e1s dram\u00e1tico y nada tuvo de gracioso. A principios de 1976, mi suegro llam\u00f3 a su hijo por tel\u00e9fono para decirle que le hab\u00edan diagnosticado cirrosis hep\u00e1tica y que le quedaban seis meses de vida. Salvador sonri\u00f3 incr\u00e9dulo y le respondi\u00f3 que eso period imposible porque sab\u00eda que su pap\u00e1 nunca bebi\u00f3 m\u00e1s de una copa de alcohol en las reuniones sociales en toda su vida.<\/p>\n<p>\n\u201c\u00a1El que deber\u00eda tener cirrosis soy yo!\u201d, exclam\u00f3 el escritor.<\/p>\n<p>\nA los pocos d\u00edas decidi\u00f3 mi suegro, como un impulso de \u00faltimo aliento, invitar a su nieta mayor, Mariana, a Europa para celebrar sus 15 a\u00f1os de vida que se aproximaban, sin revelarle a Mariana su verdadero estado de salud. <strong>Don Salvador<\/strong> viaj\u00f3 s\u00f3lo con la adolescente. Visitaron varios pa\u00edses, pero seg\u00fan me cuenta Mariana, ya estaba muy d\u00e9bil y en Par\u00eds se puso grave y tuvo que regresarse dejando a su nieta al cuidado de<strong> Rafael Segovia Alb\u00e1n<\/strong>, medio hermano de Mariana, qui\u00e9n en esos momentos viv\u00eda en Par\u00eds.<\/p>\n<p>\nA su regreso a M\u00e9xico, mi suegro fue internado grave en el hospital y ya lo daban por muerto, pero no fue as\u00ed, don Salvador resisti\u00f3 y su fuerza lo llev\u00f3 a reponerse, sali\u00f3 del hospital y tan campante regres\u00f3 a su trabajo en el banco, donde fung\u00eda como gerente de asuntos internacionales\u2026 (Continuar\u00e1)<\/p>\n<\/div>\n<p><script async defer crossorigin=\"anonymous\" src=\"https:\/\/connect.facebook.net\/es_LA\/sdk.js#xfbml=1&#038;version=v10.0&#038;appId=163316950407128&#038;autoLogAppEvents=1\"><\/script><br \/>\n<br \/><\/p>\n<p><em> &#8221; Fuentes www.eluniversal.com.mx &#8221; <\/em><\/p>\n","protected":false},"excerpt":{"rendered":"<p>Despu\u00e9s de casi toda una vida dedicada a la diplomacia, a la creaci\u00f3n de los Estudios C.L.A.S.A, a la producci\u00f3n de pel\u00edculas, empezando por \u00a1V\u00e1monos con Pancho Villa!, participando como guionista en muchas de ellas, a diversos negocios, inclusive ranchitos, Salvador Elizondo Pani, el self-made man, fot\u00f3grafo aficionado y dem\u00e1s, hacia 1974, cuando ya period [&hellip;]<\/p>\n","protected":false},"author":4,"featured_media":278416,"comment_status":"open","ping_status":"closed","sticky":false,"template":"","format":"standard","meta":{"om_disable_all_campaigns":false,"jnews-multi-image_gallery":[],"jnews_single_post":[],"jnews_primary_category":[],"jnews_social_meta":[],"footnotes":""},"categories":[39],"tags":[1835,41283,41284],"class_list":["post-278415","post","type-post","status-publish","format-standard","has-post-thumbnail","hentry","category-viajes","tag-el-universal","tag-paulina-lavista","tag-pie-de-foto"],"_links":{"self":[{"href":"https:\/\/dimensionturistica.com\/es\/wp-json\/wp\/v2\/posts\/278415","targetHints":{"allow":["GET"]}}],"collection":[{"href":"https:\/\/dimensionturistica.com\/es\/wp-json\/wp\/v2\/posts"}],"about":[{"href":"https:\/\/dimensionturistica.com\/es\/wp-json\/wp\/v2\/types\/post"}],"author":[{"embeddable":true,"href":"https:\/\/dimensionturistica.com\/es\/wp-json\/wp\/v2\/users\/4"}],"replies":[{"embeddable":true,"href":"https:\/\/dimensionturistica.com\/es\/wp-json\/wp\/v2\/comments?post=278415"}],"version-history":[{"count":0,"href":"https:\/\/dimensionturistica.com\/es\/wp-json\/wp\/v2\/posts\/278415\/revisions"}],"wp:featuredmedia":[{"embeddable":true,"href":"https:\/\/dimensionturistica.com\/es\/wp-json\/wp\/v2\/media\/278416"}],"wp:attachment":[{"href":"https:\/\/dimensionturistica.com\/es\/wp-json\/wp\/v2\/media?parent=278415"}],"wp:term":[{"taxonomy":"category","embeddable":true,"href":"https:\/\/dimensionturistica.com\/es\/wp-json\/wp\/v2\/categories?post=278415"},{"taxonomy":"post_tag","embeddable":true,"href":"https:\/\/dimensionturistica.com\/es\/wp-json\/wp\/v2\/tags?post=278415"}],"curies":[{"name":"wp","href":"https:\/\/api.w.org\/{rel}","templated":true}]}}