{"id":277976,"date":"2022-02-23T15:32:05","date_gmt":"2022-02-23T15:32:05","guid":{"rendered":"https:\/\/dimensionturistica.com\/es\/?p=277976"},"modified":"2022-02-23T15:32:06","modified_gmt":"2022-02-23T15:32:06","slug":"cuba-presente-en-vitrina-turistica-anato-2022","status":"publish","type":"post","link":"https:\/\/dimensionturistica.com\/es\/cuba-presente-en-vitrina-turistica-anato-2022\/","title":{"rendered":"Cuba presente en Vitrina Tur\u00edstica Anato 2022"},"content":{"rendered":"<p> <br \/>\n<\/p>\n<div property=\"schema:text\">\n<p>Desde este mi\u00e9rcoles Cuba participa con sus atractivos productos de sol y playa, entre otros de un amplio cat\u00e1logo, en la edici\u00f3n 41 de la Vitrina Tur\u00edstica Anato 2022, evento comercial m\u00e1s importante de Colombia.<\/p>\n<p>La Mayor de las Antillas tambi\u00e9n presentar\u00e1 opciones de viajes asociados con ciudades patrimoniales, el turismo de aventuras, de naturaleza y de salud, dijo Mariano Fern\u00e1ndez, consejero de Turismo de Cuba para Colombia, Brasil, Per\u00fa y Ecuador, seg\u00fan Prensa Latina.<\/p>\n<p>Tambi\u00e9n potenciar\u00e1n los cayos del norte de Villa Clara, el polo tur\u00edstico de mayor dinamismo en la Isla, desde el Centro Internacional de Negocios y Exposiciones de Bogot\u00e1 .<\/p>\n<p>Este producto contar\u00e1 con el apoyo de la operaci\u00f3n ch\u00e1rter desde Bogot\u00e1 a Santa Clara que comenzar\u00e1 el 10 de abril pr\u00f3ximo.<\/p>\n<p><img decoding=\"async\" alt=\"Cuba en Vitrina Anatos 2022\" data-entity-type=\"file\" data-entity-uuid=\"c30f7c8e-a46e-4bb8-a7c8-da9c2266b397\" src=\"https:\/\/www.excelenciascuba.com\/sites\/default\/files\/inline-images\/xWhatsApp-Image-2022-02-16-at-7.12.32-PM.jpeg.pagespeed.ic.STUM0B4EZF.jpg\" class=\"align-center\" data-pagespeed-url-hash=\"2039361575\" onload=\"pagespeed.CriticalImages.checkImageForCriticality(this);\"\/><\/p>\n<p>Tambien ser\u00e1 promovida la pr\u00f3xima Feria Internacional de Turismo (FitCuba 2022), que se realizar\u00e1 del 3 al 7 de mayo en Varadero. En ella podr\u00e1n participar Agentes de Viaje y Medios Especializados.<\/p>\n<p>Fern\u00e1ndez explic\u00f3 adem\u00e1s c\u00f3mo marcha el turismo en Cuba, sector que muestra un despertar positivo y resultados alentadores luego de la reapertura del pa\u00eds en noviembre, a partir de los resultados alcanzados en materia de vacunaci\u00f3n antiCovid-19 y medidas de seguimiento y management de la pandemia con indicadores positivos para la recepci\u00f3n segura de visitantes.<\/p>\n<p>Precis\u00f3 que, aunque el pa\u00eds no lleg\u00f3 a los arribos del 2019, s\u00ed se aprecia la reacci\u00f3n de los mercados europeos, y de Canad\u00e1, que muestran un incremento significativo en cuanto a frecuencias a\u00e9reas y llegada de turistas a los principales polos del pa\u00eds: Varadero, Jardines del Rey, Holgu\u00edn, y La Habana fundamentalmente.<\/p>\n<p>El funcionario cubano agreg\u00f3 que Cuba ha participado en todas las vitrinas de Anato realizadas, lo cual demuestra la importancia para el turismo cubano del mercado colombiano.<\/p>\n<p>&#8220;Participar en esta edici\u00f3n es muy importante e imprescindible para revitalizar al destino, para actualizar sobre la operatividad complete del sector en la Isla, para promover las operaciones a\u00e9reas que poco a poco se van incrementando tanto a trav\u00e9s de WINGO de manera directa, como de COPA v\u00eda Panam\u00e1\u00bb, ponder\u00f3.<\/p>\n<p>A juicio de Fern\u00e1ndez la feria colombiana es una oportunidad para continuar con la promoci\u00f3n de la venidera operaci\u00f3n ch\u00e1rter a Santa Clara, lo que constituye desde ya un hito en este mercado, acostumbrado pr\u00e1cticamente a viajar en los vuelos regulares y a La Habana.<\/p>\n<p>Fotos: Tomadas de Prensa Latina<\/p>\n<\/div>\n\n<p><em> &#8221; Fuentes www.excelenciascuba.com &#8221; <\/em><\/p>\n","protected":false},"excerpt":{"rendered":"<p>Desde este mi\u00e9rcoles Cuba participa con sus atractivos productos de sol y playa, entre otros de un amplio cat\u00e1logo, en la edici\u00f3n 41 de la Vitrina Tur\u00edstica Anato 2022, evento comercial m\u00e1s importante de Colombia. La Mayor de las Antillas tambi\u00e9n presentar\u00e1 opciones de viajes asociados con ciudades patrimoniales, el turismo de aventuras, de naturaleza [&hellip;]<\/p>\n","protected":false},"author":4,"featured_media":277977,"comment_status":"open","ping_status":"closed","sticky":false,"template":"","format":"standard","meta":{"om_disable_all_campaigns":false,"jnews-multi-image_gallery":[],"jnews_single_post":[],"jnews_primary_category":[],"jnews_social_meta":[],"footnotes":""},"categories":[40],"tags":[771,956,544,41219],"class_list":["post-277976","post","type-post","status-publish","format-standard","has-post-thumbnail","hentry","category-industria","tag-colombia","tag-cuba","tag-turismo","tag-vitrina-anato-2022"],"_links":{"self":[{"href":"https:\/\/dimensionturistica.com\/es\/wp-json\/wp\/v2\/posts\/277976","targetHints":{"allow":["GET"]}}],"collection":[{"href":"https:\/\/dimensionturistica.com\/es\/wp-json\/wp\/v2\/posts"}],"about":[{"href":"https:\/\/dimensionturistica.com\/es\/wp-json\/wp\/v2\/types\/post"}],"author":[{"embeddable":true,"href":"https:\/\/dimensionturistica.com\/es\/wp-json\/wp\/v2\/users\/4"}],"replies":[{"embeddable":true,"href":"https:\/\/dimensionturistica.com\/es\/wp-json\/wp\/v2\/comments?post=277976"}],"version-history":[{"count":0,"href":"https:\/\/dimensionturistica.com\/es\/wp-json\/wp\/v2\/posts\/277976\/revisions"}],"wp:featuredmedia":[{"embeddable":true,"href":"https:\/\/dimensionturistica.com\/es\/wp-json\/wp\/v2\/media\/277977"}],"wp:attachment":[{"href":"https:\/\/dimensionturistica.com\/es\/wp-json\/wp\/v2\/media?parent=277976"}],"wp:term":[{"taxonomy":"category","embeddable":true,"href":"https:\/\/dimensionturistica.com\/es\/wp-json\/wp\/v2\/categories?post=277976"},{"taxonomy":"post_tag","embeddable":true,"href":"https:\/\/dimensionturistica.com\/es\/wp-json\/wp\/v2\/tags?post=277976"}],"curies":[{"name":"wp","href":"https:\/\/api.w.org\/{rel}","templated":true}]}}