{"id":277053,"date":"2022-02-21T22:04:17","date_gmt":"2022-02-21T22:04:17","guid":{"rendered":"https:\/\/dimensionturistica.com\/es\/?p=277053"},"modified":"2022-02-21T22:04:18","modified_gmt":"2022-02-21T22:04:18","slug":"feria-de-turismo-de-cuba-2022-se-celebrara-en-plaza-america-de-varadero","status":"publish","type":"post","link":"https:\/\/dimensionturistica.com\/es\/feria-de-turismo-de-cuba-2022-se-celebrara-en-plaza-america-de-varadero\/","title":{"rendered":"Feria de Turismo de Cuba 2022 se celebrar\u00e1 en Plaza Am\u00e9rica de Varadero"},"content":{"rendered":"<p> <br \/>\n<\/p>\n<div>\n<div id=\"attachment_1669917\" style=\"width: 580px\" class=\"wp-caption aligncenter size-full wp-image-1669917\"><img decoding=\"async\" class=\"size-full wp-image-1669917\" src=\"http:\/\/media.cubadebate.cu\/wp-content\/uploads\/2022\/02\/Plaza-America-Varadero-2022.jpg\" alt=\"\" width=\"580\" height=\"331\"\/><\/p>\n<p class=\"wp-caption-text\">Con sede en Plaza Am\u00e9rica Varadero, FITCuba 2022 estar\u00e1 dedicada a la Federaci\u00f3n de Rusia como mercado emisor. Foto: PL.<\/p>\n<\/div>\n<p>Tras una renovaci\u00f3n, la Plaza Am\u00e9rica y su centro de convenciones, en varadero, ser\u00e1n la sede de la 40 Feria Internacional de Turismo (FITCuba 2022), que relanzar\u00e1 el producto tur\u00edstico cubano durante sus jornadas entre los d\u00edas 3 y 7 de mayo.<\/p>\n<p>\u201cLos asistentes a la principal bolsa comercial del sector en el pa\u00eds, encontrar\u00e1n salones preparados y montados con nuevas tecnolog\u00edas, acorde con las exigencias del momento\u201d, dijo Zulema Af\u00e1, organizadora de eventos de la instalaci\u00f3n en el conocido destino cubano de sol y playa.<\/p>\n<p>Inform\u00f3 que fueron ampliadas tres salas y otras \u00e1reas para dar m\u00e1s facilidades a los clientes. \u201cContamos con la fortaleza de la wifi incluida y, sobre todo, con las medidas biosanitarias requeridas contra la covid-19\u201d, a\u00f1adi\u00f3.<\/p>\n<p>Plaza Am\u00e9rica consta de dos plantas: la superior, para reuniones de todo tipo, y el primer piso, con el \u00e1rea comercial.<\/p>\n<p>La organizadora de eventos explic\u00f3 que en esa zona se increment\u00f3 el espacio de servicios con puntos de alquiler de autos, de la marina Marlin, y la feria de artesanos, la cual atiende a varias entidades promotoras de los productos culturales.<\/p>\n<p>En el nivel superior sobresale, en el plenario y la sala G, el equipamiento destinado a los sistemas de proyecci\u00f3n de video, audio y traducci\u00f3n de idiomas.<\/p>\n<p>Fueron remodelados los sistemas estructurales de la Plaza, cambiados los pisos y rehabilitados los ba\u00f1os sanitarios y tambi\u00e9n los servicios gastron\u00f3micos de restaurantes, cafeter\u00eda y bares.<\/p>\n<p>\u201cFITCuba incluir\u00e1 tres foros simult\u00e1neos de negocios, tecnolog\u00eda y eventos e incentivos. Adem\u00e1s, habr\u00e1 una feria de expositores y suministradores del turismo, a lo que se suman actividades en todo el polo tur\u00edstico\u201d, dijo Zulema Af\u00e1.<\/p>\n<p>La edici\u00f3n 40 de la feria cubana de turismo reunir\u00e1 a turopoeradores, hoteleros, agentes de viajes y directivosde la industria, entre otros. Sesionar\u00e1 en Plaza Am\u00e9rica como sede principal y tendr\u00e1 como subsede el resort Meli\u00e1 Las Am\u00e9ricas, aleda\u00f1o al Centro de Convenciones.<\/p>\n<p>\u201cHemos mejorado todos los servicios para los turistas en el pa\u00eds, y en Varadero se ha trabajado en el \u00e1rea del turismo accesible y sostenible; en la tecnolog\u00eda, como por ejemplo el proyecto Varadero Ciudad Digital, y en general en todo lo que podamos ofrecer a nuestros clientes\u201d, coment\u00f3 la organizadora de eventos de Plaza Am\u00e9rica.<\/p>\n<p><strong>(Con informaci\u00f3n de Prensa Latina)<\/strong><\/p>\n<\/p><\/div>\n\n<p><em> &#8221; Fuentes www.cubadebate.cu &#8221; <\/em><\/p>\n","protected":false},"excerpt":{"rendered":"<p>Con sede en Plaza Am\u00e9rica Varadero, FITCuba 2022 estar\u00e1 dedicada a la Federaci\u00f3n de Rusia como mercado emisor. Foto: PL. Tras una renovaci\u00f3n, la Plaza Am\u00e9rica y su centro de convenciones, en varadero, ser\u00e1n la sede de la 40 Feria Internacional de Turismo (FITCuba 2022), que relanzar\u00e1 el producto tur\u00edstico cubano durante sus jornadas entre [&hellip;]<\/p>\n","protected":false},"author":4,"featured_media":277054,"comment_status":"open","ping_status":"closed","sticky":false,"template":"","format":"standard","meta":{"om_disable_all_campaigns":false,"jnews-multi-image_gallery":[],"jnews_single_post":[],"jnews_primary_category":[],"jnews_social_meta":[],"footnotes":""},"categories":[40],"tags":[715,705],"class_list":["post-277053","post","type-post","status-publish","format-standard","has-post-thumbnail","hentry","category-industria","tag-economia","tag-noticias"],"_links":{"self":[{"href":"https:\/\/dimensionturistica.com\/es\/wp-json\/wp\/v2\/posts\/277053","targetHints":{"allow":["GET"]}}],"collection":[{"href":"https:\/\/dimensionturistica.com\/es\/wp-json\/wp\/v2\/posts"}],"about":[{"href":"https:\/\/dimensionturistica.com\/es\/wp-json\/wp\/v2\/types\/post"}],"author":[{"embeddable":true,"href":"https:\/\/dimensionturistica.com\/es\/wp-json\/wp\/v2\/users\/4"}],"replies":[{"embeddable":true,"href":"https:\/\/dimensionturistica.com\/es\/wp-json\/wp\/v2\/comments?post=277053"}],"version-history":[{"count":0,"href":"https:\/\/dimensionturistica.com\/es\/wp-json\/wp\/v2\/posts\/277053\/revisions"}],"wp:featuredmedia":[{"embeddable":true,"href":"https:\/\/dimensionturistica.com\/es\/wp-json\/wp\/v2\/media\/277054"}],"wp:attachment":[{"href":"https:\/\/dimensionturistica.com\/es\/wp-json\/wp\/v2\/media?parent=277053"}],"wp:term":[{"taxonomy":"category","embeddable":true,"href":"https:\/\/dimensionturistica.com\/es\/wp-json\/wp\/v2\/categories?post=277053"},{"taxonomy":"post_tag","embeddable":true,"href":"https:\/\/dimensionturistica.com\/es\/wp-json\/wp\/v2\/tags?post=277053"}],"curies":[{"name":"wp","href":"https:\/\/api.w.org\/{rel}","templated":true}]}}