{"id":277024,"date":"2022-02-21T20:29:48","date_gmt":"2022-02-21T20:29:48","guid":{"rendered":"https:\/\/dimensionturistica.com\/es\/?p=277024"},"modified":"2022-02-21T20:29:49","modified_gmt":"2022-02-21T20:29:49","slug":"silver-nova-esta-listo-para-navegar-71-dias-por-sudamerica","status":"publish","type":"post","link":"https:\/\/dimensionturistica.com\/es\/silver-nova-esta-listo-para-navegar-71-dias-por-sudamerica\/","title":{"rendered":"Silver Nova est\u00e1 listo para navegar 71 d\u00edas por Sudam\u00e9rica"},"content":{"rendered":"<p> <br \/>\n<\/p>\n<div>\n<p>Hoy, <strong>Silversea Cruises<\/strong> ha lanzado su nuevo Grand Voyage de <strong>71 d\u00edas hacia Centro y Sudam\u00e9rica <\/strong>a bordo del nuevo barco de Silversea, el <strong>Silver Nova<\/strong>.\u00a0<\/p>\n<p>Zarpando el <strong>4 de enero de 2024<\/strong>, los hu\u00e9spedes de Silversea se adentrar\u00e1n en <strong>38 destinos de 18 pa\u00edses,<\/strong> viajando con el nivel de servicio caracter\u00edstico de la compa\u00f1\u00eda de cruceros de lujo a bordo del Silver Nova, que pronto ser\u00e1 inaugurado. Por primera vez, y para todos los siguientes Grand Voyages de la flota, el Grand Voyage South America 2024<strong> incluir\u00e1 vuelos de ida y vuelta en clase enterprise.\u00a0<\/strong><\/p>\n<p>El <strong>Grand Voyage South America 2024 de Silversea<\/strong>, que se propone descubrir destinos remotos y extraordinarios a los viajeros, <strong>circunnavegar\u00e1 Am\u00e9rica Latina<\/strong> antes de llevar a los hu\u00e9spedes al inside del pa\u00eds, a lo largo del serpenteante r\u00edo Amazonas, hasta Manaos, en el coraz\u00f3n de la verde selva tropical.\u00a0<\/p>\n<p>Adem\u00e1s de disfrutar de <strong>una escala inaugural en Ilhabela (Brasil)<\/strong>, que alberga una gran reserva de la biosfera incluida en la lista de la UNESCO, los hu\u00e9spedes<strong> explorar\u00e1n Ushuaia<\/strong>, en el extremo sur de Sudam\u00e9rica, adem\u00e1s de los impresionantes glaciares y fiordos del continente.\u00a0<\/p>\n<p>Para sumergir a los viajeros en la vibrante cultura latinoamericana, el Silver Nova har\u00e1 <strong>escala en Lima, Buenos Aires y Montevideo,<\/strong> con una parada prolongada en <strong>R\u00edo de Janeiro<\/strong> donde los hu\u00e9spedes<strong> disfrutar\u00e1n del famoso Carnaval con tres noches a bordo<\/strong>, mostrando as\u00ed una parte imprescindible para descubrir Sudam\u00e9rica.\u00a0<\/p>\n<p>Antes de llegar a <strong>Fort Lauderdale el 15 de marzo de 2024<\/strong>, los viajeros explorar\u00e1n los destinos m\u00e1s espectaculares del Caribe Oriental, con <strong>escalas en Spanish City, Castries y Bequia<\/strong>. Los hu\u00e9spedes tambi\u00e9n experimentar\u00e1n los ricos sabores culinarios de la regi\u00f3n, tanto a bordo como en tierra, a trav\u00e9s del alabado programa S.A.L.T. de Silversea.<\/p>\n<p>Los hu\u00e9spedes que se unan al Silver Nova para el Grand Voyage South America 2024 estar\u00e1n entre<strong> los primeros en experimentar uno de los cruceros m\u00e1s respetuosos con el medio ambiente<\/strong> jam\u00e1s construidos. Soluciones tecnol\u00f3gicas innovadoras y sin precedentes har\u00e1n de \u00e9l el primer crucero h\u00edbrido de lujo libre de emisiones locales en el puerto, con tecnolog\u00eda h\u00edbrida avanzada que incluye c\u00e9lulas de flamable, allanando el camino para el futuro de los cruceros lujosos y sostenibles.\u00a0<\/p>\n<p>&#8220;Ideado por nuestros expertos en destinos, nuestro nuevo Grand Voyage 2024 por Sudam\u00e9rica, que se realiza a bordo del pionero Silver Nova, unir\u00e1 las experiencias m\u00e1s enriquecedoras del continente para nuestros hu\u00e9spedes m\u00e1s experimentados&#8221;, declara Barbara Muckermann, directora comercial de Silversea Cruises.\u00a0<\/p>\n<blockquote>\n<p>&#8220;Con la inclusi\u00f3n de los vuelos en clase business, los hu\u00e9spedes que realicen el Grand Voyage Sudam\u00e9rica 2024, y todos los futuros Grand Voyages con Silversea, viajar\u00e1n con una comodidad superlativa. Desde tres noches para celebrar el famoso carnaval de R\u00edo de Janeiro hasta una exclusiva velada en el hermoso teatro de la \u00f3pera de Manaos en el coraz\u00f3n de la selva amaz\u00f3nica, la gama de experiencias que se ofrecen con este viaje \u00fanico en la vida es incomparable&#8221;.\u00a0<\/p>\n<\/blockquote>\n<p>Aprovechando la conexi\u00f3n con la cultura, el patrimonio y la identidad de cada lugar, los <strong>eventos exclusivos de Silversea para el Grand Voyage South America 2024<\/strong> incluyen:\u00a0<br \/>Festividades folcl\u00f3ricas a lo largo del Canal de Panam\u00e1: Los hu\u00e9spedes disfrutar\u00e1n de un espect\u00e1culo folcl\u00f3rico tradicional, seguido de una fiesta de carnaval (completa con sombreros de Panam\u00e1 y animados bailes de salsa) mientras realizan el encantador viaje desde el Atl\u00e1ntico hasta el Oc\u00e9ano Pac\u00edfico.<\/p>\n<h2>Tour a medida en el Callao Monumental<\/h2>\n<p>Una inmersi\u00f3n cultural completa espera a los hu\u00e9spedes con la organizaci\u00f3n de una <strong>visita personalizada y privada al Callao Monumental,<\/strong> considerado el referente m\u00e1s importante de la transformaci\u00f3n social a trav\u00e9s del arte <strong>en Per\u00fa<\/strong>. La visita finalizar\u00e1 con aut\u00e9nticas delicias culinarias preparadas localmente y c\u00f3cteles con el tel\u00f3n de fondo de una fiesta de salsa.<\/p>\n<p><!-- \/3943581\/Desktop_Teads_1x1 --><\/p>\n<h2>Los mejores asientos en el Carnaval m\u00e1s grande del mundo<\/h2>\n<p>Los invitados se deleitar\u00e1n con la magia r\u00edtmica del ic\u00f3nico<strong> Carnaval de R\u00edo de Janeiro a lo largo de tres d\u00edas de acceso exclusivo<\/strong> a los desfiles y los mejores asientos para ver el coraz\u00f3n de la acci\u00f3n.<\/p>\n<h2>Delicias oper\u00edsticas en la selva amaz\u00f3nica<\/h2>\n<p>Bajo las brillantes estrellas y en medio del exuberante dosel de la selva tropical, los hu\u00e9spedes <strong>vivir\u00e1n una noche de \u00f3pera como ninguna otra<\/strong>. Situado en el coraz\u00f3n de la selva amaz\u00f3nica, el teatro de <strong>la \u00f3pera de Manaos<\/strong> es un hito hist\u00f3rico y un espectacular ejemplo de arquitectura renacentista. Los hu\u00e9spedes asistir\u00e1n asombrados a una actuaci\u00f3n exclusiva, que disfrutar\u00e1n con un fresco c\u00f3ctel en la mano.\u00a0<\/p>\n<h2>Una noche exclusiva con la \u00e9lite del polo de Bridgetown<\/h2>\n<p>Los hu\u00e9spedes<strong> se codear\u00e1n con los jugadores de polo de Bridgetown,<\/strong> el equipo deportivo m\u00e1s emblem\u00e1tico de Barbados, durante una cena \u00edntima que sigue a una tarde de deporte de adrenalina. Preparado intrincadamente por <strong>un galardonado Grasp Chef de Barbados<\/strong>, los hu\u00e9spedes saborear\u00e1n delicias locales y beber\u00e1n champ\u00e1n en compa\u00f1\u00eda de la \u00e9lite del polo de la isla.<br \/>\u00a0<\/p>\n<section class=\"tags\">\n\t\t\t\t\t\t\t\t<span class=\"tags__text\">En esta nota:<\/span><\/p>\n<\/section>\n<p>\t\t\t\t\t\t<a rel=\"nofollow noopener\" target=\"_blank\" id=\"banner-google-news\" href=\"https:\/\/news.google.com\/publications\/CAAqBwgKMMWvjQsw8MKfAw\"><br \/>\n\t\t\t\t\t\t\t<span>Las noticias de AM en<\/span><br \/>\n\t\t\t\t\t\t\t<img decoding=\"async\" alt=\"Las noticias de AM en Google News\" width=\"172\" height=\"30\" src=\"https:\/\/dimensionturistica.com\/es\/wp-content\/uploads\/2021\/08\/Irapuato-ponen-semaforo-en-Lazaro-Cardenas-y-Guadalupe-Victoria.svg.svg+xml;charset=UTF-8\"\/><\/p>\n<p>S\u00edguenos<\/p>\n<p>\t\t\t\t\t\t<\/a><\/p><\/div>\n<p><script>\nfunction getCookie(cname) {\n    let name = cname + \"=\";\n    let decodedCookie = decodeURIComponent(document.cookie);\n    let ca = decodedCookie.split(';');\n    for(let i = 0; i <ca.length; i++) {\n        let c = ca[i];\n        while (c.charAt(0) == ' ') {\n            c = c.substring(1);\n        }\n        if (c.indexOf(name) == 0) {\n            return c.substring(name.length, c.length);\n        }\n    }\n    return \"\";\n}\n\nfunction loadScript(url){\n\n        var head = document.getElementsByTagName('head')[0];\n        var script = document.createElement('script');\n        script.type=\"text\/javascript\";\n        script.src = url;\n        head.appendChild(script);\n}\n\n\n\nvar getCookieSocial = getCookie('token_login_am');\nif(getCookieSocial  == \"social\"){\n\nloadScript(\"https:\/\/connect.facebook.net\/es_LA\/sdk.js\");\n\n\twindow.fbAsyncInit = function() {\n\t  FB.init({\n\t    appId      : '1258211021258612',\n\t    cookie     : true,\n\t    xfbml      : true,\n\t    version    : 'v11.0'\n\t  });\n\t};\n\t\n\t(function(d, s, id){\n\t  var js, fjs = d.getElementsByTagName(s)[0];\n\t  if (d.getElementById(id)) {return;}\n\t  js = d.createElement(s); js.id = id;\n\t  js.src = \"https:\/\/connect.facebook.net\/es_LA\/sdk.js\";\n\t  fjs.parentNode.insertBefore(js, fjs);\n\t}(document, 'script', 'facebook-jssdk'));\n\t\n\twindow.addEventListener('load', (event) => {\n\t  FB.getLoginStatus(function(response) {   \/\/ See the onlogin handler\n\t      statusChangeCallback(response);\n\t    });\n\t});\n\tfunction statusChangeCallback(response) {  \/\/ Called with the results from FB.getLoginStatus().\n\t    console.log(response);                   \/\/ The current login status of the person.\n\t    if (response.status === 'connected') {   \/\/ Logged into your webpage and Facebook.\n\t        console.log(\"SI ESTAS LOGEADO HOMY\"); \n\t    } else {                                 \/\/ Not logged into your webpage or we are unable to tell.\n\t\tconsole.log(\"TE FALTA LOGEARTE BATO\");\n\t    }\n\t  }\n\tfunction onloginfacebook(){\n\t  FB.login((response) => {\n\t    if(response.authResponse){\n\t      FB.api('\/me', { locale: 'en_US', fields: 'first_name, email,last_name' }, function(response) {\n\t\t\tvar socialcokkie = getCookie('token_login_am');\n\t\t\tif(socialcokkie != \"social\" || socialcokkie.length == 0){\n\t\t\t\t signUpSocial(response.first_name,response.last_name,response.email,\"facebook\");\n\t\t        } \n\t      });\n\t    }\n\t  },{scope: 'email,public_profile'})\n\t}\n}\n<\/script><br \/>\n<br \/><\/p>\n<p><em> &#8221; Fuentes www.am.com.mx &#8221; <\/em><\/p>\n","protected":false},"excerpt":{"rendered":"<p>Hoy, Silversea Cruises ha lanzado su nuevo Grand Voyage de 71 d\u00edas hacia Centro y Sudam\u00e9rica a bordo del nuevo barco de Silversea, el Silver Nova.\u00a0 Zarpando el 4 de enero de 2024, los hu\u00e9spedes de Silversea se adentrar\u00e1n en 38 destinos de 18 pa\u00edses, viajando con el nivel de servicio caracter\u00edstico de la compa\u00f1\u00eda [&hellip;]<\/p>\n","protected":false},"author":4,"featured_media":277025,"comment_status":"open","ping_status":"closed","sticky":false,"template":"","format":"standard","meta":{"om_disable_all_campaigns":false,"jnews-multi-image_gallery":[],"jnews_single_post":[],"jnews_primary_category":[],"jnews_social_meta":[],"footnotes":""},"categories":[41],"tags":[797,545],"class_list":["post-277024","post","type-post","status-publish","format-standard","has-post-thumbnail","hentry","category-cruceros","tag-mundo","tag-viajes"],"_links":{"self":[{"href":"https:\/\/dimensionturistica.com\/es\/wp-json\/wp\/v2\/posts\/277024","targetHints":{"allow":["GET"]}}],"collection":[{"href":"https:\/\/dimensionturistica.com\/es\/wp-json\/wp\/v2\/posts"}],"about":[{"href":"https:\/\/dimensionturistica.com\/es\/wp-json\/wp\/v2\/types\/post"}],"author":[{"embeddable":true,"href":"https:\/\/dimensionturistica.com\/es\/wp-json\/wp\/v2\/users\/4"}],"replies":[{"embeddable":true,"href":"https:\/\/dimensionturistica.com\/es\/wp-json\/wp\/v2\/comments?post=277024"}],"version-history":[{"count":0,"href":"https:\/\/dimensionturistica.com\/es\/wp-json\/wp\/v2\/posts\/277024\/revisions"}],"wp:featuredmedia":[{"embeddable":true,"href":"https:\/\/dimensionturistica.com\/es\/wp-json\/wp\/v2\/media\/277025"}],"wp:attachment":[{"href":"https:\/\/dimensionturistica.com\/es\/wp-json\/wp\/v2\/media?parent=277024"}],"wp:term":[{"taxonomy":"category","embeddable":true,"href":"https:\/\/dimensionturistica.com\/es\/wp-json\/wp\/v2\/categories?post=277024"},{"taxonomy":"post_tag","embeddable":true,"href":"https:\/\/dimensionturistica.com\/es\/wp-json\/wp\/v2\/tags?post=277024"}],"curies":[{"name":"wp","href":"https:\/\/api.w.org\/{rel}","templated":true}]}}