{"id":276838,"date":"2022-02-21T13:28:16","date_gmt":"2022-02-21T13:28:16","guid":{"rendered":"https:\/\/dimensionturistica.com\/es\/?p=276838"},"modified":"2022-02-21T13:28:17","modified_gmt":"2022-02-21T13:28:17","slug":"diario-hoy-en-grupo-cerrado-de-facebook-estafados-instaron-a-manifestarse-y-fueron-imputados","status":"publish","type":"post","link":"https:\/\/dimensionturistica.com\/es\/diario-hoy-en-grupo-cerrado-de-facebook-estafados-instaron-a-manifestarse-y-fueron-imputados\/","title":{"rendered":"Diario HOY | En grupo cerrado de Facebook, estafados instaron a manifestarse y fueron imputados"},"content":{"rendered":"<p> <br \/>\n<\/p>\n<div id=\"article-0\">\n<header class=\"entry-heading\">\n<p>                                        <determine class=\"gallery react-gallery-carousel js-clickeable\" data-images=\"[{\" title=\"\" destacado=\"\" xxxl=\"\" estafados=\"\" terminaron=\"\" imputados.=\"\" foto=\"\" archivo.=\"\" images_data=\"[{\"\/><\/p>\n<p class=\"lead--lg\">\n<p>Presuntas v\u00edctimas de estafa del esquema Mocipar expresaron sus inquietudes en un grupo cerrado de Facebook, donde instaron a manifestarse. V\u00eda Whatsapp fueron notificadas de una imputaci\u00f3n y convocadas ante el Juzgado. De no presentarse, ser\u00e1n declaradas en rebeld\u00eda.\n                    <\/p>\n<p>                    <!-- redes sociales --><\/p>\n<\/header>\n<p>                                <!-- entry body --><\/p>\n<div class=\"entry-text\">\n<p>El abogado Gustavo Franco, representante de v\u00edctimas de estafa, inform\u00f3 que la empresa Auto F\u00e1cil, cuya raz\u00f3n social se denomina Intuici\u00f3n femenina, es un sistema de promoci\u00f3n de Mocipar que opera de forma paralela.<\/p>\n<p>A partir de las quejas y denuncias contra dicha firma, dentro de un grupo cerrado de Facebook, y la invitaci\u00f3n a manifestarse contra la misma, las personas fueron imputadas y convocadas ante el Juzgado para el 3 de marzo, todo v\u00eda Whatsapp.<\/p>\n<p>La comunicaci\u00f3n aclara que en caso de un acudir, se dictar\u00e1 la declaraci\u00f3n en rebeld\u00eda de estas personas.<\/p>\n<p>\u201cSe debi\u00f3 haber hecho la investigaci\u00f3n y citado a las personas imputadas para que puedan presentar pruebas documentos o chats, pero en este caso se dio la imputaci\u00f3n de manera directa\u201d, explic\u00f3 Franco en conversaci\u00f3n con la 730 AM.<\/p>\n<p>Mirna Alfonso, una de las afectadas, fue imputada por incitar a manifestarse y tendr\u00e1 que presentarse ante la jueza penal de garant\u00edas n\u00famero 2 de Lambar\u00e9, Isabel Bracho. infiltrados de Auto F\u00e1cil habr\u00edan logrado ingresar al grupo de Facebook, haci\u00e9ndose pasar por v\u00edctimas.<\/p>\n<\/p><\/div>\n<p>                <!-- tag_related --><\/p>\n<p>                <!-- fb:comment --><\/p>\n<p>                <!-- Lee Tambi&eacute;n by React --><\/p>\n<section class=\"carousel react-related-carousel\" url_title=\"en-grupo-cerrado-de-facebook-estafados-instaron-a-manifestarse-y-fueron-imputados\"\/><\/div>\n<div id=\"article-1\">\n<header class=\"entry-heading\">\n<figure class=\"gallery react-gallery-carousel js-clickeable\" data-images=\"[{\" title=\"\" muvh.=\"\" images_data=\"[{\"\/>\n<p class=\"lead--lg\">\n                        Con el inicio del proyecto \u201cComisi\u00f3n de Fomento y Desarrollo Rural del Distrito Laurel\u201d, y la construcci\u00f3n de 80 viviendas, unas 600 personas de la localidad de Yvyraroban\u00e1, podr\u00e1n acceder a empleos de manera directa e indirecta.<\/p>\n<p>                    <!-- redes sociales --><\/p>\n<\/header>\n<p>                                <!-- entry body --><\/p>\n<div class=\"entry-text\">\n<p>El proyecto es desarrollado en el marco del Fondo Nacional de la Vivienda Social (Fonavis), liderado por el Ministerio de Urbanismo, Vivienda y H\u00e1bitat (MUVH).<\/p>\n<p>La construcci\u00f3n de estas viviendas no solo beneficia a las 80 familias, igualmente dinamiza la econom\u00eda local con la generaci\u00f3n de estos empleos.<\/p>\n<p>Las mismas contar\u00e1n con dos dormitorios, sala-comedor, un ba\u00f1o familiar, cocina y \u00e1rea de lavander\u00eda, en el caso de las familias con integrantes que tengan alguna discapacidad, las viviendas les ser\u00e1n adaptadas.<\/p>\n<p>Cabe resaltar que en el departamento de Canindey\u00fa ya se llevan gestionadas cerca de 1.500 viviendas en lo que va del Gobierno Nacional, en las distintas localidades de dicho departamento.<\/p>\n<p>Sobre Fonavis<\/p>\n<p>El programa Fonavis, busca promover la implementaci\u00f3n de proyectos de construcci\u00f3n de viviendas sociales, de igual forma, implementar el programa viabilizando de forma continua y constante, la ejecuci\u00f3n de programas habitacionales dirigidos a los sectores de pobreza y pobreza extrema. Fomentando de esta manera, la ejecuci\u00f3n de proyectos de ayuda mutua y autoayuda a trav\u00e9s del sistema cooperativo o grupos organizados.<\/p>\n<p>Cabe mencionar que a la fecha, no se reciben nuevas solicitudes para subsidios. Actualmente se hallan en proceso evaluaciones sociales y t\u00e9cnicas correspondientes a las postulaciones recibidas anteriormente y dentro de los periodos establecidos por la reglamentaci\u00f3n del programa.<\/p>\n<\/p><\/div>\n<p>                <!-- tag_related --><\/p>\n<p>                <!-- fb:comment --><\/p>\n<p>                <!-- Lee Tambi&eacute;n by React --><\/p>\n<section class=\"carousel react-related-carousel\" url_title=\"unos-600-empleos-se-generaran-con-la-construccion-de-viviendas-en-canindeyu\"\/><\/div>\n<div id=\"article-2\">\n<header class=\"entry-heading\">\n<figure class=\"gallery react-gallery-carousel js-clickeable\" data-images=\"[{\" title=\"\" sector=\"\" de=\"\" las=\"\" agencias=\"\" viaje=\"\" y=\"\" turismo=\"\" ha=\"\" tenido=\"\" una=\"\" recuperaci=\"\" importante.=\"\" foto:=\"\" ilustrativa.=\"\" images_data=\"[{\"\/>\n<p class=\"lead--lg\">\n                        El sector de las agencias de viaje y turismo ha logrado una importante reactivaci\u00f3n luego de haber afrontado una etapa complicada a consecuencia de la variante \u00d3micron. La recuperaci\u00f3n estimada es del 70%.\n                    <\/p>\n<p>                    <!-- redes sociales --><\/p>\n<\/header>\n<p>                                <!-- entry body --><\/p>\n<div class=\"entry-text\">\n<p>Marta Chamorro, vicepresidenta de la Asociaci\u00f3n Paraguaya de Agencias de Viajes y Empresas de Turismo (ASATUR), manifest\u00f3 a la 650 AM que este sector atraves\u00f3 por un momento complicado entre diciembre y enero a ra\u00edz de la circulaci\u00f3n de la variante \u00d3micron, aunque luego la situaci\u00f3n fue mejorando a partir de febrero.<\/p>\n<p>\u201cHubo muchas cancelaciones y cambios de reservas, pero igual vimos que la gente se anim\u00f3 y se sigue animando, esto va a seguir\u201d, indic\u00f3.<\/p>\n<p>Un ejemplo de ello es la reserva de paquetes tur\u00edsticos para la Semana Santa, que ya est\u00e1n completamente vendidos, seg\u00fan afirm\u00f3.<\/p>\n<p>De igual manera, enfatiz\u00f3 la necesidad de aprender a convivir con el COVID-19 y respetar los protocolos sanitarios para continuar realizando cualquier tipo de actividades, lo cual tambi\u00e9n incluye la cuesti\u00f3n de los viajes.<\/p>\n<p>Chamorro estim\u00f3 que se ha logrado un 70% de recuperaci\u00f3n en el sector de viajes y turismo a nivel mundial.<\/p>\n<p>La intenci\u00f3n es que se logre una reactivaci\u00f3n plena en el a\u00f1o 2023, tal y como antes de la pandemia, puntualiz\u00f3 la representante de ASATUR.<\/p>\n<\/p><\/div>\n<p>                <!-- tag_related --><\/p>\n<p>                <!-- fb:comment --><\/p>\n<p>                <!-- Lee Tambi&eacute;n by React --><\/p>\n<section class=\"carousel react-related-carousel\" url_title=\"panorama-alentador-para-agencias-de-viaje-y-turismo-recuperacion-llega-al-70\"\/><\/div>\n<div id=\"article-3\">\n<header class=\"entry-heading\">\n<figure class=\"gallery react-gallery-carousel js-clickeable\" data-images=\"[{\" title=\"\" ilustrativa.=\"\" foto:=\"\" archivo.=\"\" images_data=\"[{\"\/>\n<p class=\"lead--lg\">\n                        La Polic\u00eda Municipal de Tr\u00e1nsito (PMT) de Asunci\u00f3n aplicar\u00e1 multa a los padres que estacionen en doble fila para bajar a sus hijos en escuelas y colegios p\u00fablicos o privados. No obstante, dan cierto tiempo de tolerancia para no obstruir el tr\u00e1nsito.\n                    <\/p>\n<p>                    <!-- redes sociales --><\/p>\n<\/header>\n<p>                                <!-- entry body --><\/p>\n<div class=\"entry-text\">\n<p>Luis Christ Jacobs, director de la PMT, confirm\u00f3 a la 800 AM que est\u00e1 prohibido estacionar en doble fila frente a los centros educativos de manera permanente, debido a que dificulta la circulaci\u00f3n vehicular. En ese sentido, indic\u00f3 que se despleg\u00f3 un operativo de control a fin de evitar este tipo de inconvenientes.<\/p>\n<p>\u201cEst\u00e1 prohibido quedarse de manera permanente, tendr\u00e1n que bajar a sus chicos y seguir adelante. Se debe tardar solo 10 segundos en bajar a los alumnos\u201d, explic\u00f3 Jacobs, se\u00f1alando que la ordenanza no aplica multa en caso de que los padres realicen la acci\u00f3n de descender a sus hijos y continuar el trayecto.<\/p>\n<p>A su vez, detall\u00f3 que los inspectores estar\u00e1n de cobertura en 40 instituciones educativas de la capital.<\/p>\n<p>\u201cEstamos cubriendo aquellos colegios que por lo general tienen mayor flujo de tr\u00e1fico, donde la congesti\u00f3n dura entre las 06:30 y las 07:15 de la ma\u00f1ana. Queremos agilizar y ordenar lo mejor que se pueda, porque la mayor\u00eda de estas instituciones est\u00e1n ubicadas en sitios de mucho tr\u00e1fico\u201d, afirm\u00f3.<\/p>\n<p>Finalmente, reiter\u00f3 que los padres que se estacionen de forma permanente ser\u00e1n multados, no as\u00ed los que bajen a los chicos en el tiempo de tolerancia establecido.<\/p>\n<\/p><\/div>\n<p>                <!-- tag_related --><\/p>\n<p>                <!-- fb:comment --><\/p>\n<p>                <!-- Lee Tambi&eacute;n by React --><\/p>\n<section class=\"carousel react-related-carousel\" url_title=\"padres-tienen-10-segundos-para-bajar-a-sus-hijos-frente-al-colegio-o-seran-multados\"\/><\/div>\n<p><script>\n\t  (function(d, s, id) {\n\t  var js, fjs = d.getElementsByTagName(s)[0];\n\t  if (d.getElementById(id)) return;\n\t  js = d.createElement(s); js.id = id;\n\t  js.src = \"\/\/connect.facebook.net\/es_ES\/all.js#xfbml=1&version=v10.0&appId=297039333981256\";\n\t  fjs.parentNode.insertBefore(js, fjs);\n\t  }(doc, 'script', 'facebook-jssdk'));\n\t\t\/\/ appId=272951452818756\n\t<\/script><br \/>\n<br \/><\/p>\n<p><em> &#8221; Fuentes www.hoy.com.py &#8221; <\/em><\/p>\n","protected":false},"excerpt":{"rendered":"<p>Presuntas v\u00edctimas de estafa del esquema Mocipar expresaron sus inquietudes en un grupo cerrado de Facebook, donde instaron a manifestarse. V\u00eda Whatsapp fueron notificadas de una imputaci\u00f3n y convocadas ante el Juzgado. De no presentarse, ser\u00e1n declaradas en rebeld\u00eda. El abogado Gustavo Franco, representante de v\u00edctimas de estafa, inform\u00f3 que la empresa Auto F\u00e1cil, cuya [&hellip;]<\/p>\n","protected":false},"author":4,"featured_media":276839,"comment_status":"open","ping_status":"closed","sticky":false,"template":"","format":"standard","meta":{"om_disable_all_campaigns":false,"jnews-multi-image_gallery":[],"jnews_single_post":[],"jnews_primary_category":[],"jnews_social_meta":[],"footnotes":""},"categories":[40],"tags":[41099,9174,41100,41101],"class_list":["post-276838","post","type-post","status-publish","format-standard","has-post-thumbnail","hentry","category-industria","tag-auto-facil","tag-estafa","tag-intuicion-femenina","tag-mocipar"],"_links":{"self":[{"href":"https:\/\/dimensionturistica.com\/es\/wp-json\/wp\/v2\/posts\/276838","targetHints":{"allow":["GET"]}}],"collection":[{"href":"https:\/\/dimensionturistica.com\/es\/wp-json\/wp\/v2\/posts"}],"about":[{"href":"https:\/\/dimensionturistica.com\/es\/wp-json\/wp\/v2\/types\/post"}],"author":[{"embeddable":true,"href":"https:\/\/dimensionturistica.com\/es\/wp-json\/wp\/v2\/users\/4"}],"replies":[{"embeddable":true,"href":"https:\/\/dimensionturistica.com\/es\/wp-json\/wp\/v2\/comments?post=276838"}],"version-history":[{"count":0,"href":"https:\/\/dimensionturistica.com\/es\/wp-json\/wp\/v2\/posts\/276838\/revisions"}],"wp:featuredmedia":[{"embeddable":true,"href":"https:\/\/dimensionturistica.com\/es\/wp-json\/wp\/v2\/media\/276839"}],"wp:attachment":[{"href":"https:\/\/dimensionturistica.com\/es\/wp-json\/wp\/v2\/media?parent=276838"}],"wp:term":[{"taxonomy":"category","embeddable":true,"href":"https:\/\/dimensionturistica.com\/es\/wp-json\/wp\/v2\/categories?post=276838"},{"taxonomy":"post_tag","embeddable":true,"href":"https:\/\/dimensionturistica.com\/es\/wp-json\/wp\/v2\/tags?post=276838"}],"curies":[{"name":"wp","href":"https:\/\/api.w.org\/{rel}","templated":true}]}}