{"id":276612,"date":"2022-02-20T22:40:26","date_gmt":"2022-02-20T22:40:26","guid":{"rendered":"https:\/\/dimensionturistica.com\/es\/?p=276612"},"modified":"2022-02-20T22:40:26","modified_gmt":"2022-02-20T22:40:26","slug":"cerealto-siro-foods-abre-la-puerta-a-la-francesa-biscuit-internacional-economia-edicion-castilla-y-leon","status":"publish","type":"post","link":"https:\/\/dimensionturistica.com\/es\/cerealto-siro-foods-abre-la-puerta-a-la-francesa-biscuit-internacional-economia-edicion-castilla-y-leon\/","title":{"rendered":"Cerealto Siro Foods abre la puerta a la francesa Biscuit Internacional | Econom\u00eda | Edici\u00f3n Castilla y Le\u00f3n"},"content":{"rendered":"<p> <br \/>\n<\/p>\n<div id=\"div_texto\" itemprop=\"articleBody\">\n<p>La firma francesa Biscuit Internacional entrar\u00e1 en el accionariado de Cerealto Siro Meals, la multinacional del sector de la alimentaci\u00f3n con sede en el municipio palentino de Venta de Ba\u00f1os que pasa por una delicada situaci\u00f3n econ\u00f3mica, con una deuda de 299 millones, y estaba buscando un socio inversor.<\/p>\n<p>\nAs\u00ed se lo ha comunicado la jefa de Relaciones Laborales de Cerealto Siro Meals a los comit\u00e9s de empresa de las f\u00e1bricas que la firma tiene en Venta de Ba\u00f1os y Aguilar de Campoo, en Palencia, y en Toro (Zamora) durante la reuni\u00f3n que han mantenido este mi\u00e9rcoles por videoconferencia.<\/p>\n<p>\nSeg\u00fan ha explicado a EFE Alfredo Alonso, presidente del Comit\u00e9 de Empresa de la f\u00e1brica de Aguilar de Campoo, la direcci\u00f3n de Cerealto Siro les ha comunicado que Biscuit Internacional va a entrar a formar parte del accionariado de la compa\u00f1\u00eda, aunque no ha concretado en qu\u00e9 porcentaje.<\/p>\n<p>\n&#8220;Nos han dicho que Biscuit Internacional tiene la intenci\u00f3n de hacerse cargo de una parte de la empresa, pero no sabemos en que medida&#8221;, ha explicado Alonso, que ha traslado &#8220;el alivio&#8221; de las plantillas al saber &#8220;que va a venir alguien a poner dinero donde hace falta&#8221;.<\/p>\n<p>\nEl acuerdo a\u00fan no est\u00e1 cerrado, ya que seg\u00fan les han informado este mi\u00e9rcoles, Biscuit Internacional ha contratado una auditor\u00eda externa para que, en los pr\u00f3ximos dos meses, monitorice las cuentas y verifique la situaci\u00f3n econ\u00f3mica actual de Cerealto Siro.<\/p>\n<p>\nSin embargo Cerealto Siro ha traslado a los trabajadores que no contempla otro socio inversor, ni la posibilidad de que la firma francesa se eche para atr\u00e1s, ya que aseguran que han sido transparentes en todo el proceso y el inversor ya conoce su situaci\u00f3n, por lo que la auditor\u00eda no tiene por qu\u00e9 dar al traste con la venta.<\/p>\n<p>\n&#8220;Nos han dicho que no contemplan la posibilidad de que no sea Biscuit Internacional porque las cuentas son p\u00fablicas&#8221;, ha se\u00f1alado Alonso que tambi\u00e9n ha precisado que Cerealto Siro habla de &#8220;venta pero no saben o no nos quieren decir de qu\u00e9 porcentaje de empresa se van a desprender&#8221; aunque s\u00ed les han trasmitido que no se va a vender por partes.<\/p>\n<p>\nDe esta forma, lo que falta por saber es el porcentaje de empresa que adquirir\u00e1 Biscuit Internacional, si ser\u00e1 el inversor mayoritario, y por tanto el que tome las decisiones, o no, algo basic para los trabajadores, a los que se ha vuelto a recalcar que &#8220;todo pasa por aplicar el plan de competitividad&#8221; que han rechazado en todo momento.<\/p>\n<p>\n&#8220;Nos negamos rotundamente a negociar en ese marco, no vale cualquier empleo, tiene que ser un empleo que no sea precario&#8221;, han insistido.<\/p>\n<p>\nLa francesa Biscuits Internacional es propiedad del fondo de capital riesgo Platinum Fairness y uno de los principales fabricantes europeos de galletas de marca blanca. Adem\u00e1s el pasado mes de octubre lleg\u00f3 a un acuerdo para adquirir Continental Bakeries.EFE<\/p>\n<p>\n1010336<\/p>\n<p>\naaf\/orv<\/p>\n<\/div>\n\n<p><em> \u2018 The preceding article may include information circulated by third parties \u2019 <\/em><\/p>\n<p><em> \u2018 Some details of this article were extracted from the following source www.efe.com \u2019 <\/em><\/p>\n","protected":false},"excerpt":{"rendered":"<p>La firma francesa Biscuit Internacional entrar\u00e1 en el accionariado de Cerealto Siro Meals, la multinacional del sector de la alimentaci\u00f3n con sede en el municipio palentino de Venta de Ba\u00f1os que pasa por una delicada situaci\u00f3n econ\u00f3mica, con una deuda de 299 millones, y estaba buscando un socio inversor. As\u00ed se lo ha comunicado la [&hellip;]<\/p>\n","protected":false},"author":2,"featured_media":276613,"comment_status":"open","ping_status":"closed","sticky":false,"template":"","format":"standard","meta":{"om_disable_all_campaigns":false,"jnews-multi-image_gallery":[],"jnews_single_post":[],"jnews_primary_category":[],"jnews_social_meta":[],"footnotes":""},"categories":[43],"tags":[],"class_list":["post-276612","post","type-post","status-publish","format-standard","has-post-thumbnail","hentry","category-gourmet"],"_links":{"self":[{"href":"https:\/\/dimensionturistica.com\/es\/wp-json\/wp\/v2\/posts\/276612","targetHints":{"allow":["GET"]}}],"collection":[{"href":"https:\/\/dimensionturistica.com\/es\/wp-json\/wp\/v2\/posts"}],"about":[{"href":"https:\/\/dimensionturistica.com\/es\/wp-json\/wp\/v2\/types\/post"}],"author":[{"embeddable":true,"href":"https:\/\/dimensionturistica.com\/es\/wp-json\/wp\/v2\/users\/2"}],"replies":[{"embeddable":true,"href":"https:\/\/dimensionturistica.com\/es\/wp-json\/wp\/v2\/comments?post=276612"}],"version-history":[{"count":0,"href":"https:\/\/dimensionturistica.com\/es\/wp-json\/wp\/v2\/posts\/276612\/revisions"}],"wp:featuredmedia":[{"embeddable":true,"href":"https:\/\/dimensionturistica.com\/es\/wp-json\/wp\/v2\/media\/276613"}],"wp:attachment":[{"href":"https:\/\/dimensionturistica.com\/es\/wp-json\/wp\/v2\/media?parent=276612"}],"wp:term":[{"taxonomy":"category","embeddable":true,"href":"https:\/\/dimensionturistica.com\/es\/wp-json\/wp\/v2\/categories?post=276612"},{"taxonomy":"post_tag","embeddable":true,"href":"https:\/\/dimensionturistica.com\/es\/wp-json\/wp\/v2\/tags?post=276612"}],"curies":[{"name":"wp","href":"https:\/\/api.w.org\/{rel}","templated":true}]}}