{"id":276571,"date":"2022-02-20T18:14:52","date_gmt":"2022-02-20T18:14:52","guid":{"rendered":"https:\/\/dimensionturistica.com\/es\/?p=276571"},"modified":"2022-02-20T18:14:54","modified_gmt":"2022-02-20T18:14:54","slug":"alvaro-de-marichalar-reanuda-vuelta-al-mundo","status":"publish","type":"post","link":"https:\/\/dimensionturistica.com\/es\/alvaro-de-marichalar-reanuda-vuelta-al-mundo\/","title":{"rendered":"\u00c1lvaro de Marichalar reanuda vuelta al mundo"},"content":{"rendered":"<p> <br \/>\n<\/p>\n<div>\n<p>Miami.- <strong>El navegante espa\u00f1ol \u00c1lvaro de Marichalar<\/strong> reanud\u00f3 este s\u00e1bado desde <a rel=\"nofollow noopener\" target=\"_blank\" href=\"https:\/\/www.debate.com.mx\/seccion\/viajes\/\">Miami <\/a><strong>la vuelta al mundo<\/strong> que inici\u00f3 en 2019 a bordo de la &#8220;Numancia&#8221;, <strong>una moto acu\u00e1tica<\/strong> de poco m\u00e1s de tres metros de eslora, el <strong>&#8220;transatl\u00e1ntico m\u00e1s peque\u00f1o del mundo&#8221;<\/strong>.<\/p>\n<p><strong>El aventurero<\/strong>, que debi\u00f3 interrumpir su traves\u00eda en marzo de 2020 en<strong> Miami <\/strong>debido a la pandemia y emple\u00f3 estos 23 meses para dar conferencias por el mundo acerca de la primera circunnavegaci\u00f3n de la tierra, de cuyo inicio se cumplieron 500 a\u00f1os en 1519, parti\u00f3 del <strong>Yatch Membership de Miami <\/strong>sin barco de apoyo y as\u00ed har\u00e1 todo su viaje.<\/p>\n<p>&#8220;No tengo dinero para<strong> el barco<\/strong> de apoyo, es peligroso, pero prefiero arriesgarme a dejar inconcluso el viaje&#8221;, dijo a Efe rodeado de los amigos de distintas nacionalidades que lo despidieron.<\/p>\n<p>Leer m\u00e1s:\u00a0<a rel=\"nofollow noopener\" target=\"_blank\" href=\"https:\/\/www.debate.com.mx\/mundo\/IMPRESIONANTE.-Video-muestra-momento-exacto-en-que-helicoptero-se-estrella-en-plena-playa-de-Miami-Beach-llena-de-banistas-20220219-0166.html\">Video muestra momento exacto en que helic\u00f3ptero se estrella en plena playa de Miami Beach llena de ba\u00f1istas<\/a><\/p>\n<p>En la primera fase de la vuelta, Marichalar, que tiene ahora 60 a\u00f1os, <strong>recorri\u00f3 puertos europeos y cruz\u00f3 el Atl\u00e1ntico<\/strong> ayudado por un barco franc\u00e9s.<\/p>\n<p>Toc\u00f3 tierra en Guadalupe, en las Antillas Francesas, y tras recorrer las otras islas del Caribe lleg\u00f3 a <strong>Miami<\/strong> en pleno estallido de la pandemia de covid-19 y se vio obligado a dejar la &#8220;Numancia&#8221; fuera del agua durante casi dos a\u00f1os.<\/p>\n<p>Ahora le espera por delante un largo y peligroso viaje que le llevar\u00e1 en primer lugar por la costa oeste de <strong>Florida<\/strong> hasta Pensacola, fundada por un antepasado suyo, Trist\u00e1n de Luna, en 1559.<\/p>\n<p>Es la primera ciudad fundada por los espa\u00f1oles en lo que hoy es <strong>Estados Unidos<\/strong>, aunque San Agust\u00edn, tambi\u00e9n en <strong>Florida<\/strong> pero en la costa atl\u00e1ntica, es considerada la m\u00e1s antigua, pues Pensacola fue destruida por un potente hurac\u00e1n y hubo que refundarla en 1698.<\/p>\n<h2>Comuni\u00f3n en el muelle<\/h2>\n<p>Antes de partir,<strong> \u00c1lvaro de Marichalar <\/strong>recibi\u00f3 la visita de un pastor presbiteriano, el brasile\u00f1o Felipe Assis, quien ejerce su ministerio en un templo vecino al membership, y le administr\u00f3 la comuni\u00f3n, le bendijo y aplic\u00f3 oleos sagrados en su frente y en la Numancia.<\/p>\n<p>Assis, que dijo a Efe que el Dios de los presbiteranos y los cat\u00f3licos como <strong>Marichalar <\/strong>es el mismo y el ritual tiene el mismo efecto, le hizo prometer al navegante que le enviar\u00e1 una fotograf\u00eda de cada lugar que visite.<\/p>\n<p>Si <strong>Marichalar<\/strong> cumple, el pastor tendr\u00e1 que preocuparse por la memoria de su tel\u00e9fono celular.<\/p>\n<p>De Pensacola ir\u00e1 bordeando la costa estadounidense del <strong>Golfo de M\u00e9xico hasta Texas<\/strong>, de ah\u00ed la de M\u00e9xico, seguir\u00e1 por Belice, Guatemala, Honduras, Nicaragua y Costa Rica hasta llegar a Panam\u00e1, donde cruzar\u00e1 por el canal hasta el Pac\u00edfico.<\/p>\n<p>Despu\u00e9s navegar\u00e1 hacia el norte la costa oeste de<strong> Estados Unidos hasta Alaska <\/strong>y cruzar\u00e1 el estrecho de Bering hasta Rusia y luego las Islas Aleutianas y Kuriles, Jap\u00f3n, Filipinas y el sudeste asi\u00e1tico.<\/p>\n<p>Bordear\u00e1 despu\u00e9s la Pen\u00ednsula Ar\u00e1biga y entrar\u00e1 al Mar Rojo para cruzar por el Canal de Suez al Mediterr\u00e1neo y de all\u00ed, tras tocar en varios puertos, <strong>arribar\u00e1 a Espa\u00f1a.<\/strong><\/p>\n<div>\n<figure class=\"image\"> <amp-img layout=\"responsive\" src=\"https:\/\/www.debate.com.mx\/__export\/1645376818953\/sites\/debate\/img\/2022\/02\/20\/thumbnail_x2x.jpg_406901479.jpg\" width=\"640\" height=\"448\" class=\"i-amphtml-layout-responsive i-amphtml-layout-size-defined\" i-amphtml-layout=\"responsive\"><i-amphtml-sizer style=\"display:block;padding-top:70%\"\/><\/amp-img><figcaption> El navegante espa\u00f1ol \u00c1lvaro de Marichalar. Foto: EFE <\/figcaption><\/figure>\n<\/p><\/div>\n<h2>Falta de apoyo y el miedo al mundo<\/h2>\n<p>&#8220;Tengo todo el miedo del mundo&#8221;, dijo cuando minutos antes de partir, Efe le pregunt\u00f3 por su \u00e1nimo al iniciar este viaje que espera terminar bien entrado 2023.<\/p>\n<p>Su mec\u00e1nico, Roger Santamar\u00eda, un bilba\u00edno que reside en Marbella,<strong> viaj\u00f3 hasta Miami<\/strong> para poner a punto la embarcaci\u00f3n y tambi\u00e9n le despidi\u00f3 en el muelle.<\/p>\n<p>La &#8220;Numancia&#8221;, una Bombardier con un motor complementario, lo que le da una autonom\u00eda de unas 250 millas, lleva inscrito en la parte de babor &#8220;!!Viva Espa\u00f1a!!&#8221; y en estribor &#8220;Vuelta al mundo 2019&#8221;.<\/p>\n<p><strong>La moto est\u00e1 llena de pegatinas e insignias de los patrocinadores<\/strong> de este nuevo reto de un navegante aventurero con 40 a\u00f1os de trayectoria y varios r\u00e9cords mundiales.<\/p>\n<p>Sorprendentemente ninguno de los patrocinadores es espa\u00f1ol, algo que <strong>Marichalar <\/strong>confes\u00f3 que le duele.<\/p>\n<p>Hay una cruz de Malta, una pegatina de una empresa japonesa de cosm\u00e9tica, las iniciales del Yatch Membership de M\u00f3naco, un emblem de la Sociedad Geogr\u00e1fica Rusa y un pegatina que cube &#8220;No finning&#8221; junto a una aleta de tibur\u00f3n como manera de alertar sobre el peligro que supone para la supervivencia de los escualos el corte de sus aletas.<\/p>\n<p>Como <strong>homenaje a su tierra natal, Navarra, <\/strong>en el norte de Espa\u00f1a, llevaba el escudo foral al dorso de la camiseta azul con la que inici\u00f3 este viaje.<\/p>\n<h2>Me ha pasado de todo<\/h2>\n<p>Antes de partir, <strong>Marichalar <\/strong>habl\u00f3 de las manchas de basura y pl\u00e1sticos que encuentra en los oc\u00e9anos y de la pesca ilegal, de la necesidad de mostrar con orgullo los logros de Espa\u00f1a como la vuelta al mundo de Magallaes y Elcano -&#8220;si no lo hacemos nosotros nadie lo va a hacer&#8221;- y de mantener la esperanza y un esp\u00edritu positivo.<\/p>\n<p>No le gusta hablar de los muchos percances que ha tenido en estos viajes. &#8220;Me ha pasado de todo&#8221;, dijo cuando Efe le pregunt\u00f3.<\/p>\n<p>Su meta para el pr\u00f3ximo a\u00f1o y medio de su vida es navegar un promedio de 100 millas diarias y cumplir con su prop\u00f3sito de emular la misi\u00f3n que la Corona de Espa\u00f1a encomend\u00f3 al portugu\u00e9s Fernando de Magallanes y concluy\u00f3 el espa\u00f1ol Juan Sebasti\u00e1n Elcano.<\/p>\n<p>Aunque lleva casi dos a\u00f1os sin pisar Espa\u00f1a, Marichalar muestra que est\u00e1 al tanto de lo que sucede en su pa\u00eds.<\/p>\n<p>Leer m\u00e1s:\u00a0<a rel=\"nofollow noopener\" target=\"_blank\" href=\"https:\/\/www.debate.com.mx\/viajes\/FOTOS-Se-congelan-Asi-lucen-las-espectaculares-Cataratas-del-Niagara-20220219-0141.html\">FOTOS: \u00a1Se congelan! As\u00ed lucen las espectaculares Cataratas del Ni\u00e1gara<\/a><\/p>\n<p>En sus declaraciones a Efe, dedic\u00f3 esta segunda fase de la vuelta al mundo a la presidenta de la Comunidad de Madrid, Isabel Ayuso, que est\u00e1 inmersa en una disaster por una investigaci\u00f3n iniciada por su propio partido, el Partido Common, acerca de un negocio de compra de mascarillas del que supuestamente de benefici\u00f3 su hermano.\u00a0<\/p>\n<div class=\"ck-video-player\"> <amp-iframe width=\"640\" height=\"360\" sandbox=\"allow-scripts allow-same-origin allow-presentation\" allowfullscreen=\"\" frameborder=\"0\" layout=\"responsive\" src=\"https:\/\/iframe.debate.com.mx\/ajax\/get_share_video.html?id=\/videos\/video-flash\/2022\/02\/19\/pcxwck-6yqxjmoa6.mp4\" class=\"i-amphtml-layout-responsive i-amphtml-layout-size-defined\" i-amphtml-layout=\"responsive\"><i-amphtml-sizer style=\"display:block;padding-top:56.25%\"\/> <amp-img src=\"https:\/\/www.debate.com.mx\/img\/2022\/02\/19\/helicoptero_1_crop1645306226109.jpg\" layout=\"fill\" placeholder=\"\" class=\"i-amphtml-layout-fill i-amphtml-layout-size-defined\" i-amphtml-layout=\"fill\"\/> <\/amp-iframe><figcaption> Helic\u00f3ptero se estrella en plena playa de Miami Seaside llena de ba\u00f1istas <\/figcaption><\/div>\n<\/div>\n\n<p><em> &#8221; Fuentes www.debate.com.mx &#8221; <\/em><\/p>\n","protected":false},"excerpt":{"rendered":"<p>Miami.- El navegante espa\u00f1ol \u00c1lvaro de Marichalar reanud\u00f3 este s\u00e1bado desde Miami la vuelta al mundo que inici\u00f3 en 2019 a bordo de la &#8220;Numancia&#8221;, una moto acu\u00e1tica de poco m\u00e1s de tres metros de eslora, el &#8220;transatl\u00e1ntico m\u00e1s peque\u00f1o del mundo&#8221;. El aventurero, que debi\u00f3 interrumpir su traves\u00eda en marzo de 2020 en Miami [&hellip;]<\/p>\n","protected":false},"author":4,"featured_media":276572,"comment_status":"open","ping_status":"closed","sticky":false,"template":"","format":"standard","meta":{"om_disable_all_campaigns":false,"jnews-multi-image_gallery":[],"jnews_single_post":[],"jnews_primary_category":[],"jnews_social_meta":[],"footnotes":""},"categories":[39],"tags":[545],"class_list":["post-276571","post","type-post","status-publish","format-standard","has-post-thumbnail","hentry","category-viajes","tag-viajes"],"_links":{"self":[{"href":"https:\/\/dimensionturistica.com\/es\/wp-json\/wp\/v2\/posts\/276571","targetHints":{"allow":["GET"]}}],"collection":[{"href":"https:\/\/dimensionturistica.com\/es\/wp-json\/wp\/v2\/posts"}],"about":[{"href":"https:\/\/dimensionturistica.com\/es\/wp-json\/wp\/v2\/types\/post"}],"author":[{"embeddable":true,"href":"https:\/\/dimensionturistica.com\/es\/wp-json\/wp\/v2\/users\/4"}],"replies":[{"embeddable":true,"href":"https:\/\/dimensionturistica.com\/es\/wp-json\/wp\/v2\/comments?post=276571"}],"version-history":[{"count":0,"href":"https:\/\/dimensionturistica.com\/es\/wp-json\/wp\/v2\/posts\/276571\/revisions"}],"wp:featuredmedia":[{"embeddable":true,"href":"https:\/\/dimensionturistica.com\/es\/wp-json\/wp\/v2\/media\/276572"}],"wp:attachment":[{"href":"https:\/\/dimensionturistica.com\/es\/wp-json\/wp\/v2\/media?parent=276571"}],"wp:term":[{"taxonomy":"category","embeddable":true,"href":"https:\/\/dimensionturistica.com\/es\/wp-json\/wp\/v2\/categories?post=276571"},{"taxonomy":"post_tag","embeddable":true,"href":"https:\/\/dimensionturistica.com\/es\/wp-json\/wp\/v2\/tags?post=276571"}],"curies":[{"name":"wp","href":"https:\/\/api.w.org\/{rel}","templated":true}]}}