{"id":276034,"date":"2022-02-18T20:41:18","date_gmt":"2022-02-18T20:41:18","guid":{"rendered":"https:\/\/dimensionturistica.com\/es\/?p=276034"},"modified":"2022-02-18T20:41:18","modified_gmt":"2022-02-18T20:41:18","slug":"industria-turistica-hace-un-duro-balance-de-actual-temporada","status":"publish","type":"post","link":"https:\/\/dimensionturistica.com\/es\/industria-turistica-hace-un-duro-balance-de-actual-temporada\/","title":{"rendered":"Industria tur\u00edstica hace un duro balance de actual temporada"},"content":{"rendered":"<p> <br \/>\n<\/p>\n<div>\n    <!-- Incluir libreria justo antes de <\/head> --><\/p>\n<p class=\"parao_u10fcb\"><span class=\"charo_ub701\">C<\/span><span class=\"charo_u6b\">uando estamos a mediados de febrero es un buen momento de hacer evaluaciones de la actividad tur\u00edstica regional <\/span><\/p>\n<p class=\"parao_u10f01\"><span class=\"charo_u6b\">Y<br \/>\n las opiniones de los empresarios locales es que si bien las cosas han<br \/>\nido mejorando en medio de la pandemia, sobre todo por la mayor afluencia<br \/>\n de p\u00fablico nacional, todav\u00eda se est\u00e1 muy lejos de lo que ocurri\u00f3<br \/>\ndurante la \u00faltima temporada prepandemia.<\/span><\/p>\n<p class=\"parao_u10f01\"><span class=\"charo_u6b\">La<br \/>\n casi nula llegada de turistas internacionales, a ra\u00edz de las<br \/>\nrestricciones sanitarias impuestas por nuestro pa\u00eds es la mayor cr\u00edtica.<\/span><\/p>\n<p class=\"parao_u10ff0\"><b><span class=\"charo_u6b\">AustroChile<\/span><\/b><\/p>\n<p class=\"parao_u10f01\"><span class=\"charo_u6b\">Paola<br \/>\n Milosevic, presidenta de la C\u00e1mara de turismo Austro Chile, declar\u00f3 al<br \/>\nrespecto: \u201cComparada con la temporada pasada 2021, esta temporada 2022<br \/>\nva much\u00edsimo mejor. Tenemos muchos m\u00e1s visitantes, chilenos, tambi\u00e9n un<br \/>\npoco de extranjeros, sobre todo a los sectores que tienen m\u00e1s servicios,<br \/>\n como Punta Arenas y Puerto Natales. Hay zonas que siguen complicadas<br \/>\ncomo Torres del Paine o el sur de Tierra del Fuego, pero en algunas<br \/>\npartes no todo. Pero comparado con 2020 y como period antes, todav\u00eda<br \/>\nestamos muy lejos\u201d.<\/span><\/p>\n<p class=\"parao_u10f01\"><span class=\"charo_u6b\">Milosevic<br \/>\n indic\u00f3 que uno de los principales factores que ha golpeado son las<br \/>\nexcesivas restricciones sanitarias a la llegada de turistas extranjeros,<br \/>\n como por ejemplo, la homologaci\u00f3n de las vacunas que se ha convertido<br \/>\nen la gran barrera para la llegada de turistas internacionales. \u201cNo se<br \/>\nimaginan la cantidad de reservas que se han perdido en el sector<br \/>\ntur\u00edstico por culpa de este tr\u00e1mite que desalienta la llegada de<br \/>\nturistas\u201d.<\/span><\/p>\n<p class=\"parao_u10f01\"><span class=\"charo_u6b\">Consultada si habr\u00e1 temporada de invierno, Milosevic se excus\u00f3 de referirse a ello, \u201cpues a\u00fan hay demasiadas externalidades\u201d.<\/span><\/p>\n<p class=\"parao_u10ff0\"><b><span class=\"charo_u6b\">Torres del Paine <\/span><\/b><\/p>\n<p class=\"parao_u10f01\"><span class=\"charo_u6b\">A<br \/>\n su vez, el director ejecutivo de Reserva  Las Torres, Mauricio<br \/>\nKusanovic, agreg\u00f3: \u201cLa temporada es mejor que la anterior, naturalmente,<br \/>\n porque la base es muy mala. El a\u00f1o pasado estuvimos casi cerrados en la<br \/>\n mayor\u00eda de los servicios y si bien vemos bastantes chilenos, est\u00e1 lejos<br \/>\n de ser una temporada<\/span><span class=\"charo_u6b\" id=\"txsr_a:1:{s:4:&quot;trak&quot;;s:4:&quot;D_10&quot;;}\"><br \/>\n regular. Las dificultades que hay para viajar a Chile, comparado con<br \/>\notros destinos, hizo que el turista extranjero, pr\u00e1cticamente, no<br \/>\nviniese\u201d.<\/span><\/p>\n<p class=\"parao_u10f01\"><span class=\"charo_u6b\" id=\"txsr_a:1:{s:4:&quot;trak&quot;;s:4:&quot;D_10&quot;;}\">Valor\u00f3<br \/>\n el hecho que \u201clos chilenos han viajado m\u00e1s y todo lo que es refugio de<br \/>\nmonta\u00f1a, hemos visto que los chilenos se han animado a caminar hacia la<br \/>\nmonta\u00f1a\u201d.<\/span><\/p>\n<p class=\"parao_u10f01\"><span class=\"charo_u6b\" id=\"txsr_a:1:{s:4:&quot;trak&quot;;s:4:&quot;D_10&quot;;}\">Con<br \/>\n respecto a una eventual temporada invernal, dijo que lo m\u00e1s possible es<br \/>\n que los operadores \u201csean muy cautos con respecto a eso y se enfoquen en<br \/>\n la pr\u00f3xima temporada de verano\u201d.<\/span><\/p>\n<p class=\"parao_u10ff0\"><b><span class=\"charo_u6b\" id=\"txsr_a:1:{s:4:&quot;trak&quot;;s:4:&quot;D_10&quot;;}\">HYST<\/span><\/b><\/p>\n<p class=\"parao_u10f01\"><span class=\"charo_u6b\" id=\"txsr_a:1:{s:4:&quot;trak&quot;;s:4:&quot;D_10&quot;;}\">En<br \/>\n tanto, el gerente de la Asociaci\u00f3n de Hoteles y Servicios de Torres del<br \/>\n Paine, HYST, Crist\u00f3bal Ben\u00edtez, reconoci\u00f3 tambi\u00e9n una mejor\u00eda en medio<br \/>\nde la pandemia. Pero entreg\u00f3 algunas cifras que dan cuenta de la enorme<br \/>\ndi<\/span><span class=\"charo_u6b\">stancia que existe todav\u00eda entre la precise temporada y los per\u00edodos normales, previos a la llegada del Coronavirus.<\/span><\/p>\n<p class=\"parao_u10f01\"><span class=\"charo_u6b\" id=\"txsr_a:1:{s:4:&quot;trak&quot;;s:4:&quot;D_40&quot;;}\">\u201cDesde<br \/>\n septiembre a la fecha, el parque Torres del Paine ha recibido m\u00e1s de 73<br \/>\n mil personas, frente a las 260 mil personas de la temporada 2019 2020,<br \/>\nla \u00faltima <\/span><span class=\"charo_u6b\">temporada regular, una ca\u00edda del 72 por ciento\u201d. <\/span><\/p>\n<\/div>\n<p>\n    <strong>Ping\u00fcino Multimedia<\/strong> entrega este espacio a su p\u00fablico para la expresi\u00f3n private de opiniones y<br \/>\n    comentarios, apelando al respeto entre los usuarios y deslig\u00e1ndose por completo del contenido de los comentarios<br \/>\n    emitidos.\n<\/p>\n<p><script>\n    (function(d, s, id) {\n        var js, fjs = d.getElementsByTagName(s)[0];\n        if (d.getElementById(id)) return;\n        js = d.createElement(s);\n        js.id = id;\n        js.src = \"\/\/connect.facebook.net\/es_LA\/all.js#xfbml=1&appId=326707310733016\";\n        fjs.parentNode.insertBefore(js, fjs);\n    }(document, 'script', 'facebook-jssdk'));\n    <\/script><script async defer crossorigin=\"anonymous\"\n    src=\"https:\/\/connect.facebook.net\/es_LA\/sdk.js#xfbml=1&#038;version=v7.0&#038;appId=2981943065256750&#038;autoLogAppEvents=1\"\n    nonce=\"WHAxAL2H\"><\/script><br \/>\n<br \/><\/p>\n<p><em> &#8221; Fuentes elpinguino.com &#8221; <\/em><\/p>\n","protected":false},"excerpt":{"rendered":"<p>Cuando estamos a mediados de febrero es un buen momento de hacer evaluaciones de la actividad tur\u00edstica regional Y las opiniones de los empresarios locales es que si bien las cosas han ido mejorando en medio de la pandemia, sobre todo por la mayor afluencia de p\u00fablico nacional, todav\u00eda se est\u00e1 muy lejos de lo [&hellip;]<\/p>\n","protected":false},"author":4,"featured_media":276035,"comment_status":"open","ping_status":"closed","sticky":false,"template":"","format":"standard","meta":{"om_disable_all_campaigns":false,"jnews-multi-image_gallery":[],"jnews_single_post":[],"jnews_primary_category":[],"jnews_social_meta":[],"footnotes":""},"categories":[40],"tags":[1296],"class_list":["post-276034","post","type-post","status-publish","format-standard","has-post-thumbnail","hentry","category-industria","tag-industria-turistica"],"_links":{"self":[{"href":"https:\/\/dimensionturistica.com\/es\/wp-json\/wp\/v2\/posts\/276034","targetHints":{"allow":["GET"]}}],"collection":[{"href":"https:\/\/dimensionturistica.com\/es\/wp-json\/wp\/v2\/posts"}],"about":[{"href":"https:\/\/dimensionturistica.com\/es\/wp-json\/wp\/v2\/types\/post"}],"author":[{"embeddable":true,"href":"https:\/\/dimensionturistica.com\/es\/wp-json\/wp\/v2\/users\/4"}],"replies":[{"embeddable":true,"href":"https:\/\/dimensionturistica.com\/es\/wp-json\/wp\/v2\/comments?post=276034"}],"version-history":[{"count":0,"href":"https:\/\/dimensionturistica.com\/es\/wp-json\/wp\/v2\/posts\/276034\/revisions"}],"wp:featuredmedia":[{"embeddable":true,"href":"https:\/\/dimensionturistica.com\/es\/wp-json\/wp\/v2\/media\/276035"}],"wp:attachment":[{"href":"https:\/\/dimensionturistica.com\/es\/wp-json\/wp\/v2\/media?parent=276034"}],"wp:term":[{"taxonomy":"category","embeddable":true,"href":"https:\/\/dimensionturistica.com\/es\/wp-json\/wp\/v2\/categories?post=276034"},{"taxonomy":"post_tag","embeddable":true,"href":"https:\/\/dimensionturistica.com\/es\/wp-json\/wp\/v2\/tags?post=276034"}],"curies":[{"name":"wp","href":"https:\/\/api.w.org\/{rel}","templated":true}]}}